{"id":7589,"date":"2020-03-27T09:24:05","date_gmt":"2020-03-27T08:24:05","guid":{"rendered":"http:\/\/www.agroindustry.pl\/?p=7589"},"modified":"2020-03-27T09:25:59","modified_gmt":"2020-03-27T08:25:59","slug":"podatek-cukrowy-czy-sejm-poslucha-glosu-branzy","status":"publish","type":"post","link":"https:\/\/www.bikotech.pl\/index.php\/2020\/03\/27\/podatek-cukrowy-czy-sejm-poslucha-glosu-branzy\/","title":{"rendered":"Podatek cukrowy: czy Sejm pos\u0142ucha g\u0142osu bran\u017cy?"},"content":{"rendered":"<p>To ostatni moment dla pos\u0142\u00f3w na wycofanie si\u0119 z tej szkodliwej dla os\u0142abionej polskiej gospodarki ustawy &#8211; czytamy w pi\u015bmie przygotowanym przez Krajow\u0105 Uni\u0119 Producent\u00f3w Sok\u00f3w.<\/p>\n<div id=\"attachment_3994\" style=\"width: 310px\" class=\"wp-caption aligncenter\"><img loading=\"lazy\" decoding=\"async\" aria-describedby=\"caption-attachment-3994\" class=\"size-medium wp-image-3994\" src=\"http:\/\/www.bikotech.pl\/wp-content\/uploads\/2018\/05\/Julian-Pawlak-4-300x288.jpg\" alt=\"\" width=\"300\" height=\"288\" srcset=\"https:\/\/www.bikotech.pl\/wp-content\/uploads\/2018\/05\/Julian-Pawlak-4-300x288.jpg 300w, https:\/\/www.bikotech.pl\/wp-content\/uploads\/2018\/05\/Julian-Pawlak-4-768x737.jpg 768w, https:\/\/www.bikotech.pl\/wp-content\/uploads\/2018\/05\/Julian-Pawlak-4-1024x983.jpg 1024w, https:\/\/www.bikotech.pl\/wp-content\/uploads\/2018\/05\/Julian-Pawlak-4-150x144.jpg 150w\" sizes=\"auto, (max-width: 300px) 100vw, 300px\" \/><p id=\"caption-attachment-3994\" class=\"wp-caption-text\">Julian Pawlak: Zwracamy si\u0119 do pos\u0142\u00f3w o jednomy\u015blno\u015b\u0107 z senatorami, by w obliczu negatywnych skutk\u00f3w wywo\u0142anych \u015bwiatow\u0105 epidemi\u0105 koronawirusa, z jakimi dodatkowo mierz\u0105 si\u0119 dzi\u015b przedsi\u0119biorcy \u2013 wesprze\u0107 polskie rolnictwo i sadownictwo<\/p><\/div>\n<blockquote><p>Stowarzyszenie KUPS i organizacje reprezentuj\u0105ce sadownictwo oraz przetw\u00f3rstwo owoc\u00f3w i warzyw apeluj\u0105 do pos\u0142\u00f3w o zag\u0142osowanie za uchwa\u0142\u0105 Senatu o odrzuceniu ustawy w ca\u0142o\u015bci.<\/p><\/blockquote>\n<p><em>Zwracamy si\u0119 do pos\u0142\u00f3w o jednomy\u015blno\u015b\u0107 z senatorami, by w obliczu negatywnych skutk\u00f3w wywo\u0142anych \u015bwiatow\u0105 epidemi\u0105 koronawirusa, z jakimi dodatkowo mierz\u0105 si\u0119 dzi\u015b przedsi\u0119biorcy \u2013 wesprze\u0107 polskie rolnictwo i sadownictwo<\/em>\u00a0\u2013 m\u00f3wi\u00a0<strong>Julian Pawlak,<\/strong> prezes Stowarzyszenia Krajowa Unia Producent\u00f3w Sok\u00f3w. Odrzucenie ustawy przez Sejm, pozwoli przygotowa\u0107 regulacj\u0119, kt\u00f3rej celem b\u0119dzie rzeczywista, a nie postulowana promocja nawyk\u00f3w prozdrowotnych w\u015br\u00f3d konsument\u00f3w. Wa\u017cnym elementem tej regulacji powinno by\u0107 ca\u0142kowite wykluczenie z op\u0142aty warto\u015bciowych nektar\u00f3w i napoj\u00f3w z wysok\u0105 zawarto\u015bci\u0105 soku czy przecieru &#8211; podsumowuj\u0105 przedstawiciele organizacji.<\/p>\n<p><img loading=\"lazy\" decoding=\"async\" class=\"aligncenter size-full wp-image-2335\" src=\"http:\/\/www.bikotech.pl\/wp-content\/uploads\/2017\/03\/kups-logo.png\" alt=\"\" width=\"204\" height=\"140\" srcset=\"https:\/\/www.bikotech.pl\/wp-content\/uploads\/2017\/03\/kups-logo.png 204w, https:\/\/www.bikotech.pl\/wp-content\/uploads\/2017\/03\/kups-logo-150x103.png 150w\" sizes=\"auto, (max-width: 204px) 100vw, 204px\" \/><\/p>\n","protected":false},"excerpt":{"rendered":"<p>To ostatni moment dla pos\u0142\u00f3w na wycofanie si\u0119 z tej szkodliwej dla os\u0142abionej polskiej gospodarki ustawy &#8211; czytamy w pi\u015bmie przygotowanym przez Krajow\u0105 Uni\u0119 Producent\u00f3w Sok\u00f3w. Stowarzyszenie KUPS i organizacje reprezentuj\u0105ce sadownictwo oraz przetw\u00f3rstwo owoc\u00f3w i warzyw apeluj\u0105 do pos\u0142\u00f3w o zag\u0142osowanie za uchwa\u0142\u0105 Senatu o odrzuceniu ustawy w ca\u0142o\u015bci. Zwracamy si\u0119 do pos\u0142\u00f3w o [&hellip;]<\/p>\n","protected":false},"author":2,"featured_media":5440,"comment_status":"open","ping_status":"open","sticky":false,"template":"","format":"standard","meta":{"footnotes":""},"categories":[5,14,4,33],"tags":[],"class_list":["post-7589","post","type-post","status-publish","format-standard","has-post-thumbnail","hentry","category-napoje-nektary-wody-oraz-soki","category-wydarzenia","category-przetworstwo-owocow","category-rynek"],"yoast_head":"<!-- This site is optimized with the Yoast SEO plugin v20.2.1 - https:\/\/yoast.com\/wordpress\/plugins\/seo\/ -->\n<title>Podatek cukrowy: czy Sejm pos\u0142ucha g\u0142osu bran\u017cy? | bikotech.pl<\/title>\n<meta name=\"robots\" content=\"index, follow, max-snippet:-1, max-image-preview:large, max-video-preview:-1\" \/>\n<link rel=\"canonical\" href=\"https:\/\/www.bikotech.pl\/index.php\/2020\/03\/27\/podatek-cukrowy-czy-sejm-poslucha-glosu-branzy\/\" \/>\n<meta property=\"og:locale\" content=\"pl_PL\" \/>\n<meta property=\"og:type\" content=\"article\" \/>\n<meta property=\"og:title\" content=\"Podatek cukrowy: czy Sejm pos\u0142ucha g\u0142osu bran\u017cy? | bikotech.pl\" \/>\n<meta property=\"og:description\" content=\"To ostatni moment dla pos\u0142\u00f3w na wycofanie si\u0119 z tej szkodliwej dla os\u0142abionej polskiej gospodarki ustawy &#8211; czytamy w pi\u015bmie przygotowanym przez Krajow\u0105 Uni\u0119 Producent\u00f3w Sok\u00f3w. Stowarzyszenie KUPS i organizacje reprezentuj\u0105ce sadownictwo oraz przetw\u00f3rstwo owoc\u00f3w i warzyw apeluj\u0105 do pos\u0142\u00f3w o zag\u0142osowanie za uchwa\u0142\u0105 Senatu o odrzuceniu ustawy w ca\u0142o\u015bci. Zwracamy si\u0119 do pos\u0142\u00f3w o [&hellip;]\" \/>\n<meta property=\"og:url\" content=\"https:\/\/www.bikotech.pl\/index.php\/2020\/03\/27\/podatek-cukrowy-czy-sejm-poslucha-glosu-branzy\/\" \/>\n<meta property=\"og:site_name\" content=\"bikotech.pl\" \/>\n<meta property=\"article:published_time\" content=\"2020-03-27T08:24:05+00:00\" \/>\n<meta property=\"article:modified_time\" content=\"2020-03-27T08:25:59+00:00\" \/>\n<meta property=\"og:image\" content=\"https:\/\/www.bikotech.pl\/wp-content\/uploads\/2019\/05\/apple-close-up-water-drops-picjumbo-com.jpg\" \/>\n\t<meta property=\"og:image:width\" content=\"1024\" \/>\n\t<meta property=\"og:image:height\" content=\"683\" \/>\n\t<meta property=\"og:image:type\" content=\"image\/jpeg\" \/>\n<meta name=\"author\" content=\"Ola Wojnarowska\" \/>\n<meta name=\"twitter:card\" content=\"summary_large_image\" \/>\n<meta name=\"twitter:label1\" content=\"Napisane przez\" \/>\n\t<meta name=\"twitter:data1\" content=\"Ola Wojnarowska\" \/>\n\t<meta name=\"twitter:label2\" content=\"Szacowany czas czytania\" \/>\n\t<meta name=\"twitter:data2\" content=\"1 minuta\" \/>\n<script type=\"application\/ld+json\" class=\"yoast-schema-graph\">{\"@context\":\"https:\/\/schema.org\",\"@graph\":[{\"@type\":\"WebPage\",\"@id\":\"https:\/\/www.bikotech.pl\/index.php\/2020\/03\/27\/podatek-cukrowy-czy-sejm-poslucha-glosu-branzy\/\",\"url\":\"https:\/\/www.bikotech.pl\/index.php\/2020\/03\/27\/podatek-cukrowy-czy-sejm-poslucha-glosu-branzy\/\",\"name\":\"Podatek cukrowy: czy Sejm pos\u0142ucha g\u0142osu bran\u017cy? | bikotech.pl\",\"isPartOf\":{\"@id\":\"https:\/\/www.bikotech.pl\/#website\"},\"datePublished\":\"2020-03-27T08:24:05+00:00\",\"dateModified\":\"2020-03-27T08:25:59+00:00\",\"author\":{\"@id\":\"https:\/\/www.bikotech.pl\/#\/schema\/person\/a7613f8d8180fa66033a28be3f87db21\"},\"breadcrumb\":{\"@id\":\"https:\/\/www.bikotech.pl\/index.php\/2020\/03\/27\/podatek-cukrowy-czy-sejm-poslucha-glosu-branzy\/#breadcrumb\"},\"inLanguage\":\"pl-PL\",\"potentialAction\":[{\"@type\":\"ReadAction\",\"target\":[\"https:\/\/www.bikotech.pl\/index.php\/2020\/03\/27\/podatek-cukrowy-czy-sejm-poslucha-glosu-branzy\/\"]}]},{\"@type\":\"BreadcrumbList\",\"@id\":\"https:\/\/www.bikotech.pl\/index.php\/2020\/03\/27\/podatek-cukrowy-czy-sejm-poslucha-glosu-branzy\/#breadcrumb\",\"itemListElement\":[{\"@type\":\"ListItem\",\"position\":1,\"name\":\"Strona g\u0142\u00f3wna\",\"item\":\"https:\/\/www.bikotech.pl\/\"},{\"@type\":\"ListItem\",\"position\":2,\"name\":\"Podatek cukrowy: czy Sejm pos\u0142ucha g\u0142osu bran\u017cy?\"}]},{\"@type\":\"WebSite\",\"@id\":\"https:\/\/www.bikotech.pl\/#website\",\"url\":\"https:\/\/www.bikotech.pl\/\",\"name\":\"bikotech.pl\",\"description\":\"Innowacje, \u015brodowisko, technologie  - prosto i z sensem o przemy\u015ble spo\u017cywczym\",\"potentialAction\":[{\"@type\":\"SearchAction\",\"target\":{\"@type\":\"EntryPoint\",\"urlTemplate\":\"https:\/\/www.bikotech.pl\/?s={search_term_string}\"},\"query-input\":\"required name=search_term_string\"}],\"inLanguage\":\"pl-PL\"},{\"@type\":\"Person\",\"@id\":\"https:\/\/www.bikotech.pl\/#\/schema\/person\/a7613f8d8180fa66033a28be3f87db21\",\"name\":\"Ola Wojnarowska\",\"image\":{\"@type\":\"ImageObject\",\"inLanguage\":\"pl-PL\",\"@id\":\"https:\/\/www.bikotech.pl\/#\/schema\/person\/image\/\",\"url\":\"https:\/\/secure.gravatar.com\/avatar\/64d6402adc862d9de7f648ddc7bc25eaacda07271c0660d3fb3c5297d799c420?s=96&d=mm&r=g\",\"contentUrl\":\"https:\/\/secure.gravatar.com\/avatar\/64d6402adc862d9de7f648ddc7bc25eaacda07271c0660d3fb3c5297d799c420?s=96&d=mm&r=g\",\"caption\":\"Ola Wojnarowska\"},\"sameAs\":[\"http:\/\/bikotech.pl\"],\"url\":\"https:\/\/www.bikotech.pl\/index.php\/author\/ola\/\"}]}<\/script>\n<!-- \/ Yoast SEO plugin. -->","yoast_head_json":{"title":"Podatek cukrowy: czy Sejm pos\u0142ucha g\u0142osu bran\u017cy? | bikotech.pl","robots":{"index":"index","follow":"follow","max-snippet":"max-snippet:-1","max-image-preview":"max-image-preview:large","max-video-preview":"max-video-preview:-1"},"canonical":"https:\/\/www.bikotech.pl\/index.php\/2020\/03\/27\/podatek-cukrowy-czy-sejm-poslucha-glosu-branzy\/","og_locale":"pl_PL","og_type":"article","og_title":"Podatek cukrowy: czy Sejm pos\u0142ucha g\u0142osu bran\u017cy? | bikotech.pl","og_description":"To ostatni moment dla pos\u0142\u00f3w na wycofanie si\u0119 z tej szkodliwej dla os\u0142abionej polskiej gospodarki ustawy &#8211; czytamy w pi\u015bmie przygotowanym przez Krajow\u0105 Uni\u0119 Producent\u00f3w Sok\u00f3w. Stowarzyszenie KUPS i organizacje reprezentuj\u0105ce sadownictwo oraz przetw\u00f3rstwo owoc\u00f3w i warzyw apeluj\u0105 do pos\u0142\u00f3w o zag\u0142osowanie za uchwa\u0142\u0105 Senatu o odrzuceniu ustawy w ca\u0142o\u015bci. Zwracamy si\u0119 do pos\u0142\u00f3w o [&hellip;]","og_url":"https:\/\/www.bikotech.pl\/index.php\/2020\/03\/27\/podatek-cukrowy-czy-sejm-poslucha-glosu-branzy\/","og_site_name":"bikotech.pl","article_published_time":"2020-03-27T08:24:05+00:00","article_modified_time":"2020-03-27T08:25:59+00:00","og_image":[{"width":1024,"height":683,"url":"https:\/\/www.bikotech.pl\/wp-content\/uploads\/2019\/05\/apple-close-up-water-drops-picjumbo-com.jpg","type":"image\/jpeg"}],"author":"Ola Wojnarowska","twitter_card":"summary_large_image","twitter_misc":{"Napisane przez":"Ola Wojnarowska","Szacowany czas czytania":"1 minuta"},"schema":{"@context":"https:\/\/schema.org","@graph":[{"@type":"WebPage","@id":"https:\/\/www.bikotech.pl\/index.php\/2020\/03\/27\/podatek-cukrowy-czy-sejm-poslucha-glosu-branzy\/","url":"https:\/\/www.bikotech.pl\/index.php\/2020\/03\/27\/podatek-cukrowy-czy-sejm-poslucha-glosu-branzy\/","name":"Podatek cukrowy: czy Sejm pos\u0142ucha g\u0142osu bran\u017cy? | bikotech.pl","isPartOf":{"@id":"https:\/\/www.bikotech.pl\/#website"},"datePublished":"2020-03-27T08:24:05+00:00","dateModified":"2020-03-27T08:25:59+00:00","author":{"@id":"https:\/\/www.bikotech.pl\/#\/schema\/person\/a7613f8d8180fa66033a28be3f87db21"},"breadcrumb":{"@id":"https:\/\/www.bikotech.pl\/index.php\/2020\/03\/27\/podatek-cukrowy-czy-sejm-poslucha-glosu-branzy\/#breadcrumb"},"inLanguage":"pl-PL","potentialAction":[{"@type":"ReadAction","target":["https:\/\/www.bikotech.pl\/index.php\/2020\/03\/27\/podatek-cukrowy-czy-sejm-poslucha-glosu-branzy\/"]}]},{"@type":"BreadcrumbList","@id":"https:\/\/www.bikotech.pl\/index.php\/2020\/03\/27\/podatek-cukrowy-czy-sejm-poslucha-glosu-branzy\/#breadcrumb","itemListElement":[{"@type":"ListItem","position":1,"name":"Strona g\u0142\u00f3wna","item":"https:\/\/www.bikotech.pl\/"},{"@type":"ListItem","position":2,"name":"Podatek cukrowy: czy Sejm pos\u0142ucha g\u0142osu bran\u017cy?"}]},{"@type":"WebSite","@id":"https:\/\/www.bikotech.pl\/#website","url":"https:\/\/www.bikotech.pl\/","name":"bikotech.pl","description":"Innowacje, \u015brodowisko, technologie  - prosto i z sensem o przemy\u015ble spo\u017cywczym","potentialAction":[{"@type":"SearchAction","target":{"@type":"EntryPoint","urlTemplate":"https:\/\/www.bikotech.pl\/?s={search_term_string}"},"query-input":"required name=search_term_string"}],"inLanguage":"pl-PL"},{"@type":"Person","@id":"https:\/\/www.bikotech.pl\/#\/schema\/person\/a7613f8d8180fa66033a28be3f87db21","name":"Ola Wojnarowska","image":{"@type":"ImageObject","inLanguage":"pl-PL","@id":"https:\/\/www.bikotech.pl\/#\/schema\/person\/image\/","url":"https:\/\/secure.gravatar.com\/avatar\/64d6402adc862d9de7f648ddc7bc25eaacda07271c0660d3fb3c5297d799c420?s=96&d=mm&r=g","contentUrl":"https:\/\/secure.gravatar.com\/avatar\/64d6402adc862d9de7f648ddc7bc25eaacda07271c0660d3fb3c5297d799c420?s=96&d=mm&r=g","caption":"Ola Wojnarowska"},"sameAs":["http:\/\/bikotech.pl"],"url":"https:\/\/www.bikotech.pl\/index.php\/author\/ola\/"}]}},"_links":{"self":[{"href":"https:\/\/www.bikotech.pl\/index.php\/wp-json\/wp\/v2\/posts\/7589","targetHints":{"allow":["GET"]}}],"collection":[{"href":"https:\/\/www.bikotech.pl\/index.php\/wp-json\/wp\/v2\/posts"}],"about":[{"href":"https:\/\/www.bikotech.pl\/index.php\/wp-json\/wp\/v2\/types\/post"}],"author":[{"embeddable":true,"href":"https:\/\/www.bikotech.pl\/index.php\/wp-json\/wp\/v2\/users\/2"}],"replies":[{"embeddable":true,"href":"https:\/\/www.bikotech.pl\/index.php\/wp-json\/wp\/v2\/comments?post=7589"}],"version-history":[{"count":3,"href":"https:\/\/www.bikotech.pl\/index.php\/wp-json\/wp\/v2\/posts\/7589\/revisions"}],"predecessor-version":[{"id":7592,"href":"https:\/\/www.bikotech.pl\/index.php\/wp-json\/wp\/v2\/posts\/7589\/revisions\/7592"}],"wp:featuredmedia":[{"embeddable":true,"href":"https:\/\/www.bikotech.pl\/index.php\/wp-json\/wp\/v2\/media\/5440"}],"wp:attachment":[{"href":"https:\/\/www.bikotech.pl\/index.php\/wp-json\/wp\/v2\/media?parent=7589"}],"wp:term":[{"taxonomy":"category","embeddable":true,"href":"https:\/\/www.bikotech.pl\/index.php\/wp-json\/wp\/v2\/categories?post=7589"},{"taxonomy":"post_tag","embeddable":true,"href":"https:\/\/www.bikotech.pl\/index.php\/wp-json\/wp\/v2\/tags?post=7589"}],"curies":[{"name":"wp","href":"https:\/\/api.w.org\/{rel}","templated":true}]}}