{"id":7581,"date":"2020-03-26T12:02:18","date_gmt":"2020-03-26T11:02:18","guid":{"rendered":"http:\/\/www.agroindustry.pl\/?p=7581"},"modified":"2020-03-26T12:08:10","modified_gmt":"2020-03-26T11:08:10","slug":"wirus-a-sytuacja-w-sektorze-owocowo-warzywnym","status":"publish","type":"post","link":"https:\/\/www.bikotech.pl\/index.php\/2020\/03\/26\/wirus-a-sytuacja-w-sektorze-owocowo-warzywnym\/","title":{"rendered":"Wirus a sytuacja w sektorze owocowo-warzywnym"},"content":{"rendered":"<p>Pandemia koronawirusa ma znacz\u0105cy wp\u0142yw na polskie rolnictwo i sadownictwo. W jaki spos\u00f3b utrudniona sytuacja na granicach wp\u0142ywa na sektor owocowo \u2013 warzywny? Co z dost\u0119pno\u015bci\u0105 pracownik\u00f3w sezonowych na przysz\u0142e zbiory?<\/p>\n<p>Stowarzyszenie Polskich Dystrybutor\u00f3w Owoc\u00f3w i Warzyw Unia Owocowa uczestniczy\u0142o w przegl\u0105dzie sytuacji w Europie i na \u015bwiecie w sektorze produkcji, handlu i sprzeda\u017cy detalicznej \u015bwie\u017cych owoc\u00f3w i warzyw.<\/p>\n<h6>Wsparcie polskich rolnik\u00f3w<\/h6>\n<p>Celem wsparcia rolnik\u00f3w, w Polsce zezwolono na zniesienie sk\u0142adek KRUS na czas jednego kwarta\u0142u. Decyzja ta zosta\u0142a uargumentowana faktem, \u017ce rolnicy powinni uzyska\u0107 konieczn\u0105 pomoc, podobnie jak samozatrudnieni i mikroprzedsi\u0119biorcy, kt\u00f3rzy zostali zwolnieni z op\u0142at ZUS. Konieczny jest jednak dopracowany program pomocowy, kt\u00f3ry zmniejszy straty rolnik\u00f3w i sadownik\u00f3w. Zmianie uleg\u0142 r\u00f3wnie\u017c termin sk\u0142adania wniosk\u00f3w na dop\u0142aty w ramach wsp\u00f3lnej polityki rolnej. Zanim decyzja jednak zosta\u0142a podj\u0119ta, w wi\u0119kszo\u015bci kraj\u00f3w cz\u0142onkowskich nast\u0105pi\u0142 rozw\u00f3j epidemii \u2013 mieszka\u0144cy zobowi\u0105zani s\u0105 do pozostania w domach. Stwarza to nowe ograniczenia dla podmiot\u00f3w i jednostek ubiegaj\u0105cych si\u0119 o dop\u0142aty.<\/p>\n<h6>Pracownicy sezonowi<\/h6>\n<p>Kolejn\u0105, istotn\u0105 kwesti\u0105 dla Polski jest problem z pracownikami sezonowymi, g\u0142\u00f3wnie z Ukrainy. Na pocz\u0105tku, z racji najwcze\u015bniejszych zbior\u00f3w, stanowi\u0107 on b\u0119dzie najwi\u0119ksze utrudnienia dla sektora truskawek, malin, bor\u00f3wek i porzeczek. Jak podkre\u015bla Unia Owocowa, jab\u0142ka zbierane s\u0105 p\u00f3\u017aniej, lecz kwestia zapewnienia si\u0142y roboczej, kt\u00f3ra jest r\u00f3wnie\u017c zatrudniana do dzia\u0142alno\u015bci operacyjnej w grupach producenckich, jest dla naszego kraju priorytetem, by zminimalizowa\u0107 straty. Dost\u0119pno\u015b\u0107 pracownik\u00f3w sezonowych uzale\u017cniona jest od ekspansji koronawirusa, zamykania i przysz\u0142o\u015bciowego otwierania granic. Nale\u017cy umo\u017cliwi\u0107 pozostanie tym pracownikom, kt\u00f3rzy obecnie w Polsce jeszcze s\u0105 i chc\u0105 w niej pozosta\u0107, by na przysz\u0142e zbiory nie zabrak\u0142o r\u0105k do pracy. Problem jest szczeg\u00f3lnie istotny w przypadku zbior\u00f3w niezmechanizowanych, m.in. jab\u0142ek, gdzie pracy cz\u0142owieka nie mo\u017cemy zast\u0105pi\u0107 kombajnem.<br \/>\nKwarantanna, kt\u00f3rej poddani s\u0105 niekt\u00f3rzy pracownicy operacyjni, r\u00f3wnie\u017c mo\u017ce przeszkodzi\u0107 w codziennej, efektywnej pracy.<\/p>\n<div id=\"attachment_7585\" style=\"width: 310px\" class=\"wp-caption aligncenter\"><img loading=\"lazy\" decoding=\"async\" aria-describedby=\"caption-attachment-7585\" class=\"size-medium wp-image-7585\" src=\"http:\/\/www.bikotech.pl\/wp-content\/uploads\/2020\/03\/apple-300x286.jpg\" alt=\"\" width=\"300\" height=\"286\" srcset=\"https:\/\/www.bikotech.pl\/wp-content\/uploads\/2020\/03\/apple-300x286.jpg 300w, https:\/\/www.bikotech.pl\/wp-content\/uploads\/2020\/03\/apple-768x731.jpg 768w, https:\/\/www.bikotech.pl\/wp-content\/uploads\/2020\/03\/apple-150x143.jpg 150w, https:\/\/www.bikotech.pl\/wp-content\/uploads\/2020\/03\/apple.jpg 807w\" sizes=\"auto, (max-width: 300px) 100vw, 300px\" \/><p id=\"caption-attachment-7585\" class=\"wp-caption-text\">W przypadku zbior\u00f3w niezmechanizowanych, m.in. jab\u0142ek deserowych, pracy cz\u0142owieka nie mo\u017cemy zast\u0105pi\u0107 kombajnem.<\/p><\/div>\n<h6>Sytuacja na granicach<\/h6>\n<p>Pojawiaj\u0105 si\u0119 r\u00f3wnie\u017c utrudnienia na granicach kraju, kt\u00f3re ca\u0142y czas mog\u0105 ulega\u0107 nieprzewidywalnym zmianom. Kontrole graniczne w zakresie kontroli dokument\u00f3w, kontroli wizualnych i fizycznych uleg\u0142y znacznemu spowolnieniu, co mo\u017ce mie\u0107 negatywny wp\u0142yw na jako\u015b\u0107 importowanych owoc\u00f3w. Komisja Europejska uruchomi\u0142a stron\u0119, poprzez kt\u00f3r\u0105 mo\u017cna monitorowa\u0107 sytuacj\u0119 na granicach, r\u00f3wnie\u017c polskich: https:\/\/ec.europa.eu\/transport\/coronavirus-response_en.<br \/>\n<strong>Trzy z unijnych zielonych korytarzy przebiegaj\u0105 przez Polsk\u0119.<\/strong> Jeden z nich prowadzi z Holandii i Belgii przez Niemcy i przej\u015bcie graniczne we Frankfurcie nad Odr\u0105 a\u017c do Poznania i Warszawy, a nast\u0119pnie do pa\u0144stw ba\u0142tyckich i Finlandii lub na Bia\u0142oru\u015b. <strong>Dwa pozosta\u0142e \u0142\u0105cz\u0105 Ba\u0142tyk i po\u0142udniow\u0105 cz\u0119\u015b\u0107 Europy. Cz\u0119\u015bci\u0105 tych szlak\u00f3w jest \u015awinouj\u015bcie i Gdynia.<\/strong> Wed\u0142ug ekspert\u00f3w Unii Owocowej, przekraczanie granicy, w tym wszelkie kontrole, nie powinny trwa\u0107 d\u0142u\u017cej ni\u017c 15 minut. Procedury na przej\u015bciach granicznych i w zielonym korytarzu, nale\u017cy zminimalizowa\u0107 i usprawni\u0107 do tego, co jest absolutnie konieczne. Kontrole powinny by\u0107 przeprowadzane bez opuszczania pojazdu przez kierowc\u00f3w. Dodatkowo, Komisja Europejska zaleca, aby ka\u017cde z pa\u0144stw cz\u0142onkowskich podj\u0119\u0142o dzia\u0142ania w celu zapewnienia oraz utrzymania swobodnego przep\u0142ywu towar\u00f3w.<\/p>\n<div id=\"attachment_7474\" style=\"width: 310px\" class=\"wp-caption aligncenter\"><img loading=\"lazy\" decoding=\"async\" aria-describedby=\"caption-attachment-7474\" class=\"size-medium wp-image-7474\" src=\"http:\/\/www.bikotech.pl\/wp-content\/uploads\/2020\/03\/port-300x195.jpg\" alt=\"\" width=\"300\" height=\"195\" srcset=\"https:\/\/www.bikotech.pl\/wp-content\/uploads\/2020\/03\/port-300x195.jpg 300w, https:\/\/www.bikotech.pl\/wp-content\/uploads\/2020\/03\/port-768x500.jpg 768w, https:\/\/www.bikotech.pl\/wp-content\/uploads\/2020\/03\/port.jpg 1024w, https:\/\/www.bikotech.pl\/wp-content\/uploads\/2020\/03\/port-150x98.jpg 150w\" sizes=\"auto, (max-width: 300px) 100vw, 300px\" \/><p id=\"caption-attachment-7474\" class=\"wp-caption-text\">30 procent za\u0142\u00f3g centr\u00f3w dystrybucyjnych stanowi\u0105 pracownicy tymczasowi (g\u0142\u00f3wnie z Ukrainy).<\/p><\/div>\n<p>Unia Owocowa wskazuje jednocze\u015bnie na wiele wyzwa\u0144 logistycznych, kt\u00f3re mog\u0105 pojawi\u0107 si\u0119 podczas dalszego rozwoju epidemii, m.in. dost\u0119pno\u015b\u0107 kontener\u00f3w, ograniczanie lot\u00f3w i fracht\u00f3w lotniczych przez wiele kraj\u00f3w w ramach UE oraz w pa\u0144stwach trzecich, kt\u00f3re mog\u0105 wp\u0142ywa\u0107 na import i eksport szybko psuj\u0105cych si\u0119 owoc\u00f3w i warzyw w Polsce. Sytuacja ca\u0142y czas ulega zmianie, st\u0105d niedob\u00f3r ci\u0119\u017car\u00f3wek zwi\u0105zany z kontrolami granicznymi w ca\u0142ej Europie zaczyna r\u00f3wnie\u017c wp\u0142ywa\u0107 na operacje portowe &#8211; podczas roz\u0142adunku statk\u00f3w wiele towar\u00f3w jest teraz przechowywanych w portach (ma to wp\u0142yw np. na import banan\u00f3w, kt\u00f3rego szczyt przypada zwykle przed Wielkanoc\u0105).<br \/>\n&#8211; <em>Sytuacja ca\u0142y czas ulega zmianie, je\u015bli zaobserwujemy w Polsce niedob\u00f3r ci\u0119\u017carek, operatorzy mi\u0119dzynarodowi b\u0119d\u0105 czeka\u0107 na podniesienie cen przez firmy transportowe i przed\u0142u\u017caj\u0105ce si\u0119 czasy tranzytu. Jednym z rozwi\u0105za\u0144 poprawiaj\u0105cych sytuacj\u0119 mog\u0105 by\u0107 wsp\u00f3lne dla ca\u0142ej UE wytyczne, dotycz\u0105ce kontroli granic na jednolitym rynku<\/em> &#8211; dodaje Arkadiusz Gaik, Prezes Unii Owocowej.<br \/>\nZamkni\u0119te zosta\u0142y restauracje, wcze\u015bniej zaopatruj\u0105ce si\u0119 w znacz\u0105ce ilo\u015bci owoc\u00f3w i warzyw. Zmieniaj\u0105 si\u0119 wzorce konsumpcji \u2013 konsumenci przeszli od konsumpcji poza domem do konsumpcji domowej, co r\u00f3wnie\u017c zmienia zapotrzebowanie na \u015bwie\u017ce warzywa i owoce. Unia Owocowa zach\u0119ca, wi\u0119c zar\u00f3wno swoich cz\u0142onk\u00f3w i w\u0142adze publiczne do uspokajania klient\u00f3w oraz ci\u0105g\u0142ego informowania nt. wysi\u0142k\u00f3w podejmowanych u \u017ar\u00f3d\u0142a w celu zapewnienia dostaw. Konieczna jest mobilizacja w celu zapewnienia swobodnego przep\u0142ywu w \u0142a\u0144cuchu dostaw.<br \/>\n&#8211; <em>Pa\u0144stwa cz\u0142onkowskie UE, w tym Polska, powinny zapewni\u0107 sta\u0142e zaopatrzenie w celu zaspokojenia potrzeb spo\u0142ecznych, aby podczas zakup\u00f3w unikn\u0105\u0107 niebezpiecznego przeludnienia sklep\u00f3w. Polskie supermarkety wprowadzaj\u0105 obostrzenia odno\u015bnie m. in. liczby klient\u00f3w w sklepie czy mo\u017cliwej dezynfekcji na miejscu \u2013<\/em> zaznacza Arkadiusz Gaik z Unii Owocowej.<\/p>\n<h6>\u015arodki ochrony ro\u015blin<\/h6>\n<p>Jak informuje Unia Owocowa, ceny nawoz\u00f3w i \u015brodk\u00f3w ochrony ro\u015blin mog\u0105 wzrosn\u0105\u0107, jednak nie powinni\u015bmy zaobserwowa\u0107 zagro\u017cenia ich dost\u0119pno\u015bci \u2013 w Chinach zn\u00f3w powoli rozpoczyna si\u0119 produkcja. Dodatkowo, wielu dystrybutor\u00f3w posiada zapasy jeszcze z zesz\u0142ego sezonu.<\/p>\n<h6>Ekologia a koronawirus<\/h6>\n<p>Jak informuje Unia Owocowa, <strong>wizyty kontrolno-sanitarne zostaj\u0105 odwo\u0142ane<\/strong>. Certyfikaty ekologiczne mog\u0105 by\u0107 wydawane z weryfikacj\u0105 zgodno\u015bci przeprowadzan\u0105 na podstawie kontroli dokument\u00f3w i analizy ryzyka. Jednostki certyfikuj\u0105ce wdra\u017caj\u0105 specjaln\u0105 procedur\u0119 weryfikacji podmiot\u00f3w gospodarczych w obecnej sytuacji, bior\u0105c pod uwag\u0119 akredytacje. Ka\u017cda jednostka ma swoj\u0105 okre\u015blon\u0105 procedur\u0119 wykorzystuj\u0105c\u0105 form\u0119 zdaln\u0105 i elektroniczn\u0105 w celu ochrony pracownik\u00f3w i klient\u00f3w. Certyfikaty wydawane s\u0105 na kr\u00f3tsze okresy, natomiast po zako\u0144czeniu pandemii nast\u0105pi\u0105 kontrole fizyczne ze szczeg\u00f3lnym uwzgl\u0119dnieniem tego okresu.<br \/>\n&#8211; <em>Unia Owocowa wsp\u00f3\u0142pracuj\u0105c z sektorem b\u0119dzie ca\u0142y czas monitorowa\u0142a sytuacj\u0119. Opracowuje i przedstawi punkty, kt\u00f3re wespr\u0105 sektor, zar\u00f3wno producent\u00f3w jak i grupy producenckie<\/em> \u2013 podkre\u015bla Arkadiusz Gaik.<\/p>\n<h6>Sytuacja w Europie<\/h6>\n<p>W zwi\u0105zku z powy\u017cszymi, pojawiaj\u0105cymi si\u0119 utrudnieniami, stowarzyszenia producent\u00f3w owoc\u00f3w i warzyw, w tym reprezentuj\u0105ca Polsk\u0119 Unia Owocowa, pracuj\u0105 obecnie nad planem dzia\u0142ania obejmuj\u0105cym kluczowe kwestie dla obrotu na rynku owoc\u00f3w i warzyw w UE. Do priorytet\u00f3w zaliczono m.in.:<br \/>\n1. Ochron\u0119 i dost\u0119pno\u015b\u0107 pracownik\u00f3w (dost\u0119pno\u015b\u0107 sprz\u0119tu ochronnego, ustalenia dotycz\u0105ce pracownik\u00f3w sezonowych do zbierania i pakowania na okres kolejnych zbior\u00f3w, mobilno\u015b\u0107 kierowc\u00f3w ci\u0119\u017car\u00f3wek mi\u0119dzy pa\u0144stwami cz\u0142onkowskimi oraz ich czas pracy)<br \/>\n2. Wdra\u017canie wytycznych Unii Europejskiej przez pa\u0144stwa cz\u0142onkowskie w sprawie rozwi\u0105zania problem\u00f3w tranzytowych i logistycznych zapobiegaj\u0105cych ryzyku zak\u0142\u00f3cenia \u0142a\u0144cucha dostaw, zachowuj\u0105ce integralno\u015b\u0107 jednolitego rynku i zapewniaj\u0105ce dobre funkcjonowanie zielonych i szybkich pas\u00f3w na granicach mi\u0119dzy pa\u0144stwami cz\u0142onkowskimi.<br \/>\n3. Przed\u0142u\u017cenie mi\u0119dzynarodowych certyfikat\u00f3w, takich jak IFS International Food Standard (Mi\u0119dzynarodowy Standard Bezpiecze\u0144stwa \u017bywno\u015bci) oraz BRC Global Standard Food (Globalny Standard Bezpiecze\u0144stwa \u017bywno\u015bci) &#8211; standard przeznaczony dla wszystkich firm oraz zak\u0142ad\u00f3w spo\u017cywczych dostarczaj\u0105cych produkty pod mark\u0105 handlow\u0105 do brytyjskich sieci handlowych, w przypadku braku audytu wywo\u0142anego pandemi\u0105.<br \/>\nPrzewodnicz\u0105ca Komisji Europejskiej Ursula von der Leyen, ostrzeg\u0142a, \u017ce na\u0142o\u017cenie kontroli granicznych przez pa\u0144stwa cz\u0142onkowskie UE mo\u017ce zagrozi\u0107 \u0142a\u0144cuchowi dostaw i zwi\u0119kszy\u0107 ryzyko niedobor\u00f3w produkt\u00f3w w sklepach. Do kluczowego przes\u0142ania z jej o\u015bwiadczenia nale\u017cy zaliczy\u0107 utrzymanie przep\u0142ywu towar\u00f3w w ca\u0142ej Europie podczas, gdy tysi\u0105ce kierowc\u00f3w autobus\u00f3w i ci\u0119\u017car\u00f3wek utkn\u0119\u0142o na parkingach i przy granicach wewn\u0119trznych stwarzaj\u0105c zagro\u017cenie dla zdrowia i zak\u0142\u00f3caj\u0105c \u0142a\u0144cuchy dostaw. Przewodnicz\u0105ca podkre\u015bli\u0142a r\u00f3wnie\u017c, \u017ce je\u015bli w ca\u0142ej UE nie podejmie teraz odpowiednich dzia\u0142a\u0144 to sklepy zaczn\u0105 mie\u0107 trudno\u015bci z uzupe\u0142nianiem zapas\u00f3w niekt\u00f3rych produkt\u00f3w. Jej zdaniem nale\u017cy obecnie zawalczy\u0107 o utrzymanie rynku wewn\u0119trznego.<br \/>\nNowe zasady bezpiecze\u0144stwa wprowadzane s\u0105 jednocze\u015bnie w ca\u0142ym sektorze spo\u017cywczym. Ograniczono m.in. liczb\u0119 pasa\u017cer\u00f3w w samochodach dostawczych oraz pojazdach u\u017cywanych do zbierania owoc\u00f3w. Z powodu braku sprz\u0119tu ochronnego dla pracownik\u00f3w (takiego jak maski i r\u0119kawiczki), wzmocniono inne \u015brodki higieny i podj\u0119to zwi\u0119kszone \u015brodki \u201edystansowania\u201d, w tym ograniczenia zmiany liczby pracownik\u00f3w. Istotnym aspektem jest priorytetowe potraktowanie bezpiecze\u0144stwa pracownik\u00f3w w terenie, a tak\u017ce w stacjach pakowania i sieciach handlowych. Zapewnienie wyposa\u017cenia ochronnego dla personelu, kt\u00f3ry jest niezb\u0119dny do zapewnienia ci\u0105g\u0142o\u015bci dostaw \u015brodk\u00f3w spo\u017cywczych (np. r\u0119kawiczek lub masek), musi zosta\u0107 zagwarantowane w pierwszej kolejno\u015bci.<\/p>\n<p>&nbsp;<\/p>\n<p>\u017ar\u00f3d\u0142o: Unia Owocowa<\/p>\n","protected":false},"excerpt":{"rendered":"<p>Pandemia koronawirusa ma znacz\u0105cy wp\u0142yw na polskie rolnictwo i sadownictwo. W jaki spos\u00f3b utrudniona sytuacja na granicach wp\u0142ywa na sektor owocowo \u2013 warzywny? Co z dost\u0119pno\u015bci\u0105 pracownik\u00f3w sezonowych na przysz\u0142e zbiory? Stowarzyszenie Polskich Dystrybutor\u00f3w Owoc\u00f3w i Warzyw Unia Owocowa uczestniczy\u0142o w przegl\u0105dzie sytuacji w Europie i na \u015bwiecie w sektorze produkcji, handlu i sprzeda\u017cy detalicznej [&hellip;]<\/p>\n","protected":false},"author":2,"featured_media":7582,"comment_status":"open","ping_status":"open","sticky":false,"template":"","format":"standard","meta":{"footnotes":""},"categories":[14,4,33],"tags":[],"class_list":["post-7581","post","type-post","status-publish","format-standard","has-post-thumbnail","hentry","category-wydarzenia","category-przetworstwo-owocow","category-rynek"],"yoast_head":"<!-- This site is optimized with the Yoast SEO plugin v20.2.1 - https:\/\/yoast.com\/wordpress\/plugins\/seo\/ -->\n<title>Wirus a sytuacja w sektorze owocowo-warzywnym | bikotech.pl<\/title>\n<meta name=\"robots\" content=\"index, follow, max-snippet:-1, max-image-preview:large, max-video-preview:-1\" \/>\n<link rel=\"canonical\" href=\"https:\/\/www.bikotech.pl\/index.php\/2020\/03\/26\/wirus-a-sytuacja-w-sektorze-owocowo-warzywnym\/\" \/>\n<meta property=\"og:locale\" content=\"pl_PL\" \/>\n<meta property=\"og:type\" content=\"article\" \/>\n<meta property=\"og:title\" content=\"Wirus a sytuacja w sektorze owocowo-warzywnym | bikotech.pl\" \/>\n<meta property=\"og:description\" content=\"Pandemia koronawirusa ma znacz\u0105cy wp\u0142yw na polskie rolnictwo i sadownictwo. W jaki spos\u00f3b utrudniona sytuacja na granicach wp\u0142ywa na sektor owocowo \u2013 warzywny? Co z dost\u0119pno\u015bci\u0105 pracownik\u00f3w sezonowych na przysz\u0142e zbiory? Stowarzyszenie Polskich Dystrybutor\u00f3w Owoc\u00f3w i Warzyw Unia Owocowa uczestniczy\u0142o w przegl\u0105dzie sytuacji w Europie i na \u015bwiecie w sektorze produkcji, handlu i sprzeda\u017cy detalicznej [&hellip;]\" \/>\n<meta property=\"og:url\" content=\"https:\/\/www.bikotech.pl\/index.php\/2020\/03\/26\/wirus-a-sytuacja-w-sektorze-owocowo-warzywnym\/\" \/>\n<meta property=\"og:site_name\" content=\"bikotech.pl\" \/>\n<meta property=\"article:published_time\" content=\"2020-03-26T11:02:18+00:00\" \/>\n<meta property=\"article:modified_time\" content=\"2020-03-26T11:08:10+00:00\" \/>\n<meta property=\"og:image\" content=\"https:\/\/www.bikotech.pl\/wp-content\/uploads\/2020\/03\/tractor-road-countryside-near-meadows_144627-139.jpg\" \/>\n\t<meta property=\"og:image:width\" content=\"626\" \/>\n\t<meta property=\"og:image:height\" content=\"417\" \/>\n\t<meta property=\"og:image:type\" content=\"image\/jpeg\" \/>\n<meta name=\"author\" content=\"Ola Wojnarowska\" \/>\n<meta name=\"twitter:card\" content=\"summary_large_image\" \/>\n<meta name=\"twitter:label1\" content=\"Napisane przez\" \/>\n\t<meta name=\"twitter:data1\" content=\"Ola Wojnarowska\" \/>\n\t<meta name=\"twitter:label2\" content=\"Szacowany czas czytania\" \/>\n\t<meta name=\"twitter:data2\" content=\"8 minut\" \/>\n<script type=\"application\/ld+json\" class=\"yoast-schema-graph\">{\"@context\":\"https:\/\/schema.org\",\"@graph\":[{\"@type\":\"WebPage\",\"@id\":\"https:\/\/www.bikotech.pl\/index.php\/2020\/03\/26\/wirus-a-sytuacja-w-sektorze-owocowo-warzywnym\/\",\"url\":\"https:\/\/www.bikotech.pl\/index.php\/2020\/03\/26\/wirus-a-sytuacja-w-sektorze-owocowo-warzywnym\/\",\"name\":\"Wirus a sytuacja w sektorze owocowo-warzywnym | bikotech.pl\",\"isPartOf\":{\"@id\":\"https:\/\/www.bikotech.pl\/#website\"},\"datePublished\":\"2020-03-26T11:02:18+00:00\",\"dateModified\":\"2020-03-26T11:08:10+00:00\",\"author\":{\"@id\":\"https:\/\/www.bikotech.pl\/#\/schema\/person\/a7613f8d8180fa66033a28be3f87db21\"},\"breadcrumb\":{\"@id\":\"https:\/\/www.bikotech.pl\/index.php\/2020\/03\/26\/wirus-a-sytuacja-w-sektorze-owocowo-warzywnym\/#breadcrumb\"},\"inLanguage\":\"pl-PL\",\"potentialAction\":[{\"@type\":\"ReadAction\",\"target\":[\"https:\/\/www.bikotech.pl\/index.php\/2020\/03\/26\/wirus-a-sytuacja-w-sektorze-owocowo-warzywnym\/\"]}]},{\"@type\":\"BreadcrumbList\",\"@id\":\"https:\/\/www.bikotech.pl\/index.php\/2020\/03\/26\/wirus-a-sytuacja-w-sektorze-owocowo-warzywnym\/#breadcrumb\",\"itemListElement\":[{\"@type\":\"ListItem\",\"position\":1,\"name\":\"Strona g\u0142\u00f3wna\",\"item\":\"https:\/\/www.bikotech.pl\/\"},{\"@type\":\"ListItem\",\"position\":2,\"name\":\"Wirus a sytuacja w sektorze owocowo-warzywnym\"}]},{\"@type\":\"WebSite\",\"@id\":\"https:\/\/www.bikotech.pl\/#website\",\"url\":\"https:\/\/www.bikotech.pl\/\",\"name\":\"bikotech.pl\",\"description\":\"Innowacje, \u015brodowisko, technologie  - prosto i z sensem o przemy\u015ble spo\u017cywczym\",\"potentialAction\":[{\"@type\":\"SearchAction\",\"target\":{\"@type\":\"EntryPoint\",\"urlTemplate\":\"https:\/\/www.bikotech.pl\/?s={search_term_string}\"},\"query-input\":\"required name=search_term_string\"}],\"inLanguage\":\"pl-PL\"},{\"@type\":\"Person\",\"@id\":\"https:\/\/www.bikotech.pl\/#\/schema\/person\/a7613f8d8180fa66033a28be3f87db21\",\"name\":\"Ola Wojnarowska\",\"image\":{\"@type\":\"ImageObject\",\"inLanguage\":\"pl-PL\",\"@id\":\"https:\/\/www.bikotech.pl\/#\/schema\/person\/image\/\",\"url\":\"https:\/\/secure.gravatar.com\/avatar\/64d6402adc862d9de7f648ddc7bc25eaacda07271c0660d3fb3c5297d799c420?s=96&d=mm&r=g\",\"contentUrl\":\"https:\/\/secure.gravatar.com\/avatar\/64d6402adc862d9de7f648ddc7bc25eaacda07271c0660d3fb3c5297d799c420?s=96&d=mm&r=g\",\"caption\":\"Ola Wojnarowska\"},\"sameAs\":[\"http:\/\/bikotech.pl\"],\"url\":\"https:\/\/www.bikotech.pl\/index.php\/author\/ola\/\"}]}<\/script>\n<!-- \/ Yoast SEO plugin. -->","yoast_head_json":{"title":"Wirus a sytuacja w sektorze owocowo-warzywnym | bikotech.pl","robots":{"index":"index","follow":"follow","max-snippet":"max-snippet:-1","max-image-preview":"max-image-preview:large","max-video-preview":"max-video-preview:-1"},"canonical":"https:\/\/www.bikotech.pl\/index.php\/2020\/03\/26\/wirus-a-sytuacja-w-sektorze-owocowo-warzywnym\/","og_locale":"pl_PL","og_type":"article","og_title":"Wirus a sytuacja w sektorze owocowo-warzywnym | bikotech.pl","og_description":"Pandemia koronawirusa ma znacz\u0105cy wp\u0142yw na polskie rolnictwo i sadownictwo. W jaki spos\u00f3b utrudniona sytuacja na granicach wp\u0142ywa na sektor owocowo \u2013 warzywny? Co z dost\u0119pno\u015bci\u0105 pracownik\u00f3w sezonowych na przysz\u0142e zbiory? Stowarzyszenie Polskich Dystrybutor\u00f3w Owoc\u00f3w i Warzyw Unia Owocowa uczestniczy\u0142o w przegl\u0105dzie sytuacji w Europie i na \u015bwiecie w sektorze produkcji, handlu i sprzeda\u017cy detalicznej [&hellip;]","og_url":"https:\/\/www.bikotech.pl\/index.php\/2020\/03\/26\/wirus-a-sytuacja-w-sektorze-owocowo-warzywnym\/","og_site_name":"bikotech.pl","article_published_time":"2020-03-26T11:02:18+00:00","article_modified_time":"2020-03-26T11:08:10+00:00","og_image":[{"width":626,"height":417,"url":"https:\/\/www.bikotech.pl\/wp-content\/uploads\/2020\/03\/tractor-road-countryside-near-meadows_144627-139.jpg","type":"image\/jpeg"}],"author":"Ola Wojnarowska","twitter_card":"summary_large_image","twitter_misc":{"Napisane przez":"Ola Wojnarowska","Szacowany czas czytania":"8 minut"},"schema":{"@context":"https:\/\/schema.org","@graph":[{"@type":"WebPage","@id":"https:\/\/www.bikotech.pl\/index.php\/2020\/03\/26\/wirus-a-sytuacja-w-sektorze-owocowo-warzywnym\/","url":"https:\/\/www.bikotech.pl\/index.php\/2020\/03\/26\/wirus-a-sytuacja-w-sektorze-owocowo-warzywnym\/","name":"Wirus a sytuacja w sektorze owocowo-warzywnym | bikotech.pl","isPartOf":{"@id":"https:\/\/www.bikotech.pl\/#website"},"datePublished":"2020-03-26T11:02:18+00:00","dateModified":"2020-03-26T11:08:10+00:00","author":{"@id":"https:\/\/www.bikotech.pl\/#\/schema\/person\/a7613f8d8180fa66033a28be3f87db21"},"breadcrumb":{"@id":"https:\/\/www.bikotech.pl\/index.php\/2020\/03\/26\/wirus-a-sytuacja-w-sektorze-owocowo-warzywnym\/#breadcrumb"},"inLanguage":"pl-PL","potentialAction":[{"@type":"ReadAction","target":["https:\/\/www.bikotech.pl\/index.php\/2020\/03\/26\/wirus-a-sytuacja-w-sektorze-owocowo-warzywnym\/"]}]},{"@type":"BreadcrumbList","@id":"https:\/\/www.bikotech.pl\/index.php\/2020\/03\/26\/wirus-a-sytuacja-w-sektorze-owocowo-warzywnym\/#breadcrumb","itemListElement":[{"@type":"ListItem","position":1,"name":"Strona g\u0142\u00f3wna","item":"https:\/\/www.bikotech.pl\/"},{"@type":"ListItem","position":2,"name":"Wirus a sytuacja w sektorze owocowo-warzywnym"}]},{"@type":"WebSite","@id":"https:\/\/www.bikotech.pl\/#website","url":"https:\/\/www.bikotech.pl\/","name":"bikotech.pl","description":"Innowacje, \u015brodowisko, technologie  - prosto i z sensem o przemy\u015ble spo\u017cywczym","potentialAction":[{"@type":"SearchAction","target":{"@type":"EntryPoint","urlTemplate":"https:\/\/www.bikotech.pl\/?s={search_term_string}"},"query-input":"required name=search_term_string"}],"inLanguage":"pl-PL"},{"@type":"Person","@id":"https:\/\/www.bikotech.pl\/#\/schema\/person\/a7613f8d8180fa66033a28be3f87db21","name":"Ola Wojnarowska","image":{"@type":"ImageObject","inLanguage":"pl-PL","@id":"https:\/\/www.bikotech.pl\/#\/schema\/person\/image\/","url":"https:\/\/secure.gravatar.com\/avatar\/64d6402adc862d9de7f648ddc7bc25eaacda07271c0660d3fb3c5297d799c420?s=96&d=mm&r=g","contentUrl":"https:\/\/secure.gravatar.com\/avatar\/64d6402adc862d9de7f648ddc7bc25eaacda07271c0660d3fb3c5297d799c420?s=96&d=mm&r=g","caption":"Ola Wojnarowska"},"sameAs":["http:\/\/bikotech.pl"],"url":"https:\/\/www.bikotech.pl\/index.php\/author\/ola\/"}]}},"_links":{"self":[{"href":"https:\/\/www.bikotech.pl\/index.php\/wp-json\/wp\/v2\/posts\/7581","targetHints":{"allow":["GET"]}}],"collection":[{"href":"https:\/\/www.bikotech.pl\/index.php\/wp-json\/wp\/v2\/posts"}],"about":[{"href":"https:\/\/www.bikotech.pl\/index.php\/wp-json\/wp\/v2\/types\/post"}],"author":[{"embeddable":true,"href":"https:\/\/www.bikotech.pl\/index.php\/wp-json\/wp\/v2\/users\/2"}],"replies":[{"embeddable":true,"href":"https:\/\/www.bikotech.pl\/index.php\/wp-json\/wp\/v2\/comments?post=7581"}],"version-history":[{"count":3,"href":"https:\/\/www.bikotech.pl\/index.php\/wp-json\/wp\/v2\/posts\/7581\/revisions"}],"predecessor-version":[{"id":7586,"href":"https:\/\/www.bikotech.pl\/index.php\/wp-json\/wp\/v2\/posts\/7581\/revisions\/7586"}],"wp:featuredmedia":[{"embeddable":true,"href":"https:\/\/www.bikotech.pl\/index.php\/wp-json\/wp\/v2\/media\/7582"}],"wp:attachment":[{"href":"https:\/\/www.bikotech.pl\/index.php\/wp-json\/wp\/v2\/media?parent=7581"}],"wp:term":[{"taxonomy":"category","embeddable":true,"href":"https:\/\/www.bikotech.pl\/index.php\/wp-json\/wp\/v2\/categories?post=7581"},{"taxonomy":"post_tag","embeddable":true,"href":"https:\/\/www.bikotech.pl\/index.php\/wp-json\/wp\/v2\/tags?post=7581"}],"curies":[{"name":"wp","href":"https:\/\/api.w.org\/{rel}","templated":true}]}}