{"id":4280,"date":"2018-08-23T11:01:18","date_gmt":"2018-08-23T09:01:18","guid":{"rendered":"http:\/\/www.agroindustry.pl\/?p=4280"},"modified":"2018-08-23T11:01:18","modified_gmt":"2018-08-23T09:01:18","slug":"fc-pszczolka-ma-nowego-prezesa","status":"publish","type":"post","link":"https:\/\/www.bikotech.pl\/index.php\/2018\/08\/23\/fc-pszczolka-ma-nowego-prezesa\/","title":{"rendered":"FC Pszcz\u00f3\u0142ka ma nowego prezesa"},"content":{"rendered":"<p><strong>Robert Rudnicki zosta\u0142 nowym prezesem zarz\u0105du Fabryki Cukierk\u00f3w \u201ePszcz\u00f3\u0142ka\u201d Sp. z o.o. w Lublinie. Jego kandydatura zosta\u0142a uznana za najlepsz\u0105 po przeprowadzeniu post\u0119powania kwalifikacyjnego og\u0142oszonego przez rad\u0119 nadzorcz\u0105 Sp\u00f3\u0142ki. <\/strong><\/p>\n<blockquote><p>Chcia\u0142bym, aby Pszcz\u00f3\u0142ka sta\u0142a si\u0119 rozpoznawaln\u0105 mark\u0105 og\u00f3lnopolsk\u0105. W ubieg\u0142ym roku uruchomili\u015bmy nowoczesn\u0105 fabryk\u0119, kt\u00f3ra pozwoli\u0142a wprowadzi\u0107 na rynek nowe produkty, jak cukierki czekoladowe. Teraz musimy dotrze\u0107 z naszymi wyrobami do jak najwi\u0119kszej ilo\u015bci klient\u00f3w. To du\u017ce wyzwanie, gdy\u017c dzia\u0142amy na bardzo konkurencyjnym rynku. Ale jestem optymist\u0105, bo mamy dobry produkt, a pomaga nam tak\u017ce fakt, \u017ce jeste\u015bmy jedn\u0105 z nielicznych firm na rynku ze 100 proc. polskim kapita\u0142em. Dzisiaj klienci coraz bardziej zwracaj\u0105 uwag\u0119 na miejsce pochodzenia produktu, chcemy to wykorzysta\u0107 \u2013 m\u00f3wi Robert Rudnicki, prezes \u00a0Fabryki Cukierk\u00f3w \u201ePszcz\u00f3\u0142ka\u201d Sp. z o.o.<\/p><\/blockquote>\n<p>Robert Rudnicki posiada 20-letnie do\u015bwiadczenie handlowe, w szczeg\u00f3lno\u015bci na rynku s\u0142odyczy. Z powodzeniem tworzy\u0142 i organizowa\u0142 dzia\u0142y sprzeda\u017cy oraz wprowadza\u0142 nowe produkty i marki. \u00a0Pracowa\u0142 w tak znanych firmach jak Hortex, Roshen, Gellwe. Z Pszcz\u00f3\u0142k\u0105 by\u0142 zwi\u0105zany od 2017 roku jako cz\u0142onek zarz\u0105du, a od 23 lipca br. pe\u0142ni\u0142 obowi\u0105zki prezesa sp\u00f3\u0142ki. W\u0142a\u015bcicielem \u201ePszcz\u00f3\u0142ki\u201d jest Krajowa Sp\u00f3\u0142ka Cukrowa S.A.<\/p>\n<p>&nbsp;<\/p>\n<p><em>\u017ar\u00f3d\u0142o: informacja prasowa FC Pszcz\u00f3\u0142ka<\/em><\/p>\n","protected":false},"excerpt":{"rendered":"<p>Robert Rudnicki zosta\u0142 nowym prezesem zarz\u0105du Fabryki Cukierk\u00f3w \u201ePszcz\u00f3\u0142ka\u201d Sp. z o.o. w Lublinie. Jego kandydatura zosta\u0142a uznana za najlepsz\u0105 po przeprowadzeniu post\u0119powania kwalifikacyjnego og\u0142oszonego przez rad\u0119 nadzorcz\u0105 Sp\u00f3\u0142ki. Chcia\u0142bym, aby Pszcz\u00f3\u0142ka sta\u0142a si\u0119 rozpoznawaln\u0105 mark\u0105 og\u00f3lnopolsk\u0105. W ubieg\u0142ym roku uruchomili\u015bmy nowoczesn\u0105 fabryk\u0119, kt\u00f3ra pozwoli\u0142a wprowadzi\u0107 na rynek nowe produkty, jak cukierki czekoladowe. Teraz musimy [&hellip;]<\/p>\n","protected":false},"author":11,"featured_media":4170,"comment_status":"open","ping_status":"open","sticky":false,"template":"","format":"standard","meta":{"footnotes":""},"categories":[14],"tags":[506,505,640,638],"class_list":["post-4280","post","type-post","status-publish","format-standard","has-post-thumbnail","hentry","category-wydarzenia","tag-fabryka-cukierkow-pszczolka","tag-fc-pszczolka","tag-krajowa-spolka-cukrowa","tag-robert-rudnicki"],"yoast_head":"<!-- This site is optimized with the Yoast SEO plugin v20.2.1 - https:\/\/yoast.com\/wordpress\/plugins\/seo\/ -->\n<title>FC Pszcz\u00f3\u0142ka ma nowego prezesa | bikotech.pl<\/title>\n<meta name=\"robots\" content=\"index, follow, max-snippet:-1, max-image-preview:large, max-video-preview:-1\" \/>\n<link rel=\"canonical\" href=\"https:\/\/www.bikotech.pl\/index.php\/2018\/08\/23\/fc-pszczolka-ma-nowego-prezesa\/\" \/>\n<meta property=\"og:locale\" content=\"pl_PL\" \/>\n<meta property=\"og:type\" content=\"article\" \/>\n<meta property=\"og:title\" content=\"FC Pszcz\u00f3\u0142ka ma nowego prezesa | bikotech.pl\" \/>\n<meta property=\"og:description\" content=\"Robert Rudnicki zosta\u0142 nowym prezesem zarz\u0105du Fabryki Cukierk\u00f3w \u201ePszcz\u00f3\u0142ka\u201d Sp. z o.o. w Lublinie. Jego kandydatura zosta\u0142a uznana za najlepsz\u0105 po przeprowadzeniu post\u0119powania kwalifikacyjnego og\u0142oszonego przez rad\u0119 nadzorcz\u0105 Sp\u00f3\u0142ki. Chcia\u0142bym, aby Pszcz\u00f3\u0142ka sta\u0142a si\u0119 rozpoznawaln\u0105 mark\u0105 og\u00f3lnopolsk\u0105. W ubieg\u0142ym roku uruchomili\u015bmy nowoczesn\u0105 fabryk\u0119, kt\u00f3ra pozwoli\u0142a wprowadzi\u0107 na rynek nowe produkty, jak cukierki czekoladowe. Teraz musimy [&hellip;]\" \/>\n<meta property=\"og:url\" content=\"https:\/\/www.bikotech.pl\/index.php\/2018\/08\/23\/fc-pszczolka-ma-nowego-prezesa\/\" \/>\n<meta property=\"og:site_name\" content=\"bikotech.pl\" \/>\n<meta property=\"article:published_time\" content=\"2018-08-23T09:01:18+00:00\" \/>\n<meta property=\"og:image\" content=\"https:\/\/www.bikotech.pl\/wp-content\/uploads\/2018\/07\/Robert-Rudnicki_Fotor-1024x968.jpg\" \/>\n\t<meta property=\"og:image:width\" content=\"1024\" \/>\n\t<meta property=\"og:image:height\" content=\"968\" \/>\n\t<meta property=\"og:image:type\" content=\"image\/jpeg\" \/>\n<meta name=\"author\" content=\"natalia\" \/>\n<meta name=\"twitter:card\" content=\"summary_large_image\" \/>\n<meta name=\"twitter:label1\" content=\"Napisane przez\" \/>\n\t<meta name=\"twitter:data1\" content=\"natalia\" \/>\n\t<meta name=\"twitter:label2\" content=\"Szacowany czas czytania\" \/>\n\t<meta name=\"twitter:data2\" content=\"1 minuta\" \/>\n<script type=\"application\/ld+json\" class=\"yoast-schema-graph\">{\"@context\":\"https:\/\/schema.org\",\"@graph\":[{\"@type\":\"WebPage\",\"@id\":\"https:\/\/www.bikotech.pl\/index.php\/2018\/08\/23\/fc-pszczolka-ma-nowego-prezesa\/\",\"url\":\"https:\/\/www.bikotech.pl\/index.php\/2018\/08\/23\/fc-pszczolka-ma-nowego-prezesa\/\",\"name\":\"FC Pszcz\u00f3\u0142ka ma nowego prezesa | bikotech.pl\",\"isPartOf\":{\"@id\":\"https:\/\/www.bikotech.pl\/#website\"},\"datePublished\":\"2018-08-23T09:01:18+00:00\",\"dateModified\":\"2018-08-23T09:01:18+00:00\",\"author\":{\"@id\":\"https:\/\/www.bikotech.pl\/#\/schema\/person\/124b5638088dc1c6cea6a124c315652f\"},\"breadcrumb\":{\"@id\":\"https:\/\/www.bikotech.pl\/index.php\/2018\/08\/23\/fc-pszczolka-ma-nowego-prezesa\/#breadcrumb\"},\"inLanguage\":\"pl-PL\",\"potentialAction\":[{\"@type\":\"ReadAction\",\"target\":[\"https:\/\/www.bikotech.pl\/index.php\/2018\/08\/23\/fc-pszczolka-ma-nowego-prezesa\/\"]}]},{\"@type\":\"BreadcrumbList\",\"@id\":\"https:\/\/www.bikotech.pl\/index.php\/2018\/08\/23\/fc-pszczolka-ma-nowego-prezesa\/#breadcrumb\",\"itemListElement\":[{\"@type\":\"ListItem\",\"position\":1,\"name\":\"Strona g\u0142\u00f3wna\",\"item\":\"https:\/\/www.bikotech.pl\/\"},{\"@type\":\"ListItem\",\"position\":2,\"name\":\"FC Pszcz\u00f3\u0142ka ma nowego prezesa\"}]},{\"@type\":\"WebSite\",\"@id\":\"https:\/\/www.bikotech.pl\/#website\",\"url\":\"https:\/\/www.bikotech.pl\/\",\"name\":\"bikotech.pl\",\"description\":\"Innowacje, \u015brodowisko, technologie  - prosto i z sensem o przemy\u015ble spo\u017cywczym\",\"potentialAction\":[{\"@type\":\"SearchAction\",\"target\":{\"@type\":\"EntryPoint\",\"urlTemplate\":\"https:\/\/www.bikotech.pl\/?s={search_term_string}\"},\"query-input\":\"required name=search_term_string\"}],\"inLanguage\":\"pl-PL\"},{\"@type\":\"Person\",\"@id\":\"https:\/\/www.bikotech.pl\/#\/schema\/person\/124b5638088dc1c6cea6a124c315652f\",\"name\":\"natalia\",\"image\":{\"@type\":\"ImageObject\",\"inLanguage\":\"pl-PL\",\"@id\":\"https:\/\/www.bikotech.pl\/#\/schema\/person\/image\/\",\"url\":\"https:\/\/secure.gravatar.com\/avatar\/3bcf5457ae7578bc3030504001458ed6f84a959faa4b8579d74aa81e4fc16a71?s=96&d=mm&r=g\",\"contentUrl\":\"https:\/\/secure.gravatar.com\/avatar\/3bcf5457ae7578bc3030504001458ed6f84a959faa4b8579d74aa81e4fc16a71?s=96&d=mm&r=g\",\"caption\":\"natalia\"},\"url\":\"https:\/\/www.bikotech.pl\/index.php\/author\/natalia\/\"}]}<\/script>\n<!-- \/ Yoast SEO plugin. -->","yoast_head_json":{"title":"FC Pszcz\u00f3\u0142ka ma nowego prezesa | bikotech.pl","robots":{"index":"index","follow":"follow","max-snippet":"max-snippet:-1","max-image-preview":"max-image-preview:large","max-video-preview":"max-video-preview:-1"},"canonical":"https:\/\/www.bikotech.pl\/index.php\/2018\/08\/23\/fc-pszczolka-ma-nowego-prezesa\/","og_locale":"pl_PL","og_type":"article","og_title":"FC Pszcz\u00f3\u0142ka ma nowego prezesa | bikotech.pl","og_description":"Robert Rudnicki zosta\u0142 nowym prezesem zarz\u0105du Fabryki Cukierk\u00f3w \u201ePszcz\u00f3\u0142ka\u201d Sp. z o.o. w Lublinie. Jego kandydatura zosta\u0142a uznana za najlepsz\u0105 po przeprowadzeniu post\u0119powania kwalifikacyjnego og\u0142oszonego przez rad\u0119 nadzorcz\u0105 Sp\u00f3\u0142ki. Chcia\u0142bym, aby Pszcz\u00f3\u0142ka sta\u0142a si\u0119 rozpoznawaln\u0105 mark\u0105 og\u00f3lnopolsk\u0105. W ubieg\u0142ym roku uruchomili\u015bmy nowoczesn\u0105 fabryk\u0119, kt\u00f3ra pozwoli\u0142a wprowadzi\u0107 na rynek nowe produkty, jak cukierki czekoladowe. Teraz musimy [&hellip;]","og_url":"https:\/\/www.bikotech.pl\/index.php\/2018\/08\/23\/fc-pszczolka-ma-nowego-prezesa\/","og_site_name":"bikotech.pl","article_published_time":"2018-08-23T09:01:18+00:00","og_image":[{"width":1024,"height":968,"url":"https:\/\/www.bikotech.pl\/wp-content\/uploads\/2018\/07\/Robert-Rudnicki_Fotor-1024x968.jpg","type":"image\/jpeg"}],"author":"natalia","twitter_card":"summary_large_image","twitter_misc":{"Napisane przez":"natalia","Szacowany czas czytania":"1 minuta"},"schema":{"@context":"https:\/\/schema.org","@graph":[{"@type":"WebPage","@id":"https:\/\/www.bikotech.pl\/index.php\/2018\/08\/23\/fc-pszczolka-ma-nowego-prezesa\/","url":"https:\/\/www.bikotech.pl\/index.php\/2018\/08\/23\/fc-pszczolka-ma-nowego-prezesa\/","name":"FC Pszcz\u00f3\u0142ka ma nowego prezesa | bikotech.pl","isPartOf":{"@id":"https:\/\/www.bikotech.pl\/#website"},"datePublished":"2018-08-23T09:01:18+00:00","dateModified":"2018-08-23T09:01:18+00:00","author":{"@id":"https:\/\/www.bikotech.pl\/#\/schema\/person\/124b5638088dc1c6cea6a124c315652f"},"breadcrumb":{"@id":"https:\/\/www.bikotech.pl\/index.php\/2018\/08\/23\/fc-pszczolka-ma-nowego-prezesa\/#breadcrumb"},"inLanguage":"pl-PL","potentialAction":[{"@type":"ReadAction","target":["https:\/\/www.bikotech.pl\/index.php\/2018\/08\/23\/fc-pszczolka-ma-nowego-prezesa\/"]}]},{"@type":"BreadcrumbList","@id":"https:\/\/www.bikotech.pl\/index.php\/2018\/08\/23\/fc-pszczolka-ma-nowego-prezesa\/#breadcrumb","itemListElement":[{"@type":"ListItem","position":1,"name":"Strona g\u0142\u00f3wna","item":"https:\/\/www.bikotech.pl\/"},{"@type":"ListItem","position":2,"name":"FC Pszcz\u00f3\u0142ka ma nowego prezesa"}]},{"@type":"WebSite","@id":"https:\/\/www.bikotech.pl\/#website","url":"https:\/\/www.bikotech.pl\/","name":"bikotech.pl","description":"Innowacje, \u015brodowisko, technologie  - prosto i z sensem o przemy\u015ble spo\u017cywczym","potentialAction":[{"@type":"SearchAction","target":{"@type":"EntryPoint","urlTemplate":"https:\/\/www.bikotech.pl\/?s={search_term_string}"},"query-input":"required name=search_term_string"}],"inLanguage":"pl-PL"},{"@type":"Person","@id":"https:\/\/www.bikotech.pl\/#\/schema\/person\/124b5638088dc1c6cea6a124c315652f","name":"natalia","image":{"@type":"ImageObject","inLanguage":"pl-PL","@id":"https:\/\/www.bikotech.pl\/#\/schema\/person\/image\/","url":"https:\/\/secure.gravatar.com\/avatar\/3bcf5457ae7578bc3030504001458ed6f84a959faa4b8579d74aa81e4fc16a71?s=96&d=mm&r=g","contentUrl":"https:\/\/secure.gravatar.com\/avatar\/3bcf5457ae7578bc3030504001458ed6f84a959faa4b8579d74aa81e4fc16a71?s=96&d=mm&r=g","caption":"natalia"},"url":"https:\/\/www.bikotech.pl\/index.php\/author\/natalia\/"}]}},"_links":{"self":[{"href":"https:\/\/www.bikotech.pl\/index.php\/wp-json\/wp\/v2\/posts\/4280","targetHints":{"allow":["GET"]}}],"collection":[{"href":"https:\/\/www.bikotech.pl\/index.php\/wp-json\/wp\/v2\/posts"}],"about":[{"href":"https:\/\/www.bikotech.pl\/index.php\/wp-json\/wp\/v2\/types\/post"}],"author":[{"embeddable":true,"href":"https:\/\/www.bikotech.pl\/index.php\/wp-json\/wp\/v2\/users\/11"}],"replies":[{"embeddable":true,"href":"https:\/\/www.bikotech.pl\/index.php\/wp-json\/wp\/v2\/comments?post=4280"}],"version-history":[{"count":1,"href":"https:\/\/www.bikotech.pl\/index.php\/wp-json\/wp\/v2\/posts\/4280\/revisions"}],"predecessor-version":[{"id":4281,"href":"https:\/\/www.bikotech.pl\/index.php\/wp-json\/wp\/v2\/posts\/4280\/revisions\/4281"}],"wp:featuredmedia":[{"embeddable":true,"href":"https:\/\/www.bikotech.pl\/index.php\/wp-json\/wp\/v2\/media\/4170"}],"wp:attachment":[{"href":"https:\/\/www.bikotech.pl\/index.php\/wp-json\/wp\/v2\/media?parent=4280"}],"wp:term":[{"taxonomy":"category","embeddable":true,"href":"https:\/\/www.bikotech.pl\/index.php\/wp-json\/wp\/v2\/categories?post=4280"},{"taxonomy":"post_tag","embeddable":true,"href":"https:\/\/www.bikotech.pl\/index.php\/wp-json\/wp\/v2\/tags?post=4280"}],"curies":[{"name":"wp","href":"https:\/\/api.w.org\/{rel}","templated":true}]}}