{"id":29380,"date":"2026-01-08T09:22:07","date_gmt":"2026-01-08T08:22:07","guid":{"rendered":"https:\/\/www.bikotech.pl\/?p=29380"},"modified":"2026-01-08T09:22:07","modified_gmt":"2026-01-08T08:22:07","slug":"miesne-smaki-inspirowane-kuchnia-regionu","status":"publish","type":"post","link":"https:\/\/www.bikotech.pl\/index.php\/2026\/01\/08\/miesne-smaki-inspirowane-kuchnia-regionu\/","title":{"rendered":"Mi\u0119sne smaki inspirowane kuchni\u0105 regionu"},"content":{"rendered":"<p>Karnawa\u0142 od dawna kojarzony by\u0142 z czasem obfitszego jedzenia i kuchni\u0105, kt\u00f3ra nie unika t\u0142uszczu ani mi\u0119sa. W naszej tradycji by\u0142 to moment pomi\u0119dzy zim\u0105, a nadchodz\u0105cym postem. Na sto\u0142ach pojawia\u0142y si\u0119 po\u017cywne dania, przygotowywane z my\u015bl\u0105 o wsp\u00f3lnym biesiadowaniu i d\u0142u\u017cszych spotkaniach w gronie bliskich.<br \/>\nZimowa pora sprzyja\u0142a potrawom konkretnym i kalorycznym. Mi\u0119so, g\u0119ste sosy i wyraziste dodatki mia\u0142y nie tylko nasyci\u0107, ale te\u017c da\u0107 energi\u0119 i podkre\u015bli\u0107 wyj\u0105tkowo\u015b\u0107 tego okresu. Takie podej\u015bcie by\u0142o szczeg\u00f3lnie widoczne w kuchniach regionalnych, w tym w \u015bwi\u0119tokrzyskiej \u2013 prostej i tre\u015bciwej.<\/p>\n<p>Dzi\u015b ten spos\u00f3b my\u015blenia o jedzeniu wraca w uproszczonej formie. Zamiast rozbudowanych da\u0144 coraz cz\u0119\u015bciej wybierane s\u0105 przek\u0105ski inspirowane tradycj\u0105, oparte na mi\u0119sie, \u0142atwe do przygotowania i wygodne do podania. W takiej roli sprawdzaj\u0105 si\u0119 klasyczne dodatki od WSP \u201eSpo\u0142em\u201d, Jedn\u0105 z takich propozycji jest pasta mi\u0119sna, sprawdzaj\u0105ca si\u0119 zar\u00f3wno jako zimne danie, jak i dodatek do pieczywa lub deski w\u0119dlin.<\/p>\n<p>Sk\u0142adniki:<br \/>\n\u2022 200 g pieczonej lub gotowanej wieprzowiny (np. kark\u00f3wki lub \u0142opatki)<br \/>\n\u2022 1\u20132 \u0142y\u017cki Majonezu Kieleckiego<br \/>\n\u2022 1 ma\u0142a cebula, drobno posiekana<br \/>\n\u2022 s\u00f3l i \u015bwie\u017co mielony pieprz, majeranek lub tymianek<\/p>\n<p>Przygotowanie:<br \/>\nMi\u0119so drobno posiekaj lub zmiel. Dodaj cebul\u0119, majonez oraz przyprawy i dok\u0142adnie wymieszaj do uzyskania zwartej, kremowej konsystencji. Na koniec dopraw do smaku i uzupe\u0142nij zio\u0142ami. Gotow\u0105 past\u0119 podawaj z pieczywem, grzankami lub jako element deski w\u0119dlin.<\/p>\n<p>Tego typu przek\u0105ski dobrze oddaj\u0105 charakter tego okresu w roku, s\u0105 tre\u015bciwe, wyraziste i przygotowane bez zb\u0119dnych komplikacji, a jednocze\u015bnie nawi\u0105zuj\u0105 do kulinarnej tradycji opartej na mi\u0119sie i prostych dodatkach.<\/p>\n<p>Wi\u0119cej informacji o produktach WSP \u201eSpo\u0142em\u201d oraz aktualnej ofercie produktowej sp\u00f3\u0142dzielni mo\u017cna znale\u017a\u0107 na stronie: www.wspspolem.com.pl<\/p>\n","protected":false},"excerpt":{"rendered":"<p>Karnawa\u0142 od dawna kojarzony by\u0142 z czasem obfitszego jedzenia i kuchni\u0105, kt\u00f3ra nie unika t\u0142uszczu ani mi\u0119sa. W naszej tradycji by\u0142 to moment pomi\u0119dzy zim\u0105, a nadchodz\u0105cym postem. Na sto\u0142ach pojawia\u0142y si\u0119 po\u017cywne dania, przygotowywane z my\u015bl\u0105 o wsp\u00f3lnym biesiadowaniu i d\u0142u\u017cszych spotkaniach w gronie bliskich. Zimowa pora sprzyja\u0142a potrawom konkretnym i kalorycznym. Mi\u0119so, g\u0119ste [&hellip;]<\/p>\n","protected":false},"author":2,"featured_media":29381,"comment_status":"open","ping_status":"open","sticky":false,"template":"","format":"standard","meta":{"footnotes":""},"categories":[2731],"tags":[],"class_list":["post-29380","post","type-post","status-publish","format-standard","has-post-thumbnail","hentry","category-przepisy"],"yoast_head":"<!-- This site is optimized with the Yoast SEO plugin v20.2.1 - https:\/\/yoast.com\/wordpress\/plugins\/seo\/ -->\n<title>Mi\u0119sne smaki inspirowane kuchni\u0105 regionu | bikotech.pl<\/title>\n<meta name=\"robots\" content=\"index, follow, max-snippet:-1, max-image-preview:large, max-video-preview:-1\" \/>\n<link rel=\"canonical\" href=\"https:\/\/www.bikotech.pl\/index.php\/2026\/01\/08\/miesne-smaki-inspirowane-kuchnia-regionu\/\" \/>\n<meta property=\"og:locale\" content=\"pl_PL\" \/>\n<meta property=\"og:type\" content=\"article\" \/>\n<meta property=\"og:title\" content=\"Mi\u0119sne smaki inspirowane kuchni\u0105 regionu | bikotech.pl\" \/>\n<meta property=\"og:description\" content=\"Karnawa\u0142 od dawna kojarzony by\u0142 z czasem obfitszego jedzenia i kuchni\u0105, kt\u00f3ra nie unika t\u0142uszczu ani mi\u0119sa. W naszej tradycji by\u0142 to moment pomi\u0119dzy zim\u0105, a nadchodz\u0105cym postem. Na sto\u0142ach pojawia\u0142y si\u0119 po\u017cywne dania, przygotowywane z my\u015bl\u0105 o wsp\u00f3lnym biesiadowaniu i d\u0142u\u017cszych spotkaniach w gronie bliskich. Zimowa pora sprzyja\u0142a potrawom konkretnym i kalorycznym. Mi\u0119so, g\u0119ste [&hellip;]\" \/>\n<meta property=\"og:url\" content=\"https:\/\/www.bikotech.pl\/index.php\/2026\/01\/08\/miesne-smaki-inspirowane-kuchnia-regionu\/\" \/>\n<meta property=\"og:site_name\" content=\"bikotech.pl\" \/>\n<meta property=\"article:published_time\" content=\"2026-01-08T08:22:07+00:00\" \/>\n<meta property=\"og:image\" content=\"https:\/\/www.bikotech.pl\/wp-content\/uploads\/2026\/01\/grafiki_biko.jpg\" \/>\n\t<meta property=\"og:image:width\" content=\"1748\" \/>\n\t<meta property=\"og:image:height\" content=\"1240\" \/>\n\t<meta property=\"og:image:type\" content=\"image\/jpeg\" \/>\n<meta name=\"author\" content=\"Ola Wojnarowska\" \/>\n<meta name=\"twitter:card\" content=\"summary_large_image\" \/>\n<meta name=\"twitter:label1\" content=\"Napisane przez\" \/>\n\t<meta name=\"twitter:data1\" content=\"Ola Wojnarowska\" \/>\n\t<meta name=\"twitter:label2\" content=\"Szacowany czas czytania\" \/>\n\t<meta name=\"twitter:data2\" content=\"2 minuty\" \/>\n<script type=\"application\/ld+json\" class=\"yoast-schema-graph\">{\"@context\":\"https:\/\/schema.org\",\"@graph\":[{\"@type\":\"WebPage\",\"@id\":\"https:\/\/www.bikotech.pl\/index.php\/2026\/01\/08\/miesne-smaki-inspirowane-kuchnia-regionu\/\",\"url\":\"https:\/\/www.bikotech.pl\/index.php\/2026\/01\/08\/miesne-smaki-inspirowane-kuchnia-regionu\/\",\"name\":\"Mi\u0119sne smaki inspirowane kuchni\u0105 regionu | bikotech.pl\",\"isPartOf\":{\"@id\":\"https:\/\/www.bikotech.pl\/#website\"},\"datePublished\":\"2026-01-08T08:22:07+00:00\",\"dateModified\":\"2026-01-08T08:22:07+00:00\",\"author\":{\"@id\":\"https:\/\/www.bikotech.pl\/#\/schema\/person\/a7613f8d8180fa66033a28be3f87db21\"},\"breadcrumb\":{\"@id\":\"https:\/\/www.bikotech.pl\/index.php\/2026\/01\/08\/miesne-smaki-inspirowane-kuchnia-regionu\/#breadcrumb\"},\"inLanguage\":\"pl-PL\",\"potentialAction\":[{\"@type\":\"ReadAction\",\"target\":[\"https:\/\/www.bikotech.pl\/index.php\/2026\/01\/08\/miesne-smaki-inspirowane-kuchnia-regionu\/\"]}]},{\"@type\":\"BreadcrumbList\",\"@id\":\"https:\/\/www.bikotech.pl\/index.php\/2026\/01\/08\/miesne-smaki-inspirowane-kuchnia-regionu\/#breadcrumb\",\"itemListElement\":[{\"@type\":\"ListItem\",\"position\":1,\"name\":\"Strona g\u0142\u00f3wna\",\"item\":\"https:\/\/www.bikotech.pl\/\"},{\"@type\":\"ListItem\",\"position\":2,\"name\":\"Mi\u0119sne smaki inspirowane kuchni\u0105 regionu\"}]},{\"@type\":\"WebSite\",\"@id\":\"https:\/\/www.bikotech.pl\/#website\",\"url\":\"https:\/\/www.bikotech.pl\/\",\"name\":\"bikotech.pl\",\"description\":\"Innowacje, \u015brodowisko, technologie  - prosto i z sensem o przemy\u015ble spo\u017cywczym\",\"potentialAction\":[{\"@type\":\"SearchAction\",\"target\":{\"@type\":\"EntryPoint\",\"urlTemplate\":\"https:\/\/www.bikotech.pl\/?s={search_term_string}\"},\"query-input\":\"required name=search_term_string\"}],\"inLanguage\":\"pl-PL\"},{\"@type\":\"Person\",\"@id\":\"https:\/\/www.bikotech.pl\/#\/schema\/person\/a7613f8d8180fa66033a28be3f87db21\",\"name\":\"Ola Wojnarowska\",\"image\":{\"@type\":\"ImageObject\",\"inLanguage\":\"pl-PL\",\"@id\":\"https:\/\/www.bikotech.pl\/#\/schema\/person\/image\/\",\"url\":\"https:\/\/secure.gravatar.com\/avatar\/64d6402adc862d9de7f648ddc7bc25eaacda07271c0660d3fb3c5297d799c420?s=96&d=mm&r=g\",\"contentUrl\":\"https:\/\/secure.gravatar.com\/avatar\/64d6402adc862d9de7f648ddc7bc25eaacda07271c0660d3fb3c5297d799c420?s=96&d=mm&r=g\",\"caption\":\"Ola Wojnarowska\"},\"sameAs\":[\"http:\/\/bikotech.pl\"],\"url\":\"https:\/\/www.bikotech.pl\/index.php\/author\/ola\/\"}]}<\/script>\n<!-- \/ Yoast SEO plugin. -->","yoast_head_json":{"title":"Mi\u0119sne smaki inspirowane kuchni\u0105 regionu | bikotech.pl","robots":{"index":"index","follow":"follow","max-snippet":"max-snippet:-1","max-image-preview":"max-image-preview:large","max-video-preview":"max-video-preview:-1"},"canonical":"https:\/\/www.bikotech.pl\/index.php\/2026\/01\/08\/miesne-smaki-inspirowane-kuchnia-regionu\/","og_locale":"pl_PL","og_type":"article","og_title":"Mi\u0119sne smaki inspirowane kuchni\u0105 regionu | bikotech.pl","og_description":"Karnawa\u0142 od dawna kojarzony by\u0142 z czasem obfitszego jedzenia i kuchni\u0105, kt\u00f3ra nie unika t\u0142uszczu ani mi\u0119sa. W naszej tradycji by\u0142 to moment pomi\u0119dzy zim\u0105, a nadchodz\u0105cym postem. Na sto\u0142ach pojawia\u0142y si\u0119 po\u017cywne dania, przygotowywane z my\u015bl\u0105 o wsp\u00f3lnym biesiadowaniu i d\u0142u\u017cszych spotkaniach w gronie bliskich. Zimowa pora sprzyja\u0142a potrawom konkretnym i kalorycznym. Mi\u0119so, g\u0119ste [&hellip;]","og_url":"https:\/\/www.bikotech.pl\/index.php\/2026\/01\/08\/miesne-smaki-inspirowane-kuchnia-regionu\/","og_site_name":"bikotech.pl","article_published_time":"2026-01-08T08:22:07+00:00","og_image":[{"width":1748,"height":1240,"url":"https:\/\/www.bikotech.pl\/wp-content\/uploads\/2026\/01\/grafiki_biko.jpg","type":"image\/jpeg"}],"author":"Ola Wojnarowska","twitter_card":"summary_large_image","twitter_misc":{"Napisane przez":"Ola Wojnarowska","Szacowany czas czytania":"2 minuty"},"schema":{"@context":"https:\/\/schema.org","@graph":[{"@type":"WebPage","@id":"https:\/\/www.bikotech.pl\/index.php\/2026\/01\/08\/miesne-smaki-inspirowane-kuchnia-regionu\/","url":"https:\/\/www.bikotech.pl\/index.php\/2026\/01\/08\/miesne-smaki-inspirowane-kuchnia-regionu\/","name":"Mi\u0119sne smaki inspirowane kuchni\u0105 regionu | bikotech.pl","isPartOf":{"@id":"https:\/\/www.bikotech.pl\/#website"},"datePublished":"2026-01-08T08:22:07+00:00","dateModified":"2026-01-08T08:22:07+00:00","author":{"@id":"https:\/\/www.bikotech.pl\/#\/schema\/person\/a7613f8d8180fa66033a28be3f87db21"},"breadcrumb":{"@id":"https:\/\/www.bikotech.pl\/index.php\/2026\/01\/08\/miesne-smaki-inspirowane-kuchnia-regionu\/#breadcrumb"},"inLanguage":"pl-PL","potentialAction":[{"@type":"ReadAction","target":["https:\/\/www.bikotech.pl\/index.php\/2026\/01\/08\/miesne-smaki-inspirowane-kuchnia-regionu\/"]}]},{"@type":"BreadcrumbList","@id":"https:\/\/www.bikotech.pl\/index.php\/2026\/01\/08\/miesne-smaki-inspirowane-kuchnia-regionu\/#breadcrumb","itemListElement":[{"@type":"ListItem","position":1,"name":"Strona g\u0142\u00f3wna","item":"https:\/\/www.bikotech.pl\/"},{"@type":"ListItem","position":2,"name":"Mi\u0119sne smaki inspirowane kuchni\u0105 regionu"}]},{"@type":"WebSite","@id":"https:\/\/www.bikotech.pl\/#website","url":"https:\/\/www.bikotech.pl\/","name":"bikotech.pl","description":"Innowacje, \u015brodowisko, technologie  - prosto i z sensem o przemy\u015ble spo\u017cywczym","potentialAction":[{"@type":"SearchAction","target":{"@type":"EntryPoint","urlTemplate":"https:\/\/www.bikotech.pl\/?s={search_term_string}"},"query-input":"required name=search_term_string"}],"inLanguage":"pl-PL"},{"@type":"Person","@id":"https:\/\/www.bikotech.pl\/#\/schema\/person\/a7613f8d8180fa66033a28be3f87db21","name":"Ola Wojnarowska","image":{"@type":"ImageObject","inLanguage":"pl-PL","@id":"https:\/\/www.bikotech.pl\/#\/schema\/person\/image\/","url":"https:\/\/secure.gravatar.com\/avatar\/64d6402adc862d9de7f648ddc7bc25eaacda07271c0660d3fb3c5297d799c420?s=96&d=mm&r=g","contentUrl":"https:\/\/secure.gravatar.com\/avatar\/64d6402adc862d9de7f648ddc7bc25eaacda07271c0660d3fb3c5297d799c420?s=96&d=mm&r=g","caption":"Ola Wojnarowska"},"sameAs":["http:\/\/bikotech.pl"],"url":"https:\/\/www.bikotech.pl\/index.php\/author\/ola\/"}]}},"_links":{"self":[{"href":"https:\/\/www.bikotech.pl\/index.php\/wp-json\/wp\/v2\/posts\/29380","targetHints":{"allow":["GET"]}}],"collection":[{"href":"https:\/\/www.bikotech.pl\/index.php\/wp-json\/wp\/v2\/posts"}],"about":[{"href":"https:\/\/www.bikotech.pl\/index.php\/wp-json\/wp\/v2\/types\/post"}],"author":[{"embeddable":true,"href":"https:\/\/www.bikotech.pl\/index.php\/wp-json\/wp\/v2\/users\/2"}],"replies":[{"embeddable":true,"href":"https:\/\/www.bikotech.pl\/index.php\/wp-json\/wp\/v2\/comments?post=29380"}],"version-history":[{"count":1,"href":"https:\/\/www.bikotech.pl\/index.php\/wp-json\/wp\/v2\/posts\/29380\/revisions"}],"predecessor-version":[{"id":29382,"href":"https:\/\/www.bikotech.pl\/index.php\/wp-json\/wp\/v2\/posts\/29380\/revisions\/29382"}],"wp:featuredmedia":[{"embeddable":true,"href":"https:\/\/www.bikotech.pl\/index.php\/wp-json\/wp\/v2\/media\/29381"}],"wp:attachment":[{"href":"https:\/\/www.bikotech.pl\/index.php\/wp-json\/wp\/v2\/media?parent=29380"}],"wp:term":[{"taxonomy":"category","embeddable":true,"href":"https:\/\/www.bikotech.pl\/index.php\/wp-json\/wp\/v2\/categories?post=29380"},{"taxonomy":"post_tag","embeddable":true,"href":"https:\/\/www.bikotech.pl\/index.php\/wp-json\/wp\/v2\/tags?post=29380"}],"curies":[{"name":"wp","href":"https:\/\/api.w.org\/{rel}","templated":true}]}}