{"id":2840,"date":"2017-08-28T12:05:55","date_gmt":"2017-08-28T10:05:55","guid":{"rendered":"http:\/\/www.agroindustry.pl\/?p=2840"},"modified":"2017-08-22T12:03:49","modified_gmt":"2017-08-22T10:03:49","slug":"barbara-szczerba-prezes-zarzadu-osm-miedzyborz-w-kilku-slowach-o-polskim-mleczarstwie","status":"publish","type":"post","link":"https:\/\/www.bikotech.pl\/index.php\/2017\/08\/28\/barbara-szczerba-prezes-zarzadu-osm-miedzyborz-w-kilku-slowach-o-polskim-mleczarstwie\/","title":{"rendered":"Barbara Szczerba, prezes zarz\u0105du OSM Mi\u0119dzyb\u00f3rz w kilku s\u0142owach o polskim mleczarstwie"},"content":{"rendered":"<p>W mojej ocenie najwa\u017cniejszymi wydarzeniami zmieniaj\u0105cymi polskie mleczarstwo w ostatnim \u0107wier\u0107wieczu by\u0142a zmiana mentalno\u015bci, tak producent\u00f3w mleka jak i firm przetw\u00f3rczych. Podstaw\u0105 wszelkich decyzji sta\u0142a si\u0119 gospodarka rynkowa. Jednak w kraju, kt\u00f3ry dopiero tworzy\u0142 podstawy takiej gospodarki, zrodzi\u0142a si\u0119 szybko niezdrowa\u00a0 konkurencja, kt\u00f3ra wywo\u0142a\u0142a \u201ewojn\u0119 o mleko\u201d, co by\u0142o jedn\u0105 z przyczyn upad\u0142o\u015bci wielu sp\u00f3\u0142dzielni mleczarskich. Zarz\u0105dy tych sp\u00f3\u0142dzielni nie by\u0142y na tyle odwa\u017cne, aby pr\u00f3bowa\u0107 przeprowadza\u0107 radykalne i konieczne zmiany.<\/p>\n<p>Dodatkowo powstaj\u0105ce w nieograniczonej liczbie du\u017ce supermarkety, zacz\u0119\u0142y dyktowa\u0107 warunki kontrakt\u00f3w, co poszerzy\u0142o grono likwidowanych sp\u00f3\u0142dzielni. Pozytywnym zjawiskiem by\u0142o powi\u0119kszanie si\u0119 liczby \u201edu\u017cych\u201d producent\u00f3w mleka i likwidacja niewielkich hodowli, kt\u00f3rych w\u0142a\u015bciciele nie mieli \u015brodk\u00f3w na wdra\u017canie nowoczesno\u015bci, lub bali si\u0119 ryzyka, by skorzysta\u0107 ze \u015brodk\u00f3w unijnych. Dzi\u0119ki temu rozwijaj\u0105cy produkcj\u0119 polscy producenci mleka, korzystaj\u0105c z hossy na rynku mleka, bardzo szybko doprowadzili do jako\u015bciowego i technologicznego zr\u00f3wnania si\u0119 z rolnikami kraj\u00f3w \u201estarej Unii\u201d.<\/p>\n<p><strong>Tradycyjne produkty, nowoczesny zak\u0142ad<\/strong><\/p>\n<p>Najwa\u017cniejszym wydarzeniem w ostatnim \u0107wier\u0107wieczu by\u0142a decyzja zarz\u0105du o podj\u0119ciu dzia\u0142a\u0144 d\u0105\u017c\u0105cych do spe\u0142nienia wszystkich wymaga\u0144 unijnych i uzyskania stosownych certyfikat\u00f3w. W tym celu opracowali\u015bmy plan i program rozwoju, kt\u00f3re konsekwentnie realizowali\u015bmy, wykorzystuj\u0105c dziewi\u0119ciokrotnie fundusze unijne. Za\u0142o\u017ceniem by\u0142o, \u017ce najwa\u017cniejsze jest utrzymanie bardzo wysokiej jako\u015bci nabia\u0142u produkowanego tradycyjnymi metodami, bez \u017cadnych sztucznych dodatk\u00f3w. Decyzja by\u0142a s\u0142uszna, a cel osi\u0105gni\u0119ty. Zak\u0142ad zosta\u0142 zmodernizowany i mimo wysokiego stopnia unowocze\u015bnienia oraz skomputeryzowania, produkujemy dalej wed\u0142ug technologii tradycyjnych. Istotn\u0105 zmian\u0105 by\u0142o przekonanie producent\u00f3w mleka o wprowadzaniu nowoczesnej hodowli byd\u0142a mlecznego z wykorzystaniem najnowszej techniki i technologii, poczynaj\u0105c od wyposa\u017cenia technicznego ob\u00f3r, \u017cywienia oraz opieki medycznej nad stadem. Sukcesem naszej sp\u00f3\u0142dzielni jest fakt, \u017ce znale\u017ali\u015bmy si\u0119 w Europejskiej Sieci Dziedzictwa Kulinarnego (European Network of Regional Culinary Heritage). Odpowiadaj\u0105c na oczekiwania rynku, w ubieg\u0142ym roku wdro\u017cyli\u015bmy now\u0105 lini\u0119 produkt\u00f3w \u201ePremium\u201d, szat\u0105 graficzn\u0105 nawi\u0105zuj\u0105c\u0105 do tradycyjnej, polskiej wsi, kt\u00f3ra spotka\u0142a si\u0119 z uznaniem klient\u00f3w.<\/p>\n","protected":false},"excerpt":{"rendered":"<p>W mojej ocenie najwa\u017cniejszymi wydarzeniami zmieniaj\u0105cymi polskie mleczarstwo w ostatnim \u0107wier\u0107wieczu by\u0142a zmiana mentalno\u015bci, tak producent\u00f3w mleka jak i firm przetw\u00f3rczych. Podstaw\u0105 wszelkich decyzji sta\u0142a si\u0119 gospodarka rynkowa. Jednak w kraju, kt\u00f3ry dopiero tworzy\u0142 podstawy takiej gospodarki, zrodzi\u0142a si\u0119 szybko niezdrowa\u00a0 konkurencja, kt\u00f3ra wywo\u0142a\u0142a \u201ewojn\u0119 o mleko\u201d, co by\u0142o jedn\u0105 z przyczyn upad\u0142o\u015bci wielu sp\u00f3\u0142dzielni [&hellip;]<\/p>\n","protected":false},"author":2,"featured_media":2841,"comment_status":"open","ping_status":"open","sticky":false,"template":"","format":"standard","meta":{"footnotes":""},"categories":[2,14,33],"tags":[195,196],"class_list":["post-2840","post","type-post","status-publish","format-standard","has-post-thumbnail","hentry","category-mleczarstwo","category-wydarzenia","category-rynek","tag-barbara-szczerba","tag-osm-miedzyborz"],"yoast_head":"<!-- This site is optimized with the Yoast SEO plugin v20.2.1 - https:\/\/yoast.com\/wordpress\/plugins\/seo\/ -->\n<title>Barbara Szczerba, prezes zarz\u0105du OSM Mi\u0119dzyb\u00f3rz w kilku s\u0142owach o polskim mleczarstwie | bikotech.pl<\/title>\n<meta name=\"robots\" content=\"index, follow, max-snippet:-1, max-image-preview:large, max-video-preview:-1\" \/>\n<link rel=\"canonical\" href=\"https:\/\/www.bikotech.pl\/index.php\/2017\/08\/28\/barbara-szczerba-prezes-zarzadu-osm-miedzyborz-w-kilku-slowach-o-polskim-mleczarstwie\/\" \/>\n<meta property=\"og:locale\" content=\"pl_PL\" \/>\n<meta property=\"og:type\" content=\"article\" \/>\n<meta property=\"og:title\" content=\"Barbara Szczerba, prezes zarz\u0105du OSM Mi\u0119dzyb\u00f3rz w kilku s\u0142owach o polskim mleczarstwie | bikotech.pl\" \/>\n<meta property=\"og:description\" content=\"W mojej ocenie najwa\u017cniejszymi wydarzeniami zmieniaj\u0105cymi polskie mleczarstwo w ostatnim \u0107wier\u0107wieczu by\u0142a zmiana mentalno\u015bci, tak producent\u00f3w mleka jak i firm przetw\u00f3rczych. Podstaw\u0105 wszelkich decyzji sta\u0142a si\u0119 gospodarka rynkowa. Jednak w kraju, kt\u00f3ry dopiero tworzy\u0142 podstawy takiej gospodarki, zrodzi\u0142a si\u0119 szybko niezdrowa\u00a0 konkurencja, kt\u00f3ra wywo\u0142a\u0142a \u201ewojn\u0119 o mleko\u201d, co by\u0142o jedn\u0105 z przyczyn upad\u0142o\u015bci wielu sp\u00f3\u0142dzielni [&hellip;]\" \/>\n<meta property=\"og:url\" content=\"https:\/\/www.bikotech.pl\/index.php\/2017\/08\/28\/barbara-szczerba-prezes-zarzadu-osm-miedzyborz-w-kilku-slowach-o-polskim-mleczarstwie\/\" \/>\n<meta property=\"og:site_name\" content=\"bikotech.pl\" \/>\n<meta property=\"article:published_time\" content=\"2017-08-28T10:05:55+00:00\" \/>\n<meta property=\"article:modified_time\" content=\"2017-08-22T10:03:49+00:00\" \/>\n<meta property=\"og:image\" content=\"https:\/\/www.bikotech.pl\/wp-content\/uploads\/2017\/08\/PREZES-OSM-BARBARA-SZCZERBA-ZE-SZKLANKA_MLEKA.jpg\" \/>\n\t<meta property=\"og:image:width\" content=\"398\" \/>\n\t<meta property=\"og:image:height\" content=\"600\" \/>\n\t<meta property=\"og:image:type\" content=\"image\/jpeg\" \/>\n<meta name=\"author\" content=\"Ola Wojnarowska\" \/>\n<meta name=\"twitter:card\" content=\"summary_large_image\" \/>\n<meta name=\"twitter:label1\" content=\"Napisane przez\" \/>\n\t<meta name=\"twitter:data1\" content=\"Ola Wojnarowska\" \/>\n\t<meta name=\"twitter:label2\" content=\"Szacowany czas czytania\" \/>\n\t<meta name=\"twitter:data2\" content=\"2 minuty\" \/>\n<script type=\"application\/ld+json\" class=\"yoast-schema-graph\">{\"@context\":\"https:\/\/schema.org\",\"@graph\":[{\"@type\":\"WebPage\",\"@id\":\"https:\/\/www.bikotech.pl\/index.php\/2017\/08\/28\/barbara-szczerba-prezes-zarzadu-osm-miedzyborz-w-kilku-slowach-o-polskim-mleczarstwie\/\",\"url\":\"https:\/\/www.bikotech.pl\/index.php\/2017\/08\/28\/barbara-szczerba-prezes-zarzadu-osm-miedzyborz-w-kilku-slowach-o-polskim-mleczarstwie\/\",\"name\":\"Barbara Szczerba, prezes zarz\u0105du OSM Mi\u0119dzyb\u00f3rz w kilku s\u0142owach o polskim mleczarstwie | bikotech.pl\",\"isPartOf\":{\"@id\":\"https:\/\/www.bikotech.pl\/#website\"},\"datePublished\":\"2017-08-28T10:05:55+00:00\",\"dateModified\":\"2017-08-22T10:03:49+00:00\",\"author\":{\"@id\":\"https:\/\/www.bikotech.pl\/#\/schema\/person\/a7613f8d8180fa66033a28be3f87db21\"},\"breadcrumb\":{\"@id\":\"https:\/\/www.bikotech.pl\/index.php\/2017\/08\/28\/barbara-szczerba-prezes-zarzadu-osm-miedzyborz-w-kilku-slowach-o-polskim-mleczarstwie\/#breadcrumb\"},\"inLanguage\":\"pl-PL\",\"potentialAction\":[{\"@type\":\"ReadAction\",\"target\":[\"https:\/\/www.bikotech.pl\/index.php\/2017\/08\/28\/barbara-szczerba-prezes-zarzadu-osm-miedzyborz-w-kilku-slowach-o-polskim-mleczarstwie\/\"]}]},{\"@type\":\"BreadcrumbList\",\"@id\":\"https:\/\/www.bikotech.pl\/index.php\/2017\/08\/28\/barbara-szczerba-prezes-zarzadu-osm-miedzyborz-w-kilku-slowach-o-polskim-mleczarstwie\/#breadcrumb\",\"itemListElement\":[{\"@type\":\"ListItem\",\"position\":1,\"name\":\"Strona g\u0142\u00f3wna\",\"item\":\"https:\/\/www.bikotech.pl\/\"},{\"@type\":\"ListItem\",\"position\":2,\"name\":\"Barbara Szczerba, prezes zarz\u0105du OSM Mi\u0119dzyb\u00f3rz w kilku s\u0142owach o polskim mleczarstwie\"}]},{\"@type\":\"WebSite\",\"@id\":\"https:\/\/www.bikotech.pl\/#website\",\"url\":\"https:\/\/www.bikotech.pl\/\",\"name\":\"bikotech.pl\",\"description\":\"Innowacje, \u015brodowisko, technologie  - prosto i z sensem o przemy\u015ble spo\u017cywczym\",\"potentialAction\":[{\"@type\":\"SearchAction\",\"target\":{\"@type\":\"EntryPoint\",\"urlTemplate\":\"https:\/\/www.bikotech.pl\/?s={search_term_string}\"},\"query-input\":\"required name=search_term_string\"}],\"inLanguage\":\"pl-PL\"},{\"@type\":\"Person\",\"@id\":\"https:\/\/www.bikotech.pl\/#\/schema\/person\/a7613f8d8180fa66033a28be3f87db21\",\"name\":\"Ola Wojnarowska\",\"image\":{\"@type\":\"ImageObject\",\"inLanguage\":\"pl-PL\",\"@id\":\"https:\/\/www.bikotech.pl\/#\/schema\/person\/image\/\",\"url\":\"https:\/\/secure.gravatar.com\/avatar\/64d6402adc862d9de7f648ddc7bc25eaacda07271c0660d3fb3c5297d799c420?s=96&d=mm&r=g\",\"contentUrl\":\"https:\/\/secure.gravatar.com\/avatar\/64d6402adc862d9de7f648ddc7bc25eaacda07271c0660d3fb3c5297d799c420?s=96&d=mm&r=g\",\"caption\":\"Ola Wojnarowska\"},\"sameAs\":[\"http:\/\/bikotech.pl\"],\"url\":\"https:\/\/www.bikotech.pl\/index.php\/author\/ola\/\"}]}<\/script>\n<!-- \/ Yoast SEO plugin. -->","yoast_head_json":{"title":"Barbara Szczerba, prezes zarz\u0105du OSM Mi\u0119dzyb\u00f3rz w kilku s\u0142owach o polskim mleczarstwie | bikotech.pl","robots":{"index":"index","follow":"follow","max-snippet":"max-snippet:-1","max-image-preview":"max-image-preview:large","max-video-preview":"max-video-preview:-1"},"canonical":"https:\/\/www.bikotech.pl\/index.php\/2017\/08\/28\/barbara-szczerba-prezes-zarzadu-osm-miedzyborz-w-kilku-slowach-o-polskim-mleczarstwie\/","og_locale":"pl_PL","og_type":"article","og_title":"Barbara Szczerba, prezes zarz\u0105du OSM Mi\u0119dzyb\u00f3rz w kilku s\u0142owach o polskim mleczarstwie | bikotech.pl","og_description":"W mojej ocenie najwa\u017cniejszymi wydarzeniami zmieniaj\u0105cymi polskie mleczarstwo w ostatnim \u0107wier\u0107wieczu by\u0142a zmiana mentalno\u015bci, tak producent\u00f3w mleka jak i firm przetw\u00f3rczych. Podstaw\u0105 wszelkich decyzji sta\u0142a si\u0119 gospodarka rynkowa. Jednak w kraju, kt\u00f3ry dopiero tworzy\u0142 podstawy takiej gospodarki, zrodzi\u0142a si\u0119 szybko niezdrowa\u00a0 konkurencja, kt\u00f3ra wywo\u0142a\u0142a \u201ewojn\u0119 o mleko\u201d, co by\u0142o jedn\u0105 z przyczyn upad\u0142o\u015bci wielu sp\u00f3\u0142dzielni [&hellip;]","og_url":"https:\/\/www.bikotech.pl\/index.php\/2017\/08\/28\/barbara-szczerba-prezes-zarzadu-osm-miedzyborz-w-kilku-slowach-o-polskim-mleczarstwie\/","og_site_name":"bikotech.pl","article_published_time":"2017-08-28T10:05:55+00:00","article_modified_time":"2017-08-22T10:03:49+00:00","og_image":[{"width":398,"height":600,"url":"https:\/\/www.bikotech.pl\/wp-content\/uploads\/2017\/08\/PREZES-OSM-BARBARA-SZCZERBA-ZE-SZKLANKA_MLEKA.jpg","type":"image\/jpeg"}],"author":"Ola Wojnarowska","twitter_card":"summary_large_image","twitter_misc":{"Napisane przez":"Ola Wojnarowska","Szacowany czas czytania":"2 minuty"},"schema":{"@context":"https:\/\/schema.org","@graph":[{"@type":"WebPage","@id":"https:\/\/www.bikotech.pl\/index.php\/2017\/08\/28\/barbara-szczerba-prezes-zarzadu-osm-miedzyborz-w-kilku-slowach-o-polskim-mleczarstwie\/","url":"https:\/\/www.bikotech.pl\/index.php\/2017\/08\/28\/barbara-szczerba-prezes-zarzadu-osm-miedzyborz-w-kilku-slowach-o-polskim-mleczarstwie\/","name":"Barbara Szczerba, prezes zarz\u0105du OSM Mi\u0119dzyb\u00f3rz w kilku s\u0142owach o polskim mleczarstwie | bikotech.pl","isPartOf":{"@id":"https:\/\/www.bikotech.pl\/#website"},"datePublished":"2017-08-28T10:05:55+00:00","dateModified":"2017-08-22T10:03:49+00:00","author":{"@id":"https:\/\/www.bikotech.pl\/#\/schema\/person\/a7613f8d8180fa66033a28be3f87db21"},"breadcrumb":{"@id":"https:\/\/www.bikotech.pl\/index.php\/2017\/08\/28\/barbara-szczerba-prezes-zarzadu-osm-miedzyborz-w-kilku-slowach-o-polskim-mleczarstwie\/#breadcrumb"},"inLanguage":"pl-PL","potentialAction":[{"@type":"ReadAction","target":["https:\/\/www.bikotech.pl\/index.php\/2017\/08\/28\/barbara-szczerba-prezes-zarzadu-osm-miedzyborz-w-kilku-slowach-o-polskim-mleczarstwie\/"]}]},{"@type":"BreadcrumbList","@id":"https:\/\/www.bikotech.pl\/index.php\/2017\/08\/28\/barbara-szczerba-prezes-zarzadu-osm-miedzyborz-w-kilku-slowach-o-polskim-mleczarstwie\/#breadcrumb","itemListElement":[{"@type":"ListItem","position":1,"name":"Strona g\u0142\u00f3wna","item":"https:\/\/www.bikotech.pl\/"},{"@type":"ListItem","position":2,"name":"Barbara Szczerba, prezes zarz\u0105du OSM Mi\u0119dzyb\u00f3rz w kilku s\u0142owach o polskim mleczarstwie"}]},{"@type":"WebSite","@id":"https:\/\/www.bikotech.pl\/#website","url":"https:\/\/www.bikotech.pl\/","name":"bikotech.pl","description":"Innowacje, \u015brodowisko, technologie  - prosto i z sensem o przemy\u015ble spo\u017cywczym","potentialAction":[{"@type":"SearchAction","target":{"@type":"EntryPoint","urlTemplate":"https:\/\/www.bikotech.pl\/?s={search_term_string}"},"query-input":"required name=search_term_string"}],"inLanguage":"pl-PL"},{"@type":"Person","@id":"https:\/\/www.bikotech.pl\/#\/schema\/person\/a7613f8d8180fa66033a28be3f87db21","name":"Ola Wojnarowska","image":{"@type":"ImageObject","inLanguage":"pl-PL","@id":"https:\/\/www.bikotech.pl\/#\/schema\/person\/image\/","url":"https:\/\/secure.gravatar.com\/avatar\/64d6402adc862d9de7f648ddc7bc25eaacda07271c0660d3fb3c5297d799c420?s=96&d=mm&r=g","contentUrl":"https:\/\/secure.gravatar.com\/avatar\/64d6402adc862d9de7f648ddc7bc25eaacda07271c0660d3fb3c5297d799c420?s=96&d=mm&r=g","caption":"Ola Wojnarowska"},"sameAs":["http:\/\/bikotech.pl"],"url":"https:\/\/www.bikotech.pl\/index.php\/author\/ola\/"}]}},"_links":{"self":[{"href":"https:\/\/www.bikotech.pl\/index.php\/wp-json\/wp\/v2\/posts\/2840","targetHints":{"allow":["GET"]}}],"collection":[{"href":"https:\/\/www.bikotech.pl\/index.php\/wp-json\/wp\/v2\/posts"}],"about":[{"href":"https:\/\/www.bikotech.pl\/index.php\/wp-json\/wp\/v2\/types\/post"}],"author":[{"embeddable":true,"href":"https:\/\/www.bikotech.pl\/index.php\/wp-json\/wp\/v2\/users\/2"}],"replies":[{"embeddable":true,"href":"https:\/\/www.bikotech.pl\/index.php\/wp-json\/wp\/v2\/comments?post=2840"}],"version-history":[{"count":2,"href":"https:\/\/www.bikotech.pl\/index.php\/wp-json\/wp\/v2\/posts\/2840\/revisions"}],"predecessor-version":[{"id":2848,"href":"https:\/\/www.bikotech.pl\/index.php\/wp-json\/wp\/v2\/posts\/2840\/revisions\/2848"}],"wp:featuredmedia":[{"embeddable":true,"href":"https:\/\/www.bikotech.pl\/index.php\/wp-json\/wp\/v2\/media\/2841"}],"wp:attachment":[{"href":"https:\/\/www.bikotech.pl\/index.php\/wp-json\/wp\/v2\/media?parent=2840"}],"wp:term":[{"taxonomy":"category","embeddable":true,"href":"https:\/\/www.bikotech.pl\/index.php\/wp-json\/wp\/v2\/categories?post=2840"},{"taxonomy":"post_tag","embeddable":true,"href":"https:\/\/www.bikotech.pl\/index.php\/wp-json\/wp\/v2\/tags?post=2840"}],"curies":[{"name":"wp","href":"https:\/\/api.w.org\/{rel}","templated":true}]}}