{"id":27448,"date":"2025-08-14T13:04:47","date_gmt":"2025-08-14T11:04:47","guid":{"rendered":"https:\/\/www.bikotech.pl\/?p=27448"},"modified":"2025-08-14T13:05:01","modified_gmt":"2025-08-14T11:05:01","slug":"system-kaucyjny-handlowcy-apeluja-do-premiera-o-interwencje","status":"publish","type":"post","link":"https:\/\/www.bikotech.pl\/index.php\/2025\/08\/14\/system-kaucyjny-handlowcy-apeluja-do-premiera-o-interwencje\/","title":{"rendered":"System kaucyjny. Handlowcy apeluj\u0105 do premiera o interwencj\u0119"},"content":{"rendered":"<p><strong>Bran\u017ca handlowa alarmuje: startuj\u0105cy nied\u0142ugo system kaucyjny nie jest gotowy do wdro\u017cenia w obecnym kszta\u0142cie. Jego uruchomienie bez wyja\u015bnienia wielu istniej\u0105cych nie\u015bcis\u0142o\u015bci mo\u017ce przynie\u015b\u0107 rozczarowanie wszystkim uczestnikom \u2013 w tym konsumentom, producentom i handlowi. Polska Organizacja Handlu i Dystrybucji wystosowa\u0142a w tej sprawie apel do premiera Donalda Tuska, w kt\u00f3rym zadano konkretne pytania dotycz\u0105ce poprawnej interpretacji i realizacji ustawy. Organizacja liczy na rzeczow\u0105 odpowied\u017a legislator\u00f3w, kt\u00f3ra pozwoli na mo\u017cliwie bezproblemow\u0105 dzia\u0142alno\u015b\u0107 systemu w interesie klient\u00f3w, \u015brodowiska i biznesu. <\/strong><\/p>\n<p>Za\u0142o\u017cenia systemu kaucyjnego s\u0105 s\u0142uszne \u2013 ma on sprzyja\u0107 recyklingowi opakowa\u0144, obni\u017ceniu ilo\u015bci odpad\u00f3w jednorazowych oraz zwi\u0119kszeniu \u015bwiadomo\u015bci ekologicznej Polak\u00f3w. Polska Organizacja Handlu i Dystrybucji (POHiD), zrzeszaj\u0105ca najwi\u0119ksze sieci handlowe w kraju, podkre\u015bla, \u017ce jej cz\u0142onkowie wspieraj\u0105 rozwi\u0105zania proekologiczne i tak, jak rz\u0105dowi, im r\u00f3wnie\u017c zale\u017cy na sukcesie systemu kaucyjnego. Wskazuje jednak na wiele niewyja\u015bnionych kwestii, kt\u00f3re zagra\u017caj\u0105 powodzeniu nowego modelu. B\u0119d\u0105 one mia\u0142y istotny wp\u0142yw na ca\u0142o\u015b\u0107 rzeczywisto\u015bci w sklepach po 1 pa\u017adziernika br., na kiedy to zaplanowano start systemu.<\/p>\n<p>POHiD w imieniu przedsi\u0119biorc\u00f3w zaapelowa\u0142 zatem o wyja\u015bnienie problem\u00f3w kluczowych dla startu systemu kaucyjnego oraz o ew. zmiany, umo\u017cliwiaj\u0105ce sprawne, sprawiedliwe i zgodne z realiami wdro\u017cenie systemu kaucyjnego, kt\u00f3ry b\u0119dzie s\u0142u\u017cy\u0142 \u015brodowisku, a tak\u017ce spe\u0142ni wymogi Unii Europejskiej. W przeciwnym razie ucierpi\u0105 nie tylko firmy, ale r\u00f3wnie\u017c konsumenci oraz ca\u0142a idea gospodarki obiegu zamkni\u0119tego. Organizacja zaoferowa\u0142a r\u00f3wnie\u017c otwarto\u015b\u0107 na dialog i wsparcie.<\/p>\n<p><strong>Niewyja\u015bnionych kwestii, kt\u00f3re maj\u0105 kluczowy wp\u0142yw na funkcjonowanie nowego modelu jest wiele: <\/strong><\/p>\n<ol>\n<li><strong>Brak realnego okresu przej\u015bciowego dla sklep\u00f3w \u2013 <\/strong>Operatorzy systemu uzyskali ostateczne zezwolenia dopiero w czerwcu, co znacz\u0105co skr\u00f3ci\u0142o czas na negocjacje z nimi i decyzje inwestycyjne. W przeciwie\u0144stwie do producent\u00f3w, sieci handlowe nie otrzyma\u0142y odpowiedniego czasu na przygotowanie infrastruktury i procedur operacyjnych.<\/li>\n<li><strong>Obowi\u0105zek podpisywania um\u00f3w z ka\u017cdym operatorem systemu \u2013<\/strong> Sklepy powy\u017cej 200 m\u00b2 s\u0105 zobowi\u0105zane do zawarcia um\u00f3w z wszystkimi operatorami systemu. Oznacza to konieczno\u015b\u0107 czasoch\u0142onnej integracji z wieloma systemami IT i zwi\u0119ksza ryzyko cyberatak\u00f3w.<\/li>\n<li><strong>Brak jasnych zasad rozlicze\u0144 i bon\u00f3w \u2013<\/strong> Nieuregulowane kwestie dotycz\u0105ce rozliczania kaucji, wa\u017cno\u015bci bon\u00f3w i definicji sprzeda\u017cy skutkuj\u0105 niepewno\u015bci\u0105 prawn\u0105 i dodatkowymi kosztami dla handlu.<\/li>\n<li><strong>Obowi\u0105zkowe uczestnictwo sklep\u00f3w non-food \u2013<\/strong> Obj\u0119cie obowi\u0105zkiem systemu takich punkt\u00f3w, jak m.in. apteki, drogerie czy sklepy RTV\/AGD mo\u017ce prowadzi\u0107 do wycofania napoj\u00f3w z ich oferty.<\/li>\n<li><strong>Brak uzasadnienia dla obj\u0119cia butelek wielorazowych \u2013<\/strong> System dobrowolny dzia\u0142a obecnie efektywnie. W\u0142\u0105czenie butelek wielorazowych do obowi\u0105zkowego systemu generuje koszty i problemy logistyczne, m.in. brak mo\u017cliwo\u015bci automatyzacji segregacji.<\/li>\n<li><strong>Brak centralnych punkt\u00f3w zbi\u00f3rki \u2013<\/strong> odci\u0105\u017cy\u0107 mniejsze sklepy mog\u0142oby umo\u017cliwienie tworzenia wsp\u00f3lnych punkt\u00f3w zbi\u00f3rki w galeriach handlowych.<\/li>\n<li><strong>Sankcje za niewdro\u017cenie dzia\u0142a\u0144 \u2013<\/strong> nak\u0142adanie kar bez realnego okresu przej\u015bciowego mo\u017ce uderzy\u0107 w uczciwe podmioty, POHiD postuluje zatem stosowanie w tym czasie poucze\u0144 zamiast sankcji.<\/li>\n<li><strong>Brak jasnych zasad odbioru opakowa\u0144 przez operator\u00f3w \u2013<\/strong> Nie wiadomo, czy operatorzy b\u0119d\u0105 zobowi\u0105zani do odbioru opakowa\u0144 zniszczonych lub nieprzyj\u0119tych przez automat.<\/li>\n<li><strong>Niepewno\u015b\u0107 co do formy zbi\u00f3rki szk\u0142a \u2013<\/strong> Brak informacji, czy sklepy b\u0119d\u0105 mog\u0142y oddawa\u0107 szk\u0142o w skrzynkach, co ma kluczowe znaczenie dla organizacji logistyki.<\/li>\n<li><strong>Brak zgodno\u015bci z Krajowego Systemu e-Faktur w rozliczaniu kaucji \u2013 <\/strong>rozliczanie kaucji nie zosta\u0142o dostosowane do wymog\u00f3w KSeF, co mo\u017ce prowadzi\u0107 do niezgodno\u015bci ksi\u0119gowych i problem\u00f3w z raportowaniem. Konieczne jest stworzenie jednolitego modelu fakturowania w systemie kaucyjnym, zgodnego z KSeF.<\/li>\n<\/ol>\n<p>Zdaniem POHiD wyja\u015bnienie powy\u017cszych niejasno\u015bci w ustawie o systemie kaucyjnym jest niezb\u0119dne dla dobra ca\u0142ej bran\u017cy handlowej, ale tak\u017ce sytuacji konsument\u00f3w, stanu gospodarki oraz systemu ochrony \u015brodowiska naturalnego. Pomini\u0119cie tego mo\u017ce doprowadzi\u0107 do chaosu operacyjnego, wzrostu cen, spadku zaufania kupuj\u0105cych, nieosi\u0105gni\u0119cia cel\u00f3w recyklingowych oraz nara\u017cenia nas wszystkich na szereg zawirowa\u0144.<\/p>\n","protected":false},"excerpt":{"rendered":"<p>Bran\u017ca handlowa alarmuje: startuj\u0105cy nied\u0142ugo system kaucyjny nie jest gotowy do wdro\u017cenia w obecnym kszta\u0142cie. Jego uruchomienie bez wyja\u015bnienia wielu istniej\u0105cych nie\u015bcis\u0142o\u015bci mo\u017ce przynie\u015b\u0107 rozczarowanie wszystkim uczestnikom \u2013 w tym konsumentom, producentom i handlowi. Polska Organizacja Handlu i Dystrybucji wystosowa\u0142a w tej sprawie apel do premiera Donalda Tuska, w kt\u00f3rym zadano konkretne pytania dotycz\u0105ce poprawnej [&hellip;]<\/p>\n","protected":false},"author":2,"featured_media":27449,"comment_status":"open","ping_status":"open","sticky":false,"template":"","format":"standard","meta":{"footnotes":""},"categories":[5,14,994],"tags":[],"class_list":["post-27448","post","type-post","status-publish","format-standard","has-post-thumbnail","hentry","category-napoje-nektary-wody-oraz-soki","category-wydarzenia","category-sieci-handlowe"],"yoast_head":"<!-- This site is optimized with the Yoast SEO plugin v20.2.1 - https:\/\/yoast.com\/wordpress\/plugins\/seo\/ -->\n<title>System kaucyjny. Handlowcy apeluj\u0105 do premiera o interwencj\u0119 | bikotech.pl<\/title>\n<meta name=\"robots\" content=\"index, follow, max-snippet:-1, max-image-preview:large, max-video-preview:-1\" \/>\n<link rel=\"canonical\" href=\"https:\/\/www.bikotech.pl\/index.php\/2025\/08\/14\/system-kaucyjny-handlowcy-apeluja-do-premiera-o-interwencje\/\" \/>\n<meta property=\"og:locale\" content=\"pl_PL\" \/>\n<meta property=\"og:type\" content=\"article\" \/>\n<meta property=\"og:title\" content=\"System kaucyjny. Handlowcy apeluj\u0105 do premiera o interwencj\u0119 | bikotech.pl\" \/>\n<meta property=\"og:description\" content=\"Bran\u017ca handlowa alarmuje: startuj\u0105cy nied\u0142ugo system kaucyjny nie jest gotowy do wdro\u017cenia w obecnym kszta\u0142cie. Jego uruchomienie bez wyja\u015bnienia wielu istniej\u0105cych nie\u015bcis\u0142o\u015bci mo\u017ce przynie\u015b\u0107 rozczarowanie wszystkim uczestnikom \u2013 w tym konsumentom, producentom i handlowi. Polska Organizacja Handlu i Dystrybucji wystosowa\u0142a w tej sprawie apel do premiera Donalda Tuska, w kt\u00f3rym zadano konkretne pytania dotycz\u0105ce poprawnej [&hellip;]\" \/>\n<meta property=\"og:url\" content=\"https:\/\/www.bikotech.pl\/index.php\/2025\/08\/14\/system-kaucyjny-handlowcy-apeluja-do-premiera-o-interwencje\/\" \/>\n<meta property=\"og:site_name\" content=\"bikotech.pl\" \/>\n<meta property=\"article:published_time\" content=\"2025-08-14T11:04:47+00:00\" \/>\n<meta property=\"article:modified_time\" content=\"2025-08-14T11:05:01+00:00\" \/>\n<meta property=\"og:image\" content=\"https:\/\/www.bikotech.pl\/wp-content\/uploads\/2025\/08\/grafiki-do-agro-2-2.jpg\" \/>\n\t<meta property=\"og:image:width\" content=\"1748\" \/>\n\t<meta property=\"og:image:height\" content=\"1240\" \/>\n\t<meta property=\"og:image:type\" content=\"image\/jpeg\" \/>\n<meta name=\"author\" content=\"Ola Wojnarowska\" \/>\n<meta name=\"twitter:card\" content=\"summary_large_image\" \/>\n<meta name=\"twitter:label1\" content=\"Napisane przez\" \/>\n\t<meta name=\"twitter:data1\" content=\"Ola Wojnarowska\" \/>\n\t<meta name=\"twitter:label2\" content=\"Szacowany czas czytania\" \/>\n\t<meta name=\"twitter:data2\" content=\"4 minuty\" \/>\n<script type=\"application\/ld+json\" class=\"yoast-schema-graph\">{\"@context\":\"https:\/\/schema.org\",\"@graph\":[{\"@type\":\"WebPage\",\"@id\":\"https:\/\/www.bikotech.pl\/index.php\/2025\/08\/14\/system-kaucyjny-handlowcy-apeluja-do-premiera-o-interwencje\/\",\"url\":\"https:\/\/www.bikotech.pl\/index.php\/2025\/08\/14\/system-kaucyjny-handlowcy-apeluja-do-premiera-o-interwencje\/\",\"name\":\"System kaucyjny. Handlowcy apeluj\u0105 do premiera o interwencj\u0119 | bikotech.pl\",\"isPartOf\":{\"@id\":\"https:\/\/www.bikotech.pl\/#website\"},\"datePublished\":\"2025-08-14T11:04:47+00:00\",\"dateModified\":\"2025-08-14T11:05:01+00:00\",\"author\":{\"@id\":\"https:\/\/www.bikotech.pl\/#\/schema\/person\/a7613f8d8180fa66033a28be3f87db21\"},\"breadcrumb\":{\"@id\":\"https:\/\/www.bikotech.pl\/index.php\/2025\/08\/14\/system-kaucyjny-handlowcy-apeluja-do-premiera-o-interwencje\/#breadcrumb\"},\"inLanguage\":\"pl-PL\",\"potentialAction\":[{\"@type\":\"ReadAction\",\"target\":[\"https:\/\/www.bikotech.pl\/index.php\/2025\/08\/14\/system-kaucyjny-handlowcy-apeluja-do-premiera-o-interwencje\/\"]}]},{\"@type\":\"BreadcrumbList\",\"@id\":\"https:\/\/www.bikotech.pl\/index.php\/2025\/08\/14\/system-kaucyjny-handlowcy-apeluja-do-premiera-o-interwencje\/#breadcrumb\",\"itemListElement\":[{\"@type\":\"ListItem\",\"position\":1,\"name\":\"Strona g\u0142\u00f3wna\",\"item\":\"https:\/\/www.bikotech.pl\/\"},{\"@type\":\"ListItem\",\"position\":2,\"name\":\"System kaucyjny. Handlowcy apeluj\u0105 do premiera o interwencj\u0119\"}]},{\"@type\":\"WebSite\",\"@id\":\"https:\/\/www.bikotech.pl\/#website\",\"url\":\"https:\/\/www.bikotech.pl\/\",\"name\":\"bikotech.pl\",\"description\":\"Innowacje, \u015brodowisko, technologie  - prosto i z sensem o przemy\u015ble spo\u017cywczym\",\"potentialAction\":[{\"@type\":\"SearchAction\",\"target\":{\"@type\":\"EntryPoint\",\"urlTemplate\":\"https:\/\/www.bikotech.pl\/?s={search_term_string}\"},\"query-input\":\"required name=search_term_string\"}],\"inLanguage\":\"pl-PL\"},{\"@type\":\"Person\",\"@id\":\"https:\/\/www.bikotech.pl\/#\/schema\/person\/a7613f8d8180fa66033a28be3f87db21\",\"name\":\"Ola Wojnarowska\",\"image\":{\"@type\":\"ImageObject\",\"inLanguage\":\"pl-PL\",\"@id\":\"https:\/\/www.bikotech.pl\/#\/schema\/person\/image\/\",\"url\":\"https:\/\/secure.gravatar.com\/avatar\/64d6402adc862d9de7f648ddc7bc25eaacda07271c0660d3fb3c5297d799c420?s=96&d=mm&r=g\",\"contentUrl\":\"https:\/\/secure.gravatar.com\/avatar\/64d6402adc862d9de7f648ddc7bc25eaacda07271c0660d3fb3c5297d799c420?s=96&d=mm&r=g\",\"caption\":\"Ola Wojnarowska\"},\"sameAs\":[\"http:\/\/bikotech.pl\"],\"url\":\"https:\/\/www.bikotech.pl\/index.php\/author\/ola\/\"}]}<\/script>\n<!-- \/ Yoast SEO plugin. -->","yoast_head_json":{"title":"System kaucyjny. Handlowcy apeluj\u0105 do premiera o interwencj\u0119 | bikotech.pl","robots":{"index":"index","follow":"follow","max-snippet":"max-snippet:-1","max-image-preview":"max-image-preview:large","max-video-preview":"max-video-preview:-1"},"canonical":"https:\/\/www.bikotech.pl\/index.php\/2025\/08\/14\/system-kaucyjny-handlowcy-apeluja-do-premiera-o-interwencje\/","og_locale":"pl_PL","og_type":"article","og_title":"System kaucyjny. Handlowcy apeluj\u0105 do premiera o interwencj\u0119 | bikotech.pl","og_description":"Bran\u017ca handlowa alarmuje: startuj\u0105cy nied\u0142ugo system kaucyjny nie jest gotowy do wdro\u017cenia w obecnym kszta\u0142cie. Jego uruchomienie bez wyja\u015bnienia wielu istniej\u0105cych nie\u015bcis\u0142o\u015bci mo\u017ce przynie\u015b\u0107 rozczarowanie wszystkim uczestnikom \u2013 w tym konsumentom, producentom i handlowi. Polska Organizacja Handlu i Dystrybucji wystosowa\u0142a w tej sprawie apel do premiera Donalda Tuska, w kt\u00f3rym zadano konkretne pytania dotycz\u0105ce poprawnej [&hellip;]","og_url":"https:\/\/www.bikotech.pl\/index.php\/2025\/08\/14\/system-kaucyjny-handlowcy-apeluja-do-premiera-o-interwencje\/","og_site_name":"bikotech.pl","article_published_time":"2025-08-14T11:04:47+00:00","article_modified_time":"2025-08-14T11:05:01+00:00","og_image":[{"width":1748,"height":1240,"url":"https:\/\/www.bikotech.pl\/wp-content\/uploads\/2025\/08\/grafiki-do-agro-2-2.jpg","type":"image\/jpeg"}],"author":"Ola Wojnarowska","twitter_card":"summary_large_image","twitter_misc":{"Napisane przez":"Ola Wojnarowska","Szacowany czas czytania":"4 minuty"},"schema":{"@context":"https:\/\/schema.org","@graph":[{"@type":"WebPage","@id":"https:\/\/www.bikotech.pl\/index.php\/2025\/08\/14\/system-kaucyjny-handlowcy-apeluja-do-premiera-o-interwencje\/","url":"https:\/\/www.bikotech.pl\/index.php\/2025\/08\/14\/system-kaucyjny-handlowcy-apeluja-do-premiera-o-interwencje\/","name":"System kaucyjny. Handlowcy apeluj\u0105 do premiera o interwencj\u0119 | bikotech.pl","isPartOf":{"@id":"https:\/\/www.bikotech.pl\/#website"},"datePublished":"2025-08-14T11:04:47+00:00","dateModified":"2025-08-14T11:05:01+00:00","author":{"@id":"https:\/\/www.bikotech.pl\/#\/schema\/person\/a7613f8d8180fa66033a28be3f87db21"},"breadcrumb":{"@id":"https:\/\/www.bikotech.pl\/index.php\/2025\/08\/14\/system-kaucyjny-handlowcy-apeluja-do-premiera-o-interwencje\/#breadcrumb"},"inLanguage":"pl-PL","potentialAction":[{"@type":"ReadAction","target":["https:\/\/www.bikotech.pl\/index.php\/2025\/08\/14\/system-kaucyjny-handlowcy-apeluja-do-premiera-o-interwencje\/"]}]},{"@type":"BreadcrumbList","@id":"https:\/\/www.bikotech.pl\/index.php\/2025\/08\/14\/system-kaucyjny-handlowcy-apeluja-do-premiera-o-interwencje\/#breadcrumb","itemListElement":[{"@type":"ListItem","position":1,"name":"Strona g\u0142\u00f3wna","item":"https:\/\/www.bikotech.pl\/"},{"@type":"ListItem","position":2,"name":"System kaucyjny. Handlowcy apeluj\u0105 do premiera o interwencj\u0119"}]},{"@type":"WebSite","@id":"https:\/\/www.bikotech.pl\/#website","url":"https:\/\/www.bikotech.pl\/","name":"bikotech.pl","description":"Innowacje, \u015brodowisko, technologie  - prosto i z sensem o przemy\u015ble spo\u017cywczym","potentialAction":[{"@type":"SearchAction","target":{"@type":"EntryPoint","urlTemplate":"https:\/\/www.bikotech.pl\/?s={search_term_string}"},"query-input":"required name=search_term_string"}],"inLanguage":"pl-PL"},{"@type":"Person","@id":"https:\/\/www.bikotech.pl\/#\/schema\/person\/a7613f8d8180fa66033a28be3f87db21","name":"Ola Wojnarowska","image":{"@type":"ImageObject","inLanguage":"pl-PL","@id":"https:\/\/www.bikotech.pl\/#\/schema\/person\/image\/","url":"https:\/\/secure.gravatar.com\/avatar\/64d6402adc862d9de7f648ddc7bc25eaacda07271c0660d3fb3c5297d799c420?s=96&d=mm&r=g","contentUrl":"https:\/\/secure.gravatar.com\/avatar\/64d6402adc862d9de7f648ddc7bc25eaacda07271c0660d3fb3c5297d799c420?s=96&d=mm&r=g","caption":"Ola Wojnarowska"},"sameAs":["http:\/\/bikotech.pl"],"url":"https:\/\/www.bikotech.pl\/index.php\/author\/ola\/"}]}},"_links":{"self":[{"href":"https:\/\/www.bikotech.pl\/index.php\/wp-json\/wp\/v2\/posts\/27448","targetHints":{"allow":["GET"]}}],"collection":[{"href":"https:\/\/www.bikotech.pl\/index.php\/wp-json\/wp\/v2\/posts"}],"about":[{"href":"https:\/\/www.bikotech.pl\/index.php\/wp-json\/wp\/v2\/types\/post"}],"author":[{"embeddable":true,"href":"https:\/\/www.bikotech.pl\/index.php\/wp-json\/wp\/v2\/users\/2"}],"replies":[{"embeddable":true,"href":"https:\/\/www.bikotech.pl\/index.php\/wp-json\/wp\/v2\/comments?post=27448"}],"version-history":[{"count":1,"href":"https:\/\/www.bikotech.pl\/index.php\/wp-json\/wp\/v2\/posts\/27448\/revisions"}],"predecessor-version":[{"id":27450,"href":"https:\/\/www.bikotech.pl\/index.php\/wp-json\/wp\/v2\/posts\/27448\/revisions\/27450"}],"wp:featuredmedia":[{"embeddable":true,"href":"https:\/\/www.bikotech.pl\/index.php\/wp-json\/wp\/v2\/media\/27449"}],"wp:attachment":[{"href":"https:\/\/www.bikotech.pl\/index.php\/wp-json\/wp\/v2\/media?parent=27448"}],"wp:term":[{"taxonomy":"category","embeddable":true,"href":"https:\/\/www.bikotech.pl\/index.php\/wp-json\/wp\/v2\/categories?post=27448"},{"taxonomy":"post_tag","embeddable":true,"href":"https:\/\/www.bikotech.pl\/index.php\/wp-json\/wp\/v2\/tags?post=27448"}],"curies":[{"name":"wp","href":"https:\/\/api.w.org\/{rel}","templated":true}]}}