{"id":26847,"date":"2025-07-02T11:21:41","date_gmt":"2025-07-02T09:21:41","guid":{"rendered":"https:\/\/www.bikotech.pl\/?p=26847"},"modified":"2025-07-02T11:21:41","modified_gmt":"2025-07-02T09:21:41","slug":"aromatyczna-kawa-w-wakacyjnym-stylu-zabka-z-limitowana-seria-kubkow-na-lato","status":"publish","type":"post","link":"https:\/\/www.bikotech.pl\/index.php\/2025\/07\/02\/aromatyczna-kawa-w-wakacyjnym-stylu-zabka-z-limitowana-seria-kubkow-na-lato\/","title":{"rendered":"Aromatyczna kawa w wakacyjnym stylu. \u017babka z limitowan\u0105 seri\u0105 kubk\u00f3w na lato"},"content":{"rendered":"<h3><strong>\u017babka wprowadza limitowan\u0105 seri\u0119 kubk\u00f3w na kaw\u0119 Good Vibes Edition \u2013 pe\u0142nych kolor\u00f3w, s\u0142o\u0144ca i dobrego nastroju. Dost\u0119pna w sklepach od 2 lipca, przenosi fan\u00f3w aromatycznego napoju w wakacyjny klimat. Firma dba o wysok\u0105 jako\u015b\u0107 i powtarzalny smak kawy w ka\u017cdym z ponad 11 600 sklep\u00f3w nale\u017c\u0105cych do sieci. To procentuje \u2013 kawa to jeden z hit\u00f3w \u017babki. W minionym roku klienci kupili jej a\u017c 39 milion\u00f3w kubk\u00f3w!<\/strong><\/h3>\n<p>Kawa to jeden z niekwestionowanych bestseller\u00f3w \u017babki. Aromatyczny, gor\u0105cy nap\u00f3j dost\u0119pny jest w dw\u00f3ch pojemno\u015bciach: 200 i 400 ml, a espresso \u2013 80 ml. To 100% Arabica, kt\u00f3ra doskona\u0142y aromat zawdzi\u0119cza odpowiedniemu sposobowi palenia, odbywaj\u0105cemu si\u0119 we W\u0142oszech, w najstarszej w Europie profesjonalnej palarni Julius Meinl.<\/p>\n<p>&nbsp;<\/p>\n<p>Ulubionym wariantem klient\u00f3w \u017babki jest kawa z mlekiem. Latte znajduje si\u0119 tu\u017c za ni\u0105, a ostatni\u0105 pozycj\u0119 na podium na li\u015bcie sprzeda\u017cy zajmuje ma\u0142a, czarna kawa. Latem du\u017c\u0105 popularno\u015bci\u0105 ciesz\u0105 si\u0119 kawy mro\u017cone, przygotowywane z wykorzystaniem dost\u0119pnego w sklepach kubka z lodem \u2013 wystarczy wzi\u0105\u0107 go z zamra\u017carki, zap\u0142aci\u0107 8,99 z\u0142 za kaw\u0119 mro\u017con\u0105 i dola\u0107 do kubka kaw\u0119 z ekspresu.<\/p>\n<p>&nbsp;<\/p>\n<p>Dla prawdziwych kawoszy w aplikacji \u017bappka dost\u0119pny jest kawonament. Po wykupieniu go za 27,99 z\u0142 przez kolejne 15 dni mo\u017cna odebra\u0107 7 kaw \u2013 maksymalnie jedn\u0105 dziennie. Oferta obejmuje wszystkie pojemno\u015bci (do 400 ml), r\u00f3wnie\u017c warianty z mlekiem owsianym oraz bez laktozy.<\/p>\n<h5><strong>By lato smakowa\u0142o jeszcze lepiej<\/strong><\/h5>\n<p>Kubki do kawy z letniej serii zosta\u0142y stworzone z przymru\u017ceniem oka. Na ka\u017cdym z 4 wzor\u00f3w znalaz\u0142y si\u0119 kr\u00f3tkie pytania i odpowiedzi, kt\u00f3re zaskakuj\u0105, bawi\u0105 i nastrajaj\u0105 optymistycznie. To ma\u0142e manifesty, kt\u00f3re maj\u0105 budzi\u0107 pozytywne emocje u klient\u00f3w \u017babki. Dost\u0119pne s\u0105 dwie pojemno\u015bci \u2013 200 i 400 ml \u2013 a has\u0142a nawi\u0105zuj\u0105 do lata, zabawy i spotka\u0144 ze znajomymi. Kubki dost\u0119pne b\u0119d\u0105 we wszystkich sklepach \u017babka \u2013 r\u00f3wnie\u017c sezonowych.<\/p>\n<p><a href=\"https:\/\/www.bikotech.pl\/wp-content\/uploads\/2025\/07\/Wakacyjne-kubki-1.jpg\"><img loading=\"lazy\" decoding=\"async\" class=\"size-medium wp-image-26848 aligncenter\" src=\"https:\/\/www.bikotech.pl\/wp-content\/uploads\/2025\/07\/Wakacyjne-kubki-1-300x225.jpg\" alt=\"\" width=\"300\" height=\"225\" srcset=\"https:\/\/www.bikotech.pl\/wp-content\/uploads\/2025\/07\/Wakacyjne-kubki-1-300x225.jpg 300w, https:\/\/www.bikotech.pl\/wp-content\/uploads\/2025\/07\/Wakacyjne-kubki-1-1024x768.jpg 1024w, https:\/\/www.bikotech.pl\/wp-content\/uploads\/2025\/07\/Wakacyjne-kubki-1-768x576.jpg 768w, https:\/\/www.bikotech.pl\/wp-content\/uploads\/2025\/07\/Wakacyjne-kubki-1-150x113.jpg 150w, https:\/\/www.bikotech.pl\/wp-content\/uploads\/2025\/07\/Wakacyjne-kubki-1.jpg 1280w\" sizes=\"auto, (max-width: 300px) 100vw, 300px\" \/><\/a><\/p>\n<p>Letni motyw pojawi si\u0119 r\u00f3wnie\u017c na opakowaniach innych produkt\u00f3w dost\u0119pnych w \u017babce \u2013 m.in. na kubkach z lodem, opakowaniach sa\u0142atek i kombuchy Dobra Karma, lemoniady o smaku pi\u00f1a colada Wycisk czy da\u0144 gotowych Szamamm.<\/p>\n<p>&nbsp;<\/p>\n<p>Wi\u0119cej informacji o kawie w \u017babce: <a href=\"https:\/\/www.zabka.pl\/kawa-z-zabki\/\">https:\/\/www.zabka.pl\/kawa-z-zabki\/<\/a><\/p>\n","protected":false},"excerpt":{"rendered":"<p>\u017babka wprowadza limitowan\u0105 seri\u0119 kubk\u00f3w na kaw\u0119 Good Vibes Edition \u2013 pe\u0142nych kolor\u00f3w, s\u0142o\u0144ca i dobrego nastroju. Dost\u0119pna w sklepach od 2 lipca, przenosi fan\u00f3w aromatycznego napoju w wakacyjny klimat. Firma dba o wysok\u0105 jako\u015b\u0107 i powtarzalny smak kawy w ka\u017cdym z ponad 11 600 sklep\u00f3w nale\u017c\u0105cych do sieci. To procentuje \u2013 kawa to jeden [&hellip;]<\/p>\n","protected":false},"author":8,"featured_media":26849,"comment_status":"open","ping_status":"open","sticky":false,"template":"","format":"standard","meta":{"footnotes":""},"categories":[33,994],"tags":[976],"class_list":["post-26847","post","type-post","status-publish","format-standard","has-post-thumbnail","hentry","category-rynek","category-sieci-handlowe","tag-zabka"],"yoast_head":"<!-- This site is optimized with the Yoast SEO plugin v20.2.1 - https:\/\/yoast.com\/wordpress\/plugins\/seo\/ -->\n<title>Aromatyczna kawa w wakacyjnym stylu. \u017babka z limitowan\u0105 seri\u0105 kubk\u00f3w na lato | bikotech.pl<\/title>\n<meta name=\"robots\" content=\"index, follow, max-snippet:-1, max-image-preview:large, max-video-preview:-1\" \/>\n<link rel=\"canonical\" href=\"https:\/\/www.bikotech.pl\/index.php\/2025\/07\/02\/aromatyczna-kawa-w-wakacyjnym-stylu-zabka-z-limitowana-seria-kubkow-na-lato\/\" \/>\n<meta property=\"og:locale\" content=\"pl_PL\" \/>\n<meta property=\"og:type\" content=\"article\" \/>\n<meta property=\"og:title\" content=\"Aromatyczna kawa w wakacyjnym stylu. \u017babka z limitowan\u0105 seri\u0105 kubk\u00f3w na lato | bikotech.pl\" \/>\n<meta property=\"og:description\" content=\"\u017babka wprowadza limitowan\u0105 seri\u0119 kubk\u00f3w na kaw\u0119 Good Vibes Edition \u2013 pe\u0142nych kolor\u00f3w, s\u0142o\u0144ca i dobrego nastroju. Dost\u0119pna w sklepach od 2 lipca, przenosi fan\u00f3w aromatycznego napoju w wakacyjny klimat. Firma dba o wysok\u0105 jako\u015b\u0107 i powtarzalny smak kawy w ka\u017cdym z ponad 11 600 sklep\u00f3w nale\u017c\u0105cych do sieci. To procentuje \u2013 kawa to jeden [&hellip;]\" \/>\n<meta property=\"og:url\" content=\"https:\/\/www.bikotech.pl\/index.php\/2025\/07\/02\/aromatyczna-kawa-w-wakacyjnym-stylu-zabka-z-limitowana-seria-kubkow-na-lato\/\" \/>\n<meta property=\"og:site_name\" content=\"bikotech.pl\" \/>\n<meta property=\"article:published_time\" content=\"2025-07-02T09:21:41+00:00\" \/>\n<meta property=\"og:image\" content=\"https:\/\/www.bikotech.pl\/wp-content\/uploads\/2025\/07\/Wakacyjne-kubki-2.jpg\" \/>\n\t<meta property=\"og:image:width\" content=\"1280\" \/>\n\t<meta property=\"og:image:height\" content=\"720\" \/>\n\t<meta property=\"og:image:type\" content=\"image\/jpeg\" \/>\n<meta name=\"author\" content=\"Monika Skrzyszowska\" \/>\n<meta name=\"twitter:card\" content=\"summary_large_image\" \/>\n<meta name=\"twitter:label1\" content=\"Napisane przez\" \/>\n\t<meta name=\"twitter:data1\" content=\"Monika Skrzyszowska\" \/>\n\t<meta name=\"twitter:label2\" content=\"Szacowany czas czytania\" \/>\n\t<meta name=\"twitter:data2\" content=\"3 minuty\" \/>\n<script type=\"application\/ld+json\" class=\"yoast-schema-graph\">{\"@context\":\"https:\/\/schema.org\",\"@graph\":[{\"@type\":\"WebPage\",\"@id\":\"https:\/\/www.bikotech.pl\/index.php\/2025\/07\/02\/aromatyczna-kawa-w-wakacyjnym-stylu-zabka-z-limitowana-seria-kubkow-na-lato\/\",\"url\":\"https:\/\/www.bikotech.pl\/index.php\/2025\/07\/02\/aromatyczna-kawa-w-wakacyjnym-stylu-zabka-z-limitowana-seria-kubkow-na-lato\/\",\"name\":\"Aromatyczna kawa w wakacyjnym stylu. \u017babka z limitowan\u0105 seri\u0105 kubk\u00f3w na lato | bikotech.pl\",\"isPartOf\":{\"@id\":\"https:\/\/www.bikotech.pl\/#website\"},\"datePublished\":\"2025-07-02T09:21:41+00:00\",\"dateModified\":\"2025-07-02T09:21:41+00:00\",\"author\":{\"@id\":\"https:\/\/www.bikotech.pl\/#\/schema\/person\/e81947a66de3242fa2692365fa91ec3e\"},\"breadcrumb\":{\"@id\":\"https:\/\/www.bikotech.pl\/index.php\/2025\/07\/02\/aromatyczna-kawa-w-wakacyjnym-stylu-zabka-z-limitowana-seria-kubkow-na-lato\/#breadcrumb\"},\"inLanguage\":\"pl-PL\",\"potentialAction\":[{\"@type\":\"ReadAction\",\"target\":[\"https:\/\/www.bikotech.pl\/index.php\/2025\/07\/02\/aromatyczna-kawa-w-wakacyjnym-stylu-zabka-z-limitowana-seria-kubkow-na-lato\/\"]}]},{\"@type\":\"BreadcrumbList\",\"@id\":\"https:\/\/www.bikotech.pl\/index.php\/2025\/07\/02\/aromatyczna-kawa-w-wakacyjnym-stylu-zabka-z-limitowana-seria-kubkow-na-lato\/#breadcrumb\",\"itemListElement\":[{\"@type\":\"ListItem\",\"position\":1,\"name\":\"Strona g\u0142\u00f3wna\",\"item\":\"https:\/\/www.bikotech.pl\/\"},{\"@type\":\"ListItem\",\"position\":2,\"name\":\"Aromatyczna kawa w wakacyjnym stylu. \u017babka z limitowan\u0105 seri\u0105 kubk\u00f3w na lato\"}]},{\"@type\":\"WebSite\",\"@id\":\"https:\/\/www.bikotech.pl\/#website\",\"url\":\"https:\/\/www.bikotech.pl\/\",\"name\":\"bikotech.pl\",\"description\":\"Innowacje, \u015brodowisko, technologie  - prosto i z sensem o przemy\u015ble spo\u017cywczym\",\"potentialAction\":[{\"@type\":\"SearchAction\",\"target\":{\"@type\":\"EntryPoint\",\"urlTemplate\":\"https:\/\/www.bikotech.pl\/?s={search_term_string}\"},\"query-input\":\"required name=search_term_string\"}],\"inLanguage\":\"pl-PL\"},{\"@type\":\"Person\",\"@id\":\"https:\/\/www.bikotech.pl\/#\/schema\/person\/e81947a66de3242fa2692365fa91ec3e\",\"name\":\"Monika Skrzyszowska\",\"image\":{\"@type\":\"ImageObject\",\"inLanguage\":\"pl-PL\",\"@id\":\"https:\/\/www.bikotech.pl\/#\/schema\/person\/image\/\",\"url\":\"https:\/\/secure.gravatar.com\/avatar\/4c9bdead8ee4151f286daf9180bee0a45778419aa647ffaa81717697b7c8c1d6?s=96&d=mm&r=g\",\"contentUrl\":\"https:\/\/secure.gravatar.com\/avatar\/4c9bdead8ee4151f286daf9180bee0a45778419aa647ffaa81717697b7c8c1d6?s=96&d=mm&r=g\",\"caption\":\"Monika Skrzyszowska\"},\"sameAs\":[\"http:\/\/www.bikotech.pl\"],\"url\":\"https:\/\/www.bikotech.pl\/index.php\/author\/monika\/\"}]}<\/script>\n<!-- \/ Yoast SEO plugin. -->","yoast_head_json":{"title":"Aromatyczna kawa w wakacyjnym stylu. \u017babka z limitowan\u0105 seri\u0105 kubk\u00f3w na lato | bikotech.pl","robots":{"index":"index","follow":"follow","max-snippet":"max-snippet:-1","max-image-preview":"max-image-preview:large","max-video-preview":"max-video-preview:-1"},"canonical":"https:\/\/www.bikotech.pl\/index.php\/2025\/07\/02\/aromatyczna-kawa-w-wakacyjnym-stylu-zabka-z-limitowana-seria-kubkow-na-lato\/","og_locale":"pl_PL","og_type":"article","og_title":"Aromatyczna kawa w wakacyjnym stylu. \u017babka z limitowan\u0105 seri\u0105 kubk\u00f3w na lato | bikotech.pl","og_description":"\u017babka wprowadza limitowan\u0105 seri\u0119 kubk\u00f3w na kaw\u0119 Good Vibes Edition \u2013 pe\u0142nych kolor\u00f3w, s\u0142o\u0144ca i dobrego nastroju. Dost\u0119pna w sklepach od 2 lipca, przenosi fan\u00f3w aromatycznego napoju w wakacyjny klimat. Firma dba o wysok\u0105 jako\u015b\u0107 i powtarzalny smak kawy w ka\u017cdym z ponad 11 600 sklep\u00f3w nale\u017c\u0105cych do sieci. To procentuje \u2013 kawa to jeden [&hellip;]","og_url":"https:\/\/www.bikotech.pl\/index.php\/2025\/07\/02\/aromatyczna-kawa-w-wakacyjnym-stylu-zabka-z-limitowana-seria-kubkow-na-lato\/","og_site_name":"bikotech.pl","article_published_time":"2025-07-02T09:21:41+00:00","og_image":[{"width":1280,"height":720,"url":"https:\/\/www.bikotech.pl\/wp-content\/uploads\/2025\/07\/Wakacyjne-kubki-2.jpg","type":"image\/jpeg"}],"author":"Monika Skrzyszowska","twitter_card":"summary_large_image","twitter_misc":{"Napisane przez":"Monika Skrzyszowska","Szacowany czas czytania":"3 minuty"},"schema":{"@context":"https:\/\/schema.org","@graph":[{"@type":"WebPage","@id":"https:\/\/www.bikotech.pl\/index.php\/2025\/07\/02\/aromatyczna-kawa-w-wakacyjnym-stylu-zabka-z-limitowana-seria-kubkow-na-lato\/","url":"https:\/\/www.bikotech.pl\/index.php\/2025\/07\/02\/aromatyczna-kawa-w-wakacyjnym-stylu-zabka-z-limitowana-seria-kubkow-na-lato\/","name":"Aromatyczna kawa w wakacyjnym stylu. \u017babka z limitowan\u0105 seri\u0105 kubk\u00f3w na lato | bikotech.pl","isPartOf":{"@id":"https:\/\/www.bikotech.pl\/#website"},"datePublished":"2025-07-02T09:21:41+00:00","dateModified":"2025-07-02T09:21:41+00:00","author":{"@id":"https:\/\/www.bikotech.pl\/#\/schema\/person\/e81947a66de3242fa2692365fa91ec3e"},"breadcrumb":{"@id":"https:\/\/www.bikotech.pl\/index.php\/2025\/07\/02\/aromatyczna-kawa-w-wakacyjnym-stylu-zabka-z-limitowana-seria-kubkow-na-lato\/#breadcrumb"},"inLanguage":"pl-PL","potentialAction":[{"@type":"ReadAction","target":["https:\/\/www.bikotech.pl\/index.php\/2025\/07\/02\/aromatyczna-kawa-w-wakacyjnym-stylu-zabka-z-limitowana-seria-kubkow-na-lato\/"]}]},{"@type":"BreadcrumbList","@id":"https:\/\/www.bikotech.pl\/index.php\/2025\/07\/02\/aromatyczna-kawa-w-wakacyjnym-stylu-zabka-z-limitowana-seria-kubkow-na-lato\/#breadcrumb","itemListElement":[{"@type":"ListItem","position":1,"name":"Strona g\u0142\u00f3wna","item":"https:\/\/www.bikotech.pl\/"},{"@type":"ListItem","position":2,"name":"Aromatyczna kawa w wakacyjnym stylu. \u017babka z limitowan\u0105 seri\u0105 kubk\u00f3w na lato"}]},{"@type":"WebSite","@id":"https:\/\/www.bikotech.pl\/#website","url":"https:\/\/www.bikotech.pl\/","name":"bikotech.pl","description":"Innowacje, \u015brodowisko, technologie  - prosto i z sensem o przemy\u015ble spo\u017cywczym","potentialAction":[{"@type":"SearchAction","target":{"@type":"EntryPoint","urlTemplate":"https:\/\/www.bikotech.pl\/?s={search_term_string}"},"query-input":"required name=search_term_string"}],"inLanguage":"pl-PL"},{"@type":"Person","@id":"https:\/\/www.bikotech.pl\/#\/schema\/person\/e81947a66de3242fa2692365fa91ec3e","name":"Monika Skrzyszowska","image":{"@type":"ImageObject","inLanguage":"pl-PL","@id":"https:\/\/www.bikotech.pl\/#\/schema\/person\/image\/","url":"https:\/\/secure.gravatar.com\/avatar\/4c9bdead8ee4151f286daf9180bee0a45778419aa647ffaa81717697b7c8c1d6?s=96&d=mm&r=g","contentUrl":"https:\/\/secure.gravatar.com\/avatar\/4c9bdead8ee4151f286daf9180bee0a45778419aa647ffaa81717697b7c8c1d6?s=96&d=mm&r=g","caption":"Monika Skrzyszowska"},"sameAs":["http:\/\/www.bikotech.pl"],"url":"https:\/\/www.bikotech.pl\/index.php\/author\/monika\/"}]}},"_links":{"self":[{"href":"https:\/\/www.bikotech.pl\/index.php\/wp-json\/wp\/v2\/posts\/26847","targetHints":{"allow":["GET"]}}],"collection":[{"href":"https:\/\/www.bikotech.pl\/index.php\/wp-json\/wp\/v2\/posts"}],"about":[{"href":"https:\/\/www.bikotech.pl\/index.php\/wp-json\/wp\/v2\/types\/post"}],"author":[{"embeddable":true,"href":"https:\/\/www.bikotech.pl\/index.php\/wp-json\/wp\/v2\/users\/8"}],"replies":[{"embeddable":true,"href":"https:\/\/www.bikotech.pl\/index.php\/wp-json\/wp\/v2\/comments?post=26847"}],"version-history":[{"count":1,"href":"https:\/\/www.bikotech.pl\/index.php\/wp-json\/wp\/v2\/posts\/26847\/revisions"}],"predecessor-version":[{"id":26850,"href":"https:\/\/www.bikotech.pl\/index.php\/wp-json\/wp\/v2\/posts\/26847\/revisions\/26850"}],"wp:featuredmedia":[{"embeddable":true,"href":"https:\/\/www.bikotech.pl\/index.php\/wp-json\/wp\/v2\/media\/26849"}],"wp:attachment":[{"href":"https:\/\/www.bikotech.pl\/index.php\/wp-json\/wp\/v2\/media?parent=26847"}],"wp:term":[{"taxonomy":"category","embeddable":true,"href":"https:\/\/www.bikotech.pl\/index.php\/wp-json\/wp\/v2\/categories?post=26847"},{"taxonomy":"post_tag","embeddable":true,"href":"https:\/\/www.bikotech.pl\/index.php\/wp-json\/wp\/v2\/tags?post=26847"}],"curies":[{"name":"wp","href":"https:\/\/api.w.org\/{rel}","templated":true}]}}