{"id":26831,"date":"2025-07-02T09:22:53","date_gmt":"2025-07-02T07:22:53","guid":{"rendered":"https:\/\/www.bikotech.pl\/?p=26831"},"modified":"2025-07-02T09:22:53","modified_gmt":"2025-07-02T07:22:53","slug":"rekordowa-edycja-dziel-sie-usmiechem-blisko-135-tysiecy-dzieci-zyskalo-wiedze-o-higienie-jamy-ustnej","status":"publish","type":"post","link":"https:\/\/www.bikotech.pl\/index.php\/2025\/07\/02\/rekordowa-edycja-dziel-sie-usmiechem-blisko-135-tysiecy-dzieci-zyskalo-wiedze-o-higienie-jamy-ustnej\/","title":{"rendered":"Rekordowa edycja \u201eDziel si\u0119 U\u015bmiechem\u201d: blisko 135 tysi\u0119cy dzieci zyska\u0142o wiedz\u0119 o higienie jamy ustnej"},"content":{"rendered":"<h3><strong>Wraz z zako\u0144czeniem roku szkolnego dobieg\u0142a ko\u0144ca 12. edycja programu edukacyjnego \u201eDziel si\u0119 U\u015bmiechem\u201d. Jak podsumowuj\u0105 organizatorzy, w tegorocznej rekordowej ods\u0142onie udzia\u0142 wzi\u0119\u0142o 1360 plac\u00f3wek edukacyjnych, 6788 klas oraz 2178 nauczycieli. Dzi\u0119ki temu kolejne 135 tysi\u0119cy dzieci mog\u0142o pozna\u0107 zasady prawid\u0142owej higieny jamy ustnej.<\/strong><\/h3>\n<h5><strong>Pr\u00f3chnica wci\u0105\u017c du\u017cym zagro\u017ceniem dla najm\u0142odszych<\/strong><\/h5>\n<p>Pomimo rosn\u0105cej \u015bwiadomo\u015bci, pr\u00f3chnica pozostaje jedn\u0105 z chor\u00f3b cywilizacyjnych dotykaj\u0105cych dzieci w Polsce. Dane wskazuj\u0105, \u017ce problem ten dotyczy a\u017c 82% o\u015bmiolatk\u00f3w<a href=\"#_ftn1\" name=\"_ftnref1\">[1]<\/a>. W odpowiedzi na to wyzwanie w 2013 roku dzi\u0119ki inicjatywie Mars Polska i wsparciu Polskiego Czerwonego Krzy\u017ca powsta\u0142 program \u201eDziel si\u0119 U\u015bmiechem\u201d \u2013 zgodnie z przekonaniem, \u017ce regularna edukacja i profilaktyka w zakresie higieny jamy ustnej to klucz do zmiany alarmuj\u0105cych statystyk. W\u0142a\u015bnie zako\u0144czy\u0142a si\u0119 12. ods\u0142ona inicjatywy, kt\u00f3ra dotar\u0142a do blisko 135 tys. uczni\u00f3w w ca\u0142ej Polsce.<\/p>\n<blockquote><p>\u2013 <em>Program \u201eDziel si\u0119 U\u015bmiechem\u201d to dla Polskiego Czerwonego Krzy\u017ca niezwykle wa\u017cna inicjatywa, kt\u00f3ra \u0142\u0105czy edukacj\u0119 prozdrowotn\u0105 z codzienn\u0105 trosk\u0105 o najm\u0142odszych. Dzi\u0119ki wsp\u00f3\u0142pracy z naszymi partnerami mo\u017cemy dociera\u0107 do dzieci w ca\u0142ej Polsce z warto\u015bciow\u0105 wiedz\u0105 na temat higieny jamy ustnej i zdrowego stylu \u017cycia. Wierzymy, \u017ce u\u015bmiech dziecka to nie tylko oznaka rado\u015bci, ale tak\u017ce symbol zdrowia i bezpiecze\u0144stwa. Ka\u017cde dzia\u0142anie, kt\u00f3re pomaga dzieciom lepiej dba\u0107 o siebie i innych, to dla nas wa\u017cny krok w stron\u0119 zdrowszego spo\u0142ecze\u0144stwa<\/em><\/p><\/blockquote>\n<p>\u2013 podkre\u015bla <strong>Ma\u0142gorzata Szuka\u0142a<\/strong>, Kierowniczka Dzia\u0142u Komunikacji i Fundraisingu, Polski Czerwony Krzy\u017c.<\/p>\n<p>&nbsp;<\/p>\n<p>Organizatorzy wiedz\u0105, \u017ce dbanie o higien\u0119 jamy ustnej istotne jest ca\u0142y rok, dlatego kolejne 15 tys. materia\u0142\u00f3w edukacyjnych trafi do podopiecznych PCK podczas wakacji \u2013 w ramach organizowanych kolonii, p\u00f3\u0142kolonii i piknik\u00f3w edukacyjnych.<\/p>\n<h5><strong>Mars Polska: wsp\u00f3lnie dla zdrowych u\u015bmiech\u00f3w<\/strong><\/h5>\n<p>Ka\u017cda edycja programu \u201eDziel si\u0119 U\u015bmiechem\u201d jest w ca\u0142o\u015bci finansowana przez firm\u0119 Mars Polska. W ramach 12. edycji \u015brodki te pozwoli\u0142y \u00a0na przygotowanie i produkcj\u0119 materia\u0142\u00f3w edukacyjnych dla uczni\u00f3w, nauczycieli i rodzic\u00f3w, dzi\u0119ki kt\u00f3rym zrealizowano lekcje dla dzieci z 633 miejscowo\u015bci.<\/p>\n<blockquote><p><em>\u2013 Jeste\u015bmy dumni z tego, \u017ce nasza firma razem z mark\u0105 Orbit\u00ae od lat przyczyniaj\u0105 si\u0119 do upowszechniania wiedzy, jak dba\u0107 o zdrowie jamy ustnej i zapobiega\u0107 pr\u00f3chnicy. Bezcukrowa guma do \u017cucia to nie tylko pyszna przek\u0105ska, ale r\u00f3wnie\u017c spos\u00f3b o dbanie o z\u0119by, zw\u0142aszcza, gdy jeste\u015bmy poza domem lub nie mamy mo\u017cliwo\u015bci umycia z\u0119b\u00f3w po jedzeniu czy piciu <\/em><\/p><\/blockquote>\n<p><em>\u2013 <\/em>m\u00f3wi <strong>Monika Piekarska<\/strong>, Kierowniczka ds. Korporacyjnych, Mars Polska.<\/p>\n<p><a href=\"https:\/\/www.bikotech.pl\/wp-content\/uploads\/2025\/07\/DSU_XII_Edycja_Podsumowanie.png\"><img loading=\"lazy\" decoding=\"async\" class=\" wp-image-26833 aligncenter\" src=\"https:\/\/www.bikotech.pl\/wp-content\/uploads\/2025\/07\/DSU_XII_Edycja_Podsumowanie-300x300.png\" alt=\"\" width=\"386\" height=\"386\" srcset=\"https:\/\/www.bikotech.pl\/wp-content\/uploads\/2025\/07\/DSU_XII_Edycja_Podsumowanie-300x300.png 300w, https:\/\/www.bikotech.pl\/wp-content\/uploads\/2025\/07\/DSU_XII_Edycja_Podsumowanie-1024x1024.png 1024w, https:\/\/www.bikotech.pl\/wp-content\/uploads\/2025\/07\/DSU_XII_Edycja_Podsumowanie-150x150.png 150w, https:\/\/www.bikotech.pl\/wp-content\/uploads\/2025\/07\/DSU_XII_Edycja_Podsumowanie-768x768.png 768w, https:\/\/www.bikotech.pl\/wp-content\/uploads\/2025\/07\/DSU_XII_Edycja_Podsumowanie-700x700.png 700w, https:\/\/www.bikotech.pl\/wp-content\/uploads\/2025\/07\/DSU_XII_Edycja_Podsumowanie-60x60.png 60w, https:\/\/www.bikotech.pl\/wp-content\/uploads\/2025\/07\/DSU_XII_Edycja_Podsumowanie.png 1080w\" sizes=\"auto, (max-width: 386px) 100vw, 386px\" \/><\/a><\/p>\n<h5><strong>Waga edukacji stomatologicznej dzieci<\/strong><\/h5>\n<p>Tegoroczna edycja by\u0142a ju\u017c drug\u0105 ods\u0142on\u0105, do kt\u00f3rej mogli przyst\u0105pi\u0107 r\u00f3wnie\u017c zer\u00f3wkowicze. Dla najm\u0142odszych uczestnik\u00f3w inicjatywy przygotowano anga\u017cuj\u0105ce materia\u0142y edukacyjne, dostosowane do ich wieku. W zaj\u0119ciach, w ramach kt\u00f3rych m.in. poruszano temat znaczenia zbilansowanej diety, oswajano dzieci z wizyt\u0105 u dentysty czy pokazywano prawid\u0142owy spos\u00f3b mycia z\u0119b\u00f3w, wzi\u0119\u0142o w sumie ponad 26 tysi\u0119cy uczni\u00f3w z klas 0. Od pocz\u0105tku program dotar\u0142 do ponad 1,1 mln uczni\u00f3w klas 0-3 z ca\u0142ej Polski.<\/p>\n<blockquote><p>\u2013 <em>Jako Polskie Towarzystwo Stomatologii Dzieci\u0119cej z satysfakcj\u0105 obserwujemy zasi\u0119g tegorocznej edycji programu. Edukacja prozdrowotna ju\u017c od najm\u0142odszych lat to inwestycja w przysz\u0142o\u015b\u0107. Inicjatywy, kt\u00f3re \u0142\u0105cz\u0105 atrakcyjn\u0105 form\u0119 przekazu z rzeteln\u0105 wiedz\u0105 o profilaktyce pr\u00f3chnicy, maj\u0105 kluczowe znaczenie w budowaniu trwa\u0142ych i prawid\u0142owych nawyk\u00f3w u dzieci<\/em><\/p><\/blockquote>\n<p>\u2013 m\u00f3wi prof. <strong>Dorota Olczak-Kowalczyk<\/strong>, Prezeska Polskiego Towarzystwa Stomatologii Dzieci\u0119cej.<\/p>\n<h5><strong>Cztery kroki dla zdrowych i czystych z\u0119b\u00f3w<\/strong><\/h5>\n<p>Partnerem merytorycznym \u201eDziel si\u0119 U\u015bmiechem\u201d jest r\u00f3wnie\u017c Polskie Towarzystwo Stomatologiczne, kt\u00f3re wspar\u0142o opracowanie 4 krok\u00f3w dla zdrowych i czystych z\u0119b\u00f3w. By\u0142y one przekazywane uczniom bior\u0105cym dzia\u0142 w programie:<\/p>\n<ul>\n<li>szczotkowanie z\u0119b\u00f3w past\u0105 z fluorem przynajmniej dwa razy dziennie,<\/li>\n<li>Czyszczenie przestrzeni mi\u0119dzyz\u0119bowych poprzez stosowanie dodatkowych \u015brodk\u00f3w do higieny jamy ustnej \u2013 takich jak nici czy p\u0142yn,<\/li>\n<li>\u017cucie bezcukrowej gumy po jedzeniu i piciu, gdy nie mamy mo\u017cliwo\u015bci umycia z\u0119b\u00f3w,<\/li>\n<li>kontrolowanie stanu z\u0119b\u00f3w podczas regularnych wizyt u dentysty.<\/li>\n<\/ul>\n<blockquote><p><em>\u2013 <\/em><em>Profilaktyka pr\u00f3chnicy to nie tylko troska o zdrowy u\u015bmiech dziecka, lecz przede wszystkim inwestycja w jego og\u00f3lne zdrowie na d\u0142ugie lata. Choroby jamy ustnej u najm\u0142odszych nie s\u0105 wy\u0142\u0105cznie problemem stomatologicznym \u2013 ich skutki mog\u0105 oddzia\u0142ywa\u0107 na ca\u0142y organizm, prowadz\u0105c do powik\u0142a\u0144, takich jak choroby serca czy uk\u0142adu oddechowego. Dlatego tak istotne jest regularne przypominanie dzieciom o czterech prostych krokach do zdrowych z\u0119b\u00f3w. To podstawy, kt\u00f3re <\/em>\u2013<em> wdro\u017cone odpowiednio wcze\u015bnie \u2013 przynosz\u0105 wymierne korzy\u015bci przez ca\u0142e \u017cycie<\/em><\/p><\/blockquote>\n<p>\u2013 podkre\u015bla prof. <strong>Marzena Dominiak<\/strong>, prezydentka Polskiego Towarzystwa Stomatologicznego.<\/p>\n<p><a href=\"https:\/\/www.bikotech.pl\/wp-content\/uploads\/2025\/07\/4-kroki-_Orbit.png\"><img loading=\"lazy\" decoding=\"async\" class=\" wp-image-26832 aligncenter\" src=\"https:\/\/www.bikotech.pl\/wp-content\/uploads\/2025\/07\/4-kroki-_Orbit-216x300.png\" alt=\"\" width=\"297\" height=\"413\" srcset=\"https:\/\/www.bikotech.pl\/wp-content\/uploads\/2025\/07\/4-kroki-_Orbit-216x300.png 216w, https:\/\/www.bikotech.pl\/wp-content\/uploads\/2025\/07\/4-kroki-_Orbit-108x150.png 108w, https:\/\/www.bikotech.pl\/wp-content\/uploads\/2025\/07\/4-kroki-_Orbit.png 613w\" sizes=\"auto, (max-width: 297px) 100vw, 297px\" \/><\/a><\/p>\n<p>&nbsp;<\/p>\n<p><a href=\"#_ftnref1\" name=\"_ftn1\">[1]<\/a> <em>Monitorowanie stanu zdrowia jamy ustnej populacji polskiej i jego uwarunkowa\u0144 w latach 2016-2020. Ocena stanu zdrowia jamy ustnej i jego uwarunkowa\u0144 w populacji polskiej w wieku 6, i 10 oraz 15 lat w 2018 roku<\/em>, red. Dorota Olczak-Kowalczyk. Oficyna Wydawnicza Warszawskiego Uniwersytetu Medycznego, Warszawa 2019.<\/p>\n","protected":false},"excerpt":{"rendered":"<p>Wraz z zako\u0144czeniem roku szkolnego dobieg\u0142a ko\u0144ca 12. edycja programu edukacyjnego \u201eDziel si\u0119 U\u015bmiechem\u201d. Jak podsumowuj\u0105 organizatorzy, w tegorocznej rekordowej ods\u0142onie udzia\u0142 wzi\u0119\u0142o 1360 plac\u00f3wek edukacyjnych, 6788 klas oraz 2178 nauczycieli. Dzi\u0119ki temu kolejne 135 tysi\u0119cy dzieci mog\u0142o pozna\u0107 zasady prawid\u0142owej higieny jamy ustnej. Pr\u00f3chnica wci\u0105\u017c du\u017cym zagro\u017ceniem dla najm\u0142odszych Pomimo rosn\u0105cej \u015bwiadomo\u015bci, pr\u00f3chnica pozostaje [&hellip;]<\/p>\n","protected":false},"author":8,"featured_media":26834,"comment_status":"open","ping_status":"open","sticky":false,"template":"","format":"standard","meta":{"footnotes":""},"categories":[2263,2273],"tags":[2346,528,2347,2344,2345],"class_list":["post-26831","post","type-post","status-publish","format-standard","has-post-thumbnail","hentry","category-nowosci-handlowe","category-okiem-producenta","tag-dorota-olczak-kowalczyk","tag-mars-polska","tag-marzena-dominiak","tag-malgorzata-szukala","tag-monika-piekarska"],"yoast_head":"<!-- This site is optimized with the Yoast SEO plugin v20.2.1 - https:\/\/yoast.com\/wordpress\/plugins\/seo\/ -->\n<title>Rekordowa edycja \u201eDziel si\u0119 U\u015bmiechem\u201d: blisko 135 tysi\u0119cy dzieci zyska\u0142o wiedz\u0119 o higienie jamy ustnej | bikotech.pl<\/title>\n<meta name=\"robots\" content=\"index, follow, max-snippet:-1, max-image-preview:large, max-video-preview:-1\" \/>\n<link rel=\"canonical\" href=\"https:\/\/www.bikotech.pl\/index.php\/2025\/07\/02\/rekordowa-edycja-dziel-sie-usmiechem-blisko-135-tysiecy-dzieci-zyskalo-wiedze-o-higienie-jamy-ustnej\/\" \/>\n<meta property=\"og:locale\" content=\"pl_PL\" \/>\n<meta property=\"og:type\" content=\"article\" \/>\n<meta property=\"og:title\" content=\"Rekordowa edycja \u201eDziel si\u0119 U\u015bmiechem\u201d: blisko 135 tysi\u0119cy dzieci zyska\u0142o wiedz\u0119 o higienie jamy ustnej | bikotech.pl\" \/>\n<meta property=\"og:description\" content=\"Wraz z zako\u0144czeniem roku szkolnego dobieg\u0142a ko\u0144ca 12. edycja programu edukacyjnego \u201eDziel si\u0119 U\u015bmiechem\u201d. Jak podsumowuj\u0105 organizatorzy, w tegorocznej rekordowej ods\u0142onie udzia\u0142 wzi\u0119\u0142o 1360 plac\u00f3wek edukacyjnych, 6788 klas oraz 2178 nauczycieli. Dzi\u0119ki temu kolejne 135 tysi\u0119cy dzieci mog\u0142o pozna\u0107 zasady prawid\u0142owej higieny jamy ustnej. Pr\u00f3chnica wci\u0105\u017c du\u017cym zagro\u017ceniem dla najm\u0142odszych Pomimo rosn\u0105cej \u015bwiadomo\u015bci, pr\u00f3chnica pozostaje [&hellip;]\" \/>\n<meta property=\"og:url\" content=\"https:\/\/www.bikotech.pl\/index.php\/2025\/07\/02\/rekordowa-edycja-dziel-sie-usmiechem-blisko-135-tysiecy-dzieci-zyskalo-wiedze-o-higienie-jamy-ustnej\/\" \/>\n<meta property=\"og:site_name\" content=\"bikotech.pl\" \/>\n<meta property=\"article:published_time\" content=\"2025-07-02T07:22:53+00:00\" \/>\n<meta property=\"og:image\" content=\"https:\/\/www.bikotech.pl\/wp-content\/uploads\/2025\/07\/Dziel-sie-usmiechem_zdjecie.jpg\" \/>\n\t<meta property=\"og:image:width\" content=\"1280\" \/>\n\t<meta property=\"og:image:height\" content=\"859\" \/>\n\t<meta property=\"og:image:type\" content=\"image\/jpeg\" \/>\n<meta name=\"author\" content=\"Monika Skrzyszowska\" \/>\n<meta name=\"twitter:card\" content=\"summary_large_image\" \/>\n<meta name=\"twitter:label1\" content=\"Napisane przez\" \/>\n\t<meta name=\"twitter:data1\" content=\"Monika Skrzyszowska\" \/>\n\t<meta name=\"twitter:label2\" content=\"Szacowany czas czytania\" \/>\n\t<meta name=\"twitter:data2\" content=\"5 minut\" \/>\n<script type=\"application\/ld+json\" class=\"yoast-schema-graph\">{\"@context\":\"https:\/\/schema.org\",\"@graph\":[{\"@type\":\"WebPage\",\"@id\":\"https:\/\/www.bikotech.pl\/index.php\/2025\/07\/02\/rekordowa-edycja-dziel-sie-usmiechem-blisko-135-tysiecy-dzieci-zyskalo-wiedze-o-higienie-jamy-ustnej\/\",\"url\":\"https:\/\/www.bikotech.pl\/index.php\/2025\/07\/02\/rekordowa-edycja-dziel-sie-usmiechem-blisko-135-tysiecy-dzieci-zyskalo-wiedze-o-higienie-jamy-ustnej\/\",\"name\":\"Rekordowa edycja \u201eDziel si\u0119 U\u015bmiechem\u201d: blisko 135 tysi\u0119cy dzieci zyska\u0142o wiedz\u0119 o higienie jamy ustnej | bikotech.pl\",\"isPartOf\":{\"@id\":\"https:\/\/www.bikotech.pl\/#website\"},\"datePublished\":\"2025-07-02T07:22:53+00:00\",\"dateModified\":\"2025-07-02T07:22:53+00:00\",\"author\":{\"@id\":\"https:\/\/www.bikotech.pl\/#\/schema\/person\/e81947a66de3242fa2692365fa91ec3e\"},\"breadcrumb\":{\"@id\":\"https:\/\/www.bikotech.pl\/index.php\/2025\/07\/02\/rekordowa-edycja-dziel-sie-usmiechem-blisko-135-tysiecy-dzieci-zyskalo-wiedze-o-higienie-jamy-ustnej\/#breadcrumb\"},\"inLanguage\":\"pl-PL\",\"potentialAction\":[{\"@type\":\"ReadAction\",\"target\":[\"https:\/\/www.bikotech.pl\/index.php\/2025\/07\/02\/rekordowa-edycja-dziel-sie-usmiechem-blisko-135-tysiecy-dzieci-zyskalo-wiedze-o-higienie-jamy-ustnej\/\"]}]},{\"@type\":\"BreadcrumbList\",\"@id\":\"https:\/\/www.bikotech.pl\/index.php\/2025\/07\/02\/rekordowa-edycja-dziel-sie-usmiechem-blisko-135-tysiecy-dzieci-zyskalo-wiedze-o-higienie-jamy-ustnej\/#breadcrumb\",\"itemListElement\":[{\"@type\":\"ListItem\",\"position\":1,\"name\":\"Strona g\u0142\u00f3wna\",\"item\":\"https:\/\/www.bikotech.pl\/\"},{\"@type\":\"ListItem\",\"position\":2,\"name\":\"Rekordowa edycja \u201eDziel si\u0119 U\u015bmiechem\u201d: blisko 135 tysi\u0119cy dzieci zyska\u0142o wiedz\u0119 o higienie jamy ustnej\"}]},{\"@type\":\"WebSite\",\"@id\":\"https:\/\/www.bikotech.pl\/#website\",\"url\":\"https:\/\/www.bikotech.pl\/\",\"name\":\"bikotech.pl\",\"description\":\"Innowacje, \u015brodowisko, technologie  - prosto i z sensem o przemy\u015ble spo\u017cywczym\",\"potentialAction\":[{\"@type\":\"SearchAction\",\"target\":{\"@type\":\"EntryPoint\",\"urlTemplate\":\"https:\/\/www.bikotech.pl\/?s={search_term_string}\"},\"query-input\":\"required name=search_term_string\"}],\"inLanguage\":\"pl-PL\"},{\"@type\":\"Person\",\"@id\":\"https:\/\/www.bikotech.pl\/#\/schema\/person\/e81947a66de3242fa2692365fa91ec3e\",\"name\":\"Monika Skrzyszowska\",\"image\":{\"@type\":\"ImageObject\",\"inLanguage\":\"pl-PL\",\"@id\":\"https:\/\/www.bikotech.pl\/#\/schema\/person\/image\/\",\"url\":\"https:\/\/secure.gravatar.com\/avatar\/4c9bdead8ee4151f286daf9180bee0a45778419aa647ffaa81717697b7c8c1d6?s=96&d=mm&r=g\",\"contentUrl\":\"https:\/\/secure.gravatar.com\/avatar\/4c9bdead8ee4151f286daf9180bee0a45778419aa647ffaa81717697b7c8c1d6?s=96&d=mm&r=g\",\"caption\":\"Monika Skrzyszowska\"},\"sameAs\":[\"http:\/\/www.bikotech.pl\"],\"url\":\"https:\/\/www.bikotech.pl\/index.php\/author\/monika\/\"}]}<\/script>\n<!-- \/ Yoast SEO plugin. -->","yoast_head_json":{"title":"Rekordowa edycja \u201eDziel si\u0119 U\u015bmiechem\u201d: blisko 135 tysi\u0119cy dzieci zyska\u0142o wiedz\u0119 o higienie jamy ustnej | bikotech.pl","robots":{"index":"index","follow":"follow","max-snippet":"max-snippet:-1","max-image-preview":"max-image-preview:large","max-video-preview":"max-video-preview:-1"},"canonical":"https:\/\/www.bikotech.pl\/index.php\/2025\/07\/02\/rekordowa-edycja-dziel-sie-usmiechem-blisko-135-tysiecy-dzieci-zyskalo-wiedze-o-higienie-jamy-ustnej\/","og_locale":"pl_PL","og_type":"article","og_title":"Rekordowa edycja \u201eDziel si\u0119 U\u015bmiechem\u201d: blisko 135 tysi\u0119cy dzieci zyska\u0142o wiedz\u0119 o higienie jamy ustnej | bikotech.pl","og_description":"Wraz z zako\u0144czeniem roku szkolnego dobieg\u0142a ko\u0144ca 12. edycja programu edukacyjnego \u201eDziel si\u0119 U\u015bmiechem\u201d. Jak podsumowuj\u0105 organizatorzy, w tegorocznej rekordowej ods\u0142onie udzia\u0142 wzi\u0119\u0142o 1360 plac\u00f3wek edukacyjnych, 6788 klas oraz 2178 nauczycieli. Dzi\u0119ki temu kolejne 135 tysi\u0119cy dzieci mog\u0142o pozna\u0107 zasady prawid\u0142owej higieny jamy ustnej. Pr\u00f3chnica wci\u0105\u017c du\u017cym zagro\u017ceniem dla najm\u0142odszych Pomimo rosn\u0105cej \u015bwiadomo\u015bci, pr\u00f3chnica pozostaje [&hellip;]","og_url":"https:\/\/www.bikotech.pl\/index.php\/2025\/07\/02\/rekordowa-edycja-dziel-sie-usmiechem-blisko-135-tysiecy-dzieci-zyskalo-wiedze-o-higienie-jamy-ustnej\/","og_site_name":"bikotech.pl","article_published_time":"2025-07-02T07:22:53+00:00","og_image":[{"width":1280,"height":859,"url":"https:\/\/www.bikotech.pl\/wp-content\/uploads\/2025\/07\/Dziel-sie-usmiechem_zdjecie.jpg","type":"image\/jpeg"}],"author":"Monika Skrzyszowska","twitter_card":"summary_large_image","twitter_misc":{"Napisane przez":"Monika Skrzyszowska","Szacowany czas czytania":"5 minut"},"schema":{"@context":"https:\/\/schema.org","@graph":[{"@type":"WebPage","@id":"https:\/\/www.bikotech.pl\/index.php\/2025\/07\/02\/rekordowa-edycja-dziel-sie-usmiechem-blisko-135-tysiecy-dzieci-zyskalo-wiedze-o-higienie-jamy-ustnej\/","url":"https:\/\/www.bikotech.pl\/index.php\/2025\/07\/02\/rekordowa-edycja-dziel-sie-usmiechem-blisko-135-tysiecy-dzieci-zyskalo-wiedze-o-higienie-jamy-ustnej\/","name":"Rekordowa edycja \u201eDziel si\u0119 U\u015bmiechem\u201d: blisko 135 tysi\u0119cy dzieci zyska\u0142o wiedz\u0119 o higienie jamy ustnej | bikotech.pl","isPartOf":{"@id":"https:\/\/www.bikotech.pl\/#website"},"datePublished":"2025-07-02T07:22:53+00:00","dateModified":"2025-07-02T07:22:53+00:00","author":{"@id":"https:\/\/www.bikotech.pl\/#\/schema\/person\/e81947a66de3242fa2692365fa91ec3e"},"breadcrumb":{"@id":"https:\/\/www.bikotech.pl\/index.php\/2025\/07\/02\/rekordowa-edycja-dziel-sie-usmiechem-blisko-135-tysiecy-dzieci-zyskalo-wiedze-o-higienie-jamy-ustnej\/#breadcrumb"},"inLanguage":"pl-PL","potentialAction":[{"@type":"ReadAction","target":["https:\/\/www.bikotech.pl\/index.php\/2025\/07\/02\/rekordowa-edycja-dziel-sie-usmiechem-blisko-135-tysiecy-dzieci-zyskalo-wiedze-o-higienie-jamy-ustnej\/"]}]},{"@type":"BreadcrumbList","@id":"https:\/\/www.bikotech.pl\/index.php\/2025\/07\/02\/rekordowa-edycja-dziel-sie-usmiechem-blisko-135-tysiecy-dzieci-zyskalo-wiedze-o-higienie-jamy-ustnej\/#breadcrumb","itemListElement":[{"@type":"ListItem","position":1,"name":"Strona g\u0142\u00f3wna","item":"https:\/\/www.bikotech.pl\/"},{"@type":"ListItem","position":2,"name":"Rekordowa edycja \u201eDziel si\u0119 U\u015bmiechem\u201d: blisko 135 tysi\u0119cy dzieci zyska\u0142o wiedz\u0119 o higienie jamy ustnej"}]},{"@type":"WebSite","@id":"https:\/\/www.bikotech.pl\/#website","url":"https:\/\/www.bikotech.pl\/","name":"bikotech.pl","description":"Innowacje, \u015brodowisko, technologie  - prosto i z sensem o przemy\u015ble spo\u017cywczym","potentialAction":[{"@type":"SearchAction","target":{"@type":"EntryPoint","urlTemplate":"https:\/\/www.bikotech.pl\/?s={search_term_string}"},"query-input":"required name=search_term_string"}],"inLanguage":"pl-PL"},{"@type":"Person","@id":"https:\/\/www.bikotech.pl\/#\/schema\/person\/e81947a66de3242fa2692365fa91ec3e","name":"Monika Skrzyszowska","image":{"@type":"ImageObject","inLanguage":"pl-PL","@id":"https:\/\/www.bikotech.pl\/#\/schema\/person\/image\/","url":"https:\/\/secure.gravatar.com\/avatar\/4c9bdead8ee4151f286daf9180bee0a45778419aa647ffaa81717697b7c8c1d6?s=96&d=mm&r=g","contentUrl":"https:\/\/secure.gravatar.com\/avatar\/4c9bdead8ee4151f286daf9180bee0a45778419aa647ffaa81717697b7c8c1d6?s=96&d=mm&r=g","caption":"Monika Skrzyszowska"},"sameAs":["http:\/\/www.bikotech.pl"],"url":"https:\/\/www.bikotech.pl\/index.php\/author\/monika\/"}]}},"_links":{"self":[{"href":"https:\/\/www.bikotech.pl\/index.php\/wp-json\/wp\/v2\/posts\/26831","targetHints":{"allow":["GET"]}}],"collection":[{"href":"https:\/\/www.bikotech.pl\/index.php\/wp-json\/wp\/v2\/posts"}],"about":[{"href":"https:\/\/www.bikotech.pl\/index.php\/wp-json\/wp\/v2\/types\/post"}],"author":[{"embeddable":true,"href":"https:\/\/www.bikotech.pl\/index.php\/wp-json\/wp\/v2\/users\/8"}],"replies":[{"embeddable":true,"href":"https:\/\/www.bikotech.pl\/index.php\/wp-json\/wp\/v2\/comments?post=26831"}],"version-history":[{"count":1,"href":"https:\/\/www.bikotech.pl\/index.php\/wp-json\/wp\/v2\/posts\/26831\/revisions"}],"predecessor-version":[{"id":26835,"href":"https:\/\/www.bikotech.pl\/index.php\/wp-json\/wp\/v2\/posts\/26831\/revisions\/26835"}],"wp:featuredmedia":[{"embeddable":true,"href":"https:\/\/www.bikotech.pl\/index.php\/wp-json\/wp\/v2\/media\/26834"}],"wp:attachment":[{"href":"https:\/\/www.bikotech.pl\/index.php\/wp-json\/wp\/v2\/media?parent=26831"}],"wp:term":[{"taxonomy":"category","embeddable":true,"href":"https:\/\/www.bikotech.pl\/index.php\/wp-json\/wp\/v2\/categories?post=26831"},{"taxonomy":"post_tag","embeddable":true,"href":"https:\/\/www.bikotech.pl\/index.php\/wp-json\/wp\/v2\/tags?post=26831"}],"curies":[{"name":"wp","href":"https:\/\/api.w.org\/{rel}","templated":true}]}}