{"id":26828,"date":"2025-07-02T09:08:02","date_gmt":"2025-07-02T07:08:02","guid":{"rendered":"https:\/\/www.bikotech.pl\/?p=26828"},"modified":"2025-07-02T09:08:02","modified_gmt":"2025-07-02T07:08:02","slug":"nowe-opakowania-familijne-na-30-lecie-marki","status":"publish","type":"post","link":"https:\/\/www.bikotech.pl\/index.php\/2025\/07\/02\/nowe-opakowania-familijne-na-30-lecie-marki\/","title":{"rendered":"Nowe opakowania Familijne na 30-lecie marki!"},"content":{"rendered":"<h3><strong>Z okazji jubileuszu 30-lecia Familijne wprowadzaj\u0105 na rynek limitowan\u0105 edycj\u0119 wafli w specjalnych opakowaniach, zaprojektowanych przez m\u0142odych tw\u00f3rc\u00f3w z konkursu Young Creatives Cannes. Nowy design wafli Familijne Klasyczne o smaku kakaowo-\u015bmietankowym to nostalgiczny powr\u00f3t do lat 90., z nut\u0105 wsp\u00f3\u0142czesnej estetyki &#8211; wprost z r\u0105k 30-latk\u00f3w, kt\u00f3rzy dorastali razem z t\u0105 kultow\u0105 mark\u0105.<\/strong><\/h3>\n<p>Familijne, najpopularniejsze rodzinne wafle w Polsce, przygotowa\u0142y na swoj\u0105 rocznic\u0119 opakowania, kt\u00f3re &#8211; podobnie jak sama marka &#8211; \u0142\u0105cz\u0105 pokolenia. Projekty powsta\u0142y w odpowiedzi na brief konkursowy, kt\u00f3ry zach\u0119ca\u0142 do kreatywnej interpretacji klimatu lat 90. oraz pierwszego wizerunku brandu. W\u015br\u00f3d nades\u0142anych prac nie zabrak\u0142o element\u00f3w charakterystycznych dla tej dekady &#8211; kultowego Ikarusa, kaset VHS czy po\u0142yskuj\u0105cych detali, kt\u00f3re przywo\u0142ywa\u0142y wspomnienia dzieci\u0144stwa i pokaza\u0142y, jak silnym \u017ar\u00f3d\u0142em inspiracji wci\u0105\u017c potrafi by\u0107 estetyka sprzed trzech dekad.<\/p>\n<h5><strong>Smak, kt\u00f3ry \u0142\u0105czy<\/strong><\/h5>\n<p>Marka Familijne to nie tylko wafle &#8211; to chrupi\u0105cy kawa\u0142ek historii Bydgoszczy, kt\u00f3ry od 1995 roku towarzyszy rodzinom. Powsta\u0142y w zak\u0142adach Jutrzenki w sercu Kujaw, jako pierwsze w Polsce wafelki z dwoma kremami &#8211; kakaowym i \u015bmietankowym. Zrewolucjonizowa\u0142y rynek s\u0142odyczy i zapocz\u0105tkowa\u0142y opowie\u015b\u0107 o produkcie bliskim wielu konsumentom.<\/p>\n<blockquote><p>&#8211; <em>Wsp\u00f3lne momenty przy waflach Familijne to dla wielu Polak\u00f3w cz\u0119\u015b\u0107 codzienno\u015bci &#8211; od pokole\u0144. Zale\u017ca\u0142o nam, by jubileuszowe opakowania by\u0142y nie tylko przyci\u0105gaj\u0105ce wizualnie, ale tak\u017ce nios\u0142y emocje i autentyczn\u0105 warto\u015b\u0107 <\/em><\/p><\/blockquote>\n<p><em>&#8211;<\/em> podkre\u015bla <strong>Joanna K\u0105kol<\/strong> Rzecznik Prasowy Colian i dodaje<em>:<\/em><\/p>\n<blockquote><p><em>Projekty m\u0142odych tw\u00f3rc\u00f3w pokaza\u0142y, \u017ce duch lat 90. wci\u0105\u017c inspiruje, a\u00a0nasza marka mo\u017ce by\u0107 atrakcyjna zar\u00f3wno dla starszych, jak i m\u0142odszych odbiorc\u00f3w.<\/em><\/p><\/blockquote>\n<p>Limitowana edycja wafli\u00a0<strong>Familijne Klasyczne<\/strong><strong>\u00a0<\/strong>o smaku kakaowo-\u015bmietankowym jest dost\u0119pna w sprzeda\u017cy od lipca i stanowi cz\u0119\u015b\u0107 kampanii\u00a0<strong>\u201e30 lat razembycia\u201d<\/strong>, obejmuj\u0105cej dzia\u0142ania w telewizji, digitalu, przestrzeni miejskiej oraz konkurs konsumencki\u00a0<strong>\u201eFamilijne: 30 historii na 30 lat\u201d<\/strong>, b\u0119d\u0105cy sentymentaln\u0105 podr\u00f3\u017c\u0105 do lat 90. i 00. To kolejny krok w budowaniu silnej marki opartej na wsp\u00f3lnych chwilach, smakach i pozytywnych emocjach.<\/p>\n","protected":false},"excerpt":{"rendered":"<p>Z okazji jubileuszu 30-lecia Familijne wprowadzaj\u0105 na rynek limitowan\u0105 edycj\u0119 wafli w specjalnych opakowaniach, zaprojektowanych przez m\u0142odych tw\u00f3rc\u00f3w z konkursu Young Creatives Cannes. Nowy design wafli Familijne Klasyczne o smaku kakaowo-\u015bmietankowym to nostalgiczny powr\u00f3t do lat 90., z nut\u0105 wsp\u00f3\u0142czesnej estetyki &#8211; wprost z r\u0105k 30-latk\u00f3w, kt\u00f3rzy dorastali razem z t\u0105 kultow\u0105 mark\u0105. Familijne, najpopularniejsze [&hellip;]<\/p>\n","protected":false},"author":8,"featured_media":26829,"comment_status":"open","ping_status":"open","sticky":false,"template":"","format":"standard","meta":{"footnotes":""},"categories":[2263,2273,911],"tags":[2267,2343,2342],"class_list":["post-26828","post","type-post","status-publish","format-standard","has-post-thumbnail","hentry","category-nowosci-handlowe","category-okiem-producenta","category-slodyczeprzekaski","tag-colian","tag-familijne","tag-joanna-kakol"],"yoast_head":"<!-- This site is optimized with the Yoast SEO plugin v20.2.1 - https:\/\/yoast.com\/wordpress\/plugins\/seo\/ -->\n<title>Nowe opakowania Familijne na 30-lecie marki! | bikotech.pl<\/title>\n<meta name=\"robots\" content=\"index, follow, max-snippet:-1, max-image-preview:large, max-video-preview:-1\" \/>\n<link rel=\"canonical\" href=\"https:\/\/www.bikotech.pl\/index.php\/2025\/07\/02\/nowe-opakowania-familijne-na-30-lecie-marki\/\" \/>\n<meta property=\"og:locale\" content=\"pl_PL\" \/>\n<meta property=\"og:type\" content=\"article\" \/>\n<meta property=\"og:title\" content=\"Nowe opakowania Familijne na 30-lecie marki! | bikotech.pl\" \/>\n<meta property=\"og:description\" content=\"Z okazji jubileuszu 30-lecia Familijne wprowadzaj\u0105 na rynek limitowan\u0105 edycj\u0119 wafli w specjalnych opakowaniach, zaprojektowanych przez m\u0142odych tw\u00f3rc\u00f3w z konkursu Young Creatives Cannes. Nowy design wafli Familijne Klasyczne o smaku kakaowo-\u015bmietankowym to nostalgiczny powr\u00f3t do lat 90., z nut\u0105 wsp\u00f3\u0142czesnej estetyki &#8211; wprost z r\u0105k 30-latk\u00f3w, kt\u00f3rzy dorastali razem z t\u0105 kultow\u0105 mark\u0105. Familijne, najpopularniejsze [&hellip;]\" \/>\n<meta property=\"og:url\" content=\"https:\/\/www.bikotech.pl\/index.php\/2025\/07\/02\/nowe-opakowania-familijne-na-30-lecie-marki\/\" \/>\n<meta property=\"og:site_name\" content=\"bikotech.pl\" \/>\n<meta property=\"article:published_time\" content=\"2025-07-02T07:08:02+00:00\" \/>\n<meta property=\"og:image\" content=\"https:\/\/www.bikotech.pl\/wp-content\/uploads\/2025\/07\/grafiki-do-agro-2025-07-02T085708.241.jpg\" \/>\n\t<meta property=\"og:image:width\" content=\"1748\" \/>\n\t<meta property=\"og:image:height\" content=\"1240\" \/>\n\t<meta property=\"og:image:type\" content=\"image\/jpeg\" \/>\n<meta name=\"author\" content=\"Monika Skrzyszowska\" \/>\n<meta name=\"twitter:card\" content=\"summary_large_image\" \/>\n<meta name=\"twitter:label1\" content=\"Napisane przez\" \/>\n\t<meta name=\"twitter:data1\" content=\"Monika Skrzyszowska\" \/>\n\t<meta name=\"twitter:label2\" content=\"Szacowany czas czytania\" \/>\n\t<meta name=\"twitter:data2\" content=\"2 minuty\" \/>\n<script type=\"application\/ld+json\" class=\"yoast-schema-graph\">{\"@context\":\"https:\/\/schema.org\",\"@graph\":[{\"@type\":\"WebPage\",\"@id\":\"https:\/\/www.bikotech.pl\/index.php\/2025\/07\/02\/nowe-opakowania-familijne-na-30-lecie-marki\/\",\"url\":\"https:\/\/www.bikotech.pl\/index.php\/2025\/07\/02\/nowe-opakowania-familijne-na-30-lecie-marki\/\",\"name\":\"Nowe opakowania Familijne na 30-lecie marki! | bikotech.pl\",\"isPartOf\":{\"@id\":\"https:\/\/www.bikotech.pl\/#website\"},\"datePublished\":\"2025-07-02T07:08:02+00:00\",\"dateModified\":\"2025-07-02T07:08:02+00:00\",\"author\":{\"@id\":\"https:\/\/www.bikotech.pl\/#\/schema\/person\/e81947a66de3242fa2692365fa91ec3e\"},\"breadcrumb\":{\"@id\":\"https:\/\/www.bikotech.pl\/index.php\/2025\/07\/02\/nowe-opakowania-familijne-na-30-lecie-marki\/#breadcrumb\"},\"inLanguage\":\"pl-PL\",\"potentialAction\":[{\"@type\":\"ReadAction\",\"target\":[\"https:\/\/www.bikotech.pl\/index.php\/2025\/07\/02\/nowe-opakowania-familijne-na-30-lecie-marki\/\"]}]},{\"@type\":\"BreadcrumbList\",\"@id\":\"https:\/\/www.bikotech.pl\/index.php\/2025\/07\/02\/nowe-opakowania-familijne-na-30-lecie-marki\/#breadcrumb\",\"itemListElement\":[{\"@type\":\"ListItem\",\"position\":1,\"name\":\"Strona g\u0142\u00f3wna\",\"item\":\"https:\/\/www.bikotech.pl\/\"},{\"@type\":\"ListItem\",\"position\":2,\"name\":\"Nowe opakowania Familijne na 30-lecie marki!\"}]},{\"@type\":\"WebSite\",\"@id\":\"https:\/\/www.bikotech.pl\/#website\",\"url\":\"https:\/\/www.bikotech.pl\/\",\"name\":\"bikotech.pl\",\"description\":\"Innowacje, \u015brodowisko, technologie  - prosto i z sensem o przemy\u015ble spo\u017cywczym\",\"potentialAction\":[{\"@type\":\"SearchAction\",\"target\":{\"@type\":\"EntryPoint\",\"urlTemplate\":\"https:\/\/www.bikotech.pl\/?s={search_term_string}\"},\"query-input\":\"required name=search_term_string\"}],\"inLanguage\":\"pl-PL\"},{\"@type\":\"Person\",\"@id\":\"https:\/\/www.bikotech.pl\/#\/schema\/person\/e81947a66de3242fa2692365fa91ec3e\",\"name\":\"Monika Skrzyszowska\",\"image\":{\"@type\":\"ImageObject\",\"inLanguage\":\"pl-PL\",\"@id\":\"https:\/\/www.bikotech.pl\/#\/schema\/person\/image\/\",\"url\":\"https:\/\/secure.gravatar.com\/avatar\/4c9bdead8ee4151f286daf9180bee0a45778419aa647ffaa81717697b7c8c1d6?s=96&d=mm&r=g\",\"contentUrl\":\"https:\/\/secure.gravatar.com\/avatar\/4c9bdead8ee4151f286daf9180bee0a45778419aa647ffaa81717697b7c8c1d6?s=96&d=mm&r=g\",\"caption\":\"Monika Skrzyszowska\"},\"sameAs\":[\"http:\/\/www.bikotech.pl\"],\"url\":\"https:\/\/www.bikotech.pl\/index.php\/author\/monika\/\"}]}<\/script>\n<!-- \/ Yoast SEO plugin. -->","yoast_head_json":{"title":"Nowe opakowania Familijne na 30-lecie marki! | bikotech.pl","robots":{"index":"index","follow":"follow","max-snippet":"max-snippet:-1","max-image-preview":"max-image-preview:large","max-video-preview":"max-video-preview:-1"},"canonical":"https:\/\/www.bikotech.pl\/index.php\/2025\/07\/02\/nowe-opakowania-familijne-na-30-lecie-marki\/","og_locale":"pl_PL","og_type":"article","og_title":"Nowe opakowania Familijne na 30-lecie marki! | bikotech.pl","og_description":"Z okazji jubileuszu 30-lecia Familijne wprowadzaj\u0105 na rynek limitowan\u0105 edycj\u0119 wafli w specjalnych opakowaniach, zaprojektowanych przez m\u0142odych tw\u00f3rc\u00f3w z konkursu Young Creatives Cannes. Nowy design wafli Familijne Klasyczne o smaku kakaowo-\u015bmietankowym to nostalgiczny powr\u00f3t do lat 90., z nut\u0105 wsp\u00f3\u0142czesnej estetyki &#8211; wprost z r\u0105k 30-latk\u00f3w, kt\u00f3rzy dorastali razem z t\u0105 kultow\u0105 mark\u0105. Familijne, najpopularniejsze [&hellip;]","og_url":"https:\/\/www.bikotech.pl\/index.php\/2025\/07\/02\/nowe-opakowania-familijne-na-30-lecie-marki\/","og_site_name":"bikotech.pl","article_published_time":"2025-07-02T07:08:02+00:00","og_image":[{"width":1748,"height":1240,"url":"https:\/\/www.bikotech.pl\/wp-content\/uploads\/2025\/07\/grafiki-do-agro-2025-07-02T085708.241.jpg","type":"image\/jpeg"}],"author":"Monika Skrzyszowska","twitter_card":"summary_large_image","twitter_misc":{"Napisane przez":"Monika Skrzyszowska","Szacowany czas czytania":"2 minuty"},"schema":{"@context":"https:\/\/schema.org","@graph":[{"@type":"WebPage","@id":"https:\/\/www.bikotech.pl\/index.php\/2025\/07\/02\/nowe-opakowania-familijne-na-30-lecie-marki\/","url":"https:\/\/www.bikotech.pl\/index.php\/2025\/07\/02\/nowe-opakowania-familijne-na-30-lecie-marki\/","name":"Nowe opakowania Familijne na 30-lecie marki! | bikotech.pl","isPartOf":{"@id":"https:\/\/www.bikotech.pl\/#website"},"datePublished":"2025-07-02T07:08:02+00:00","dateModified":"2025-07-02T07:08:02+00:00","author":{"@id":"https:\/\/www.bikotech.pl\/#\/schema\/person\/e81947a66de3242fa2692365fa91ec3e"},"breadcrumb":{"@id":"https:\/\/www.bikotech.pl\/index.php\/2025\/07\/02\/nowe-opakowania-familijne-na-30-lecie-marki\/#breadcrumb"},"inLanguage":"pl-PL","potentialAction":[{"@type":"ReadAction","target":["https:\/\/www.bikotech.pl\/index.php\/2025\/07\/02\/nowe-opakowania-familijne-na-30-lecie-marki\/"]}]},{"@type":"BreadcrumbList","@id":"https:\/\/www.bikotech.pl\/index.php\/2025\/07\/02\/nowe-opakowania-familijne-na-30-lecie-marki\/#breadcrumb","itemListElement":[{"@type":"ListItem","position":1,"name":"Strona g\u0142\u00f3wna","item":"https:\/\/www.bikotech.pl\/"},{"@type":"ListItem","position":2,"name":"Nowe opakowania Familijne na 30-lecie marki!"}]},{"@type":"WebSite","@id":"https:\/\/www.bikotech.pl\/#website","url":"https:\/\/www.bikotech.pl\/","name":"bikotech.pl","description":"Innowacje, \u015brodowisko, technologie  - prosto i z sensem o przemy\u015ble spo\u017cywczym","potentialAction":[{"@type":"SearchAction","target":{"@type":"EntryPoint","urlTemplate":"https:\/\/www.bikotech.pl\/?s={search_term_string}"},"query-input":"required name=search_term_string"}],"inLanguage":"pl-PL"},{"@type":"Person","@id":"https:\/\/www.bikotech.pl\/#\/schema\/person\/e81947a66de3242fa2692365fa91ec3e","name":"Monika Skrzyszowska","image":{"@type":"ImageObject","inLanguage":"pl-PL","@id":"https:\/\/www.bikotech.pl\/#\/schema\/person\/image\/","url":"https:\/\/secure.gravatar.com\/avatar\/4c9bdead8ee4151f286daf9180bee0a45778419aa647ffaa81717697b7c8c1d6?s=96&d=mm&r=g","contentUrl":"https:\/\/secure.gravatar.com\/avatar\/4c9bdead8ee4151f286daf9180bee0a45778419aa647ffaa81717697b7c8c1d6?s=96&d=mm&r=g","caption":"Monika Skrzyszowska"},"sameAs":["http:\/\/www.bikotech.pl"],"url":"https:\/\/www.bikotech.pl\/index.php\/author\/monika\/"}]}},"_links":{"self":[{"href":"https:\/\/www.bikotech.pl\/index.php\/wp-json\/wp\/v2\/posts\/26828","targetHints":{"allow":["GET"]}}],"collection":[{"href":"https:\/\/www.bikotech.pl\/index.php\/wp-json\/wp\/v2\/posts"}],"about":[{"href":"https:\/\/www.bikotech.pl\/index.php\/wp-json\/wp\/v2\/types\/post"}],"author":[{"embeddable":true,"href":"https:\/\/www.bikotech.pl\/index.php\/wp-json\/wp\/v2\/users\/8"}],"replies":[{"embeddable":true,"href":"https:\/\/www.bikotech.pl\/index.php\/wp-json\/wp\/v2\/comments?post=26828"}],"version-history":[{"count":1,"href":"https:\/\/www.bikotech.pl\/index.php\/wp-json\/wp\/v2\/posts\/26828\/revisions"}],"predecessor-version":[{"id":26830,"href":"https:\/\/www.bikotech.pl\/index.php\/wp-json\/wp\/v2\/posts\/26828\/revisions\/26830"}],"wp:featuredmedia":[{"embeddable":true,"href":"https:\/\/www.bikotech.pl\/index.php\/wp-json\/wp\/v2\/media\/26829"}],"wp:attachment":[{"href":"https:\/\/www.bikotech.pl\/index.php\/wp-json\/wp\/v2\/media?parent=26828"}],"wp:term":[{"taxonomy":"category","embeddable":true,"href":"https:\/\/www.bikotech.pl\/index.php\/wp-json\/wp\/v2\/categories?post=26828"},{"taxonomy":"post_tag","embeddable":true,"href":"https:\/\/www.bikotech.pl\/index.php\/wp-json\/wp\/v2\/tags?post=26828"}],"curies":[{"name":"wp","href":"https:\/\/api.w.org\/{rel}","templated":true}]}}