{"id":26544,"date":"2025-06-13T10:35:52","date_gmt":"2025-06-13T08:35:52","guid":{"rendered":"https:\/\/www.agroindustry.pl\/?p=26544"},"modified":"2025-06-13T10:35:52","modified_gmt":"2025-06-13T08:35:52","slug":"miod-w-gaszczu-etykiet-mozliwe-zawirowania-na-sklepowych-polkach","status":"publish","type":"post","link":"https:\/\/www.bikotech.pl\/index.php\/2025\/06\/13\/miod-w-gaszczu-etykiet-mozliwe-zawirowania-na-sklepowych-polkach\/","title":{"rendered":"Mi\u00f3d w g\u0105szczu etykiet \u2013 mo\u017cliwe zawirowania na sklepowych p\u00f3\u0142kach"},"content":{"rendered":"<h3><strong>R\u00f3wno za rok na sklepowych p\u00f3\u0142kach pojawi\u0105 si\u0119 nowe etykiety miodu, wynikaj\u0105ce z przyj\u0119tej unijnej dyrektywy. Wprowadzaj\u0105 one niepozorn\u0105, ale mog\u0105c\u0105 narobi\u0107 sporo zamieszania zmian\u0119: ka\u017cdy s\u0142oik miodu b\u0119dzie musia\u0142 zawiera\u0107 wykaz kraj\u00f3w pochodzenia \u2013 w kolejno\u015bci malej\u0105cej, wg. udzia\u0142u wagowego oraz procentowy udzia\u0142 ka\u017cdego z nich. Polska Izba Miodu zwraca uwag\u0119 na zamieszanie, jakie to nowe oznakowanie miodu mo\u017ce wprowadzi\u0107 w handlu detalicznym.<\/strong><\/h3>\n<p>Celem regulacji jest zwi\u0119kszenie transparentno\u015bci rynku i ochrona konsument\u00f3w przed wprowadzaj\u0105cymi w b\u0142\u0105d og\u00f3lnikami. Ale czy na pewno uda si\u0119 ten cel osi\u0105gn\u0105\u0107?<\/p>\n<blockquote><p><em>\u2013 Zmiany id\u0105 w dobrym kierunku, bo ka\u017cdy konsument ma prawo wiedzie\u0107, co dok\u0142adnie znajduje si\u0119 w s\u0142oiku \u2013 m\u00f3wi Przemys\u0142aw Rujna, sekretarz generalny Polskiej Izby Miodu (PIM). \u2013 Niemniej trzeba uczciwie powiedzie\u0107: z perspektywy organizacyjnej i komunikacyjnej to kolejna, mo\u017ce niezbyt udana regulacja unijna, kt\u00f3rej wdro\u017cenie b\u0119dzie kosztowne i niekoniecznie przyniesie zamierzony skutek.<\/em><\/p><\/blockquote>\n<p>\u2013 dodaje<strong>\u00a0Rujna<\/strong>.<\/p>\n<p><img loading=\"lazy\" decoding=\"async\" class=\"size-medium wp-image-15325 aligncenter\" src=\"https:\/\/nowoscihandlowe.pl\/wp-content\/uploads\/2024\/02\/xPrzemyslaw-Rujna-Sekretarz-Generalny-Polskiej-Izby-Miodu-181x226.jpg.pagespeed.ic.BKeWaZLNU5.webp\" sizes=\"auto, (max-width: 181px) 100vw, 181px\" srcset=\"https:\/\/nowoscihandlowe.pl\/wp-content\/uploads\/2024\/02\/xPrzemyslaw-Rujna-Sekretarz-Generalny-Polskiej-Izby-Miodu-181x226.jpg.pagespeed.ic.BKeWaZLNU5.webp 181w, https:\/\/nowoscihandlowe.pl\/wp-content\/uploads\/2024\/02\/xPrzemyslaw-Rujna-Sekretarz-Generalny-Polskiej-Izby-Miodu-819x1024.jpg.pagespeed.ic.yezRno5b95.webp 819w, https:\/\/nowoscihandlowe.pl\/wp-content\/uploads\/2024\/02\/xPrzemyslaw-Rujna-Sekretarz-Generalny-Polskiej-Izby-Miodu-768x960.jpg.pagespeed.ic.b_sv_K0YqR.webp 768w, https:\/\/nowoscihandlowe.pl\/wp-content\/uploads\/2024\/02\/xPrzemyslaw-Rujna-Sekretarz-Generalny-Polskiej-Izby-Miodu-120x150.jpg.pagespeed.ic.BdjOtXDlj2.webp 120w, https:\/\/nowoscihandlowe.pl\/wp-content\/uploads\/2024\/02\/Przemyslaw-Rujna-Sekretarz-Generalny-Polskiej-Izby-Miodu.jpg 1049w\" alt=\"\" width=\"181\" height=\"226\" data-pagespeed-url-hash=\"3874120258\" \/><\/p>\n<h5><strong>Kilka etykiet \u2013 jeden produkt<\/strong><\/h5>\n<p>Ju\u017c dzi\u015b w sklepach mo\u017cna natkn\u0105\u0107 si\u0119 na mi\u00f3d oznaczony na co najmniej trzy sposoby:<\/p>\n<ul>\n<li>Miody z importu (np. z Niemiec czy Hiszpanii) wci\u0105\u017c mog\u0105 by\u0107 oznaczane og\u00f3lnie jako\u00a0<strong>\u201emieszanka miod\u00f3w z UE i spoza UE\u201d.<\/strong><\/li>\n<li>Polscy producenci od 18 kwietnia 2024 r. musz\u0105 podawa\u0107 dok\u0142adne kraje pochodzenia, np.:\u00a0<strong>\u201emi\u00f3d z Polski\u201d<\/strong>,\u00a0<strong>\u201emieszanka miod\u00f3w z Polski i W\u0119gier\u201d<\/strong>.<\/li>\n<li>Miody wprowadzone do sprzeda\u017cy przed 18 kwietnia 2024 r. (np. ze star\u0105 etykiet\u0105 \u201emieszanka miod\u00f3w z UE i spoza UE\u201d) mog\u0105 by\u0107 sprzedawane do 18 kwietnia 2026 r.<\/li>\n<\/ul>\n<p>&nbsp;<\/p>\n<p>Na sklepowych p\u00f3\u0142kach przez d\u0142ugi czas b\u0119d\u0105 funkcjonowa\u0107 r\u00f3wnolegle trzy r\u00f3\u017cne systemy etykietowania miod\u00f3w, a w czerwcu 2026 r. pojawi si\u0119 kolejny \u2013 pokazuj\u0105cy procentowy udzia\u0142 danego miodu. Trudno nie doceni\u0107 wysi\u0142k\u00f3w na rzecz uporz\u0105dkowania oznacze\u0144, jednak pozostaje pytanie, czy przeci\u0119tny klient poradzi sobie z ich interpretacj\u0105.<\/p>\n<h5><strong>Jak sprawdzi\u0107 procenty?<\/strong><\/h5>\n<p>Nowe prawo przewiduje, \u017ce na etykiecie miodu powinny si\u0119 znale\u017a\u0107 informacje o dok\u0142adnym udziale miod\u00f3w z r\u00f3\u017cnych kraj\u00f3w. Tylko jak sprawdzi\u0107, czy te deklaracje s\u0105 zgodne z rzeczywisto\u015bci\u0105? Jak inspektor mia\u0142by zweryfikowa\u0107, \u017ce w danym s\u0142oiku naprawd\u0119 jest np. 42% miodu z Ukrainy, 36% z W\u0119gier i 22% z Polski?<\/p>\n<p>&nbsp;<\/p>\n<p>Wprowadzana dyrektywa unijna zak\u0142ada mo\u017cliwo\u015b\u0107 rozwoju nowoczesnych metod wykrywania fa\u0142szerstw, m.in. spektroskopii, izotopowej analizy stabilnych pierwiastk\u00f3w, analizy py\u0142kowej i chemometrycznej. W debacie publicznej cz\u0119sto przywo\u0142ywana jest z kolei analiza DNA. Jednak w przypadku miodu, zar\u00f3wno obecnie, jak i w przewidywalnej przysz\u0142o\u015bci, metoda DNA nie znajduje mo\u017cliwo\u015bci zastosowania jako oficjalna, uznana metoda badawcza.<\/p>\n<blockquote><p><em>\u2013 DNA mo\u017ce by\u0107 przydatne w wykrywaniu zafa\u0142szowa\u0144 niekt\u00f3rych produkt\u00f3w \u017cywno\u015bciowych, ale na tym etapie na pewno nie w miodzie<\/em><\/p><\/blockquote>\n<p>\u2013 wyja\u015bnia dr hab. in\u017c.\u00a0<strong>Joanna Katarzyna Banach<\/strong>, prof. UWM w Olsztynie, ekspertka ds. jako\u015bci i autentyczno\u015bci \u017cywno\u015bci.<\/p>\n<blockquote><p>\u2013\u00a0<em>Mi\u00f3d to z\u0142o\u017cona mieszanina, a metody molekularne s\u0105 bardzo wra\u017cliwe na obecno\u015b\u0107 py\u0142ku, spos\u00f3b przetwarzania, wyb\u00f3r techniki ekstrakcji DNA czy jako\u015b\u0107 baz danych. Dzi\u015b nie s\u0105 one ani powtarzalne, ani wystandaryzowane na poziomie wymaganym do urz\u0119dowej kontroli.<\/em><\/p><\/blockquote>\n<p>\u2013 dodaje ekspertka.<\/p>\n<h5><strong>Nowe przepisy = nowe wydatki<\/strong><\/h5>\n<p>Obowi\u0105zek podawania udzia\u0142\u00f3w procentowych kraj\u00f3w pochodzenia b\u0119dzie wymaga\u0142 od producent\u00f3w zakupu nowych drukarek, modernizacji linii konfekcjonuj\u0105cych, zmiany projekt\u00f3w etykiet oraz aktualizacji system\u00f3w informatycznych. Dla wielu firm to wydatek rz\u0119du dziesi\u0105tek, a nawet setek tysi\u0119cy z\u0142otych.<\/p>\n<blockquote><p><em>\u2013 Oczywi\u015bcie, b\u0119dziemy si\u0119 stosowa\u0107 do przepis\u00f3w<\/em><\/p><\/blockquote>\n<p>\u2013 zapewnia\u00a0<strong>Przemys\u0142aw Rujna<\/strong>.<\/p>\n<blockquote><p>\u2013\u00a0<em>Ale oczekujemy, \u017ce projekt krajowej ustawy implementuj\u0105cej dyrektyw\u0119 b\u0119dzie rozs\u0105dny i realistyczny. Czekamy na jego publikacj\u0119, bo czas ucieka.<\/em><\/p><\/blockquote>\n<p>\u2013 podsumowuje Sekretarz PIM.<\/p>\n<p>&nbsp;<\/p>\n<p>Tymczasem, jak podkre\u015bla Polska Izba Miodu, na bazarach, przydro\u017cnych straganach czy w internecie wci\u0105\u017c mo\u017cna kupi\u0107 mi\u00f3d sprzedawany bez jakichkolwiek etykiet, dat przydatno\u015bci czy informacji o pochodzeniu \u2014 mimo \u017ce obowi\u0105zuj\u0105ce przepisy wymagaj\u0105 podstawowego oznakowania produktu.<\/p>\n<blockquote><p><em>\u2013 Podczas gdy legalni producenci dzia\u0142aj\u0105 pod sta\u0142\u0105 kontrol\u0105 i inwestuj\u0105 coraz wi\u0119cej w zapewnienie zgodno\u015bci z wymogami prawa, nielegalny handel rozwija si\u0119 niemal bez nadzoru. To nie tylko przyk\u0142ad nieuczciwej konkurencji, lecz tak\u017ce realne zagro\u017cenie dla bezpiecze\u0144stwa konsument\u00f3w<\/em>,<\/p><\/blockquote>\n<p>m\u00f3wi Przemys\u0142aw Rujna.<\/p>\n","protected":false},"excerpt":{"rendered":"<p>R\u00f3wno za rok na sklepowych p\u00f3\u0142kach pojawi\u0105 si\u0119 nowe etykiety miodu, wynikaj\u0105ce z przyj\u0119tej unijnej dyrektywy. Wprowadzaj\u0105 one niepozorn\u0105, ale mog\u0105c\u0105 narobi\u0107 sporo zamieszania zmian\u0119: ka\u017cdy s\u0142oik miodu b\u0119dzie musia\u0142 zawiera\u0107 wykaz kraj\u00f3w pochodzenia \u2013 w kolejno\u015bci malej\u0105cej, wg. udzia\u0142u wagowego oraz procentowy udzia\u0142 ka\u017cdego z nich. Polska Izba Miodu zwraca uwag\u0119 na zamieszanie, jakie [&hellip;]<\/p>\n","protected":false},"author":8,"featured_media":26545,"comment_status":"open","ping_status":"open","sticky":false,"template":"","format":"standard","meta":{"footnotes":""},"categories":[2263],"tags":[1530,1531],"class_list":["post-26544","post","type-post","status-publish","format-standard","has-post-thumbnail","hentry","category-nowosci-handlowe","tag-polska-izba-miodu","tag-przemyslaw-rujna"],"yoast_head":"<!-- This site is optimized with the Yoast SEO plugin v20.2.1 - https:\/\/yoast.com\/wordpress\/plugins\/seo\/ -->\n<title>Mi\u00f3d w g\u0105szczu etykiet \u2013 mo\u017cliwe zawirowania na sklepowych p\u00f3\u0142kach | bikotech.pl<\/title>\n<meta name=\"robots\" content=\"index, follow, max-snippet:-1, max-image-preview:large, max-video-preview:-1\" \/>\n<link rel=\"canonical\" href=\"https:\/\/www.bikotech.pl\/index.php\/2025\/06\/13\/miod-w-gaszczu-etykiet-mozliwe-zawirowania-na-sklepowych-polkach\/\" \/>\n<meta property=\"og:locale\" content=\"pl_PL\" \/>\n<meta property=\"og:type\" content=\"article\" \/>\n<meta property=\"og:title\" content=\"Mi\u00f3d w g\u0105szczu etykiet \u2013 mo\u017cliwe zawirowania na sklepowych p\u00f3\u0142kach | bikotech.pl\" \/>\n<meta property=\"og:description\" content=\"R\u00f3wno za rok na sklepowych p\u00f3\u0142kach pojawi\u0105 si\u0119 nowe etykiety miodu, wynikaj\u0105ce z przyj\u0119tej unijnej dyrektywy. Wprowadzaj\u0105 one niepozorn\u0105, ale mog\u0105c\u0105 narobi\u0107 sporo zamieszania zmian\u0119: ka\u017cdy s\u0142oik miodu b\u0119dzie musia\u0142 zawiera\u0107 wykaz kraj\u00f3w pochodzenia \u2013 w kolejno\u015bci malej\u0105cej, wg. udzia\u0142u wagowego oraz procentowy udzia\u0142 ka\u017cdego z nich. Polska Izba Miodu zwraca uwag\u0119 na zamieszanie, jakie [&hellip;]\" \/>\n<meta property=\"og:url\" content=\"https:\/\/www.bikotech.pl\/index.php\/2025\/06\/13\/miod-w-gaszczu-etykiet-mozliwe-zawirowania-na-sklepowych-polkach\/\" \/>\n<meta property=\"og:site_name\" content=\"bikotech.pl\" \/>\n<meta property=\"article:published_time\" content=\"2025-06-13T08:35:52+00:00\" \/>\n<meta property=\"og:image\" content=\"https:\/\/www.bikotech.pl\/wp-content\/uploads\/2025\/06\/Miod_etykiety_PIM.jpg\" \/>\n\t<meta property=\"og:image:width\" content=\"1080\" \/>\n\t<meta property=\"og:image:height\" content=\"1080\" \/>\n\t<meta property=\"og:image:type\" content=\"image\/jpeg\" \/>\n<meta name=\"author\" content=\"Monika Skrzyszowska\" \/>\n<meta name=\"twitter:card\" content=\"summary_large_image\" \/>\n<meta name=\"twitter:label1\" content=\"Napisane przez\" \/>\n\t<meta name=\"twitter:data1\" content=\"Monika Skrzyszowska\" \/>\n\t<meta name=\"twitter:label2\" content=\"Szacowany czas czytania\" \/>\n\t<meta name=\"twitter:data2\" content=\"4 minuty\" \/>\n<script type=\"application\/ld+json\" class=\"yoast-schema-graph\">{\"@context\":\"https:\/\/schema.org\",\"@graph\":[{\"@type\":\"WebPage\",\"@id\":\"https:\/\/www.bikotech.pl\/index.php\/2025\/06\/13\/miod-w-gaszczu-etykiet-mozliwe-zawirowania-na-sklepowych-polkach\/\",\"url\":\"https:\/\/www.bikotech.pl\/index.php\/2025\/06\/13\/miod-w-gaszczu-etykiet-mozliwe-zawirowania-na-sklepowych-polkach\/\",\"name\":\"Mi\u00f3d w g\u0105szczu etykiet \u2013 mo\u017cliwe zawirowania na sklepowych p\u00f3\u0142kach | bikotech.pl\",\"isPartOf\":{\"@id\":\"https:\/\/www.bikotech.pl\/#website\"},\"datePublished\":\"2025-06-13T08:35:52+00:00\",\"dateModified\":\"2025-06-13T08:35:52+00:00\",\"author\":{\"@id\":\"https:\/\/www.bikotech.pl\/#\/schema\/person\/e81947a66de3242fa2692365fa91ec3e\"},\"breadcrumb\":{\"@id\":\"https:\/\/www.bikotech.pl\/index.php\/2025\/06\/13\/miod-w-gaszczu-etykiet-mozliwe-zawirowania-na-sklepowych-polkach\/#breadcrumb\"},\"inLanguage\":\"pl-PL\",\"potentialAction\":[{\"@type\":\"ReadAction\",\"target\":[\"https:\/\/www.bikotech.pl\/index.php\/2025\/06\/13\/miod-w-gaszczu-etykiet-mozliwe-zawirowania-na-sklepowych-polkach\/\"]}]},{\"@type\":\"BreadcrumbList\",\"@id\":\"https:\/\/www.bikotech.pl\/index.php\/2025\/06\/13\/miod-w-gaszczu-etykiet-mozliwe-zawirowania-na-sklepowych-polkach\/#breadcrumb\",\"itemListElement\":[{\"@type\":\"ListItem\",\"position\":1,\"name\":\"Strona g\u0142\u00f3wna\",\"item\":\"https:\/\/www.bikotech.pl\/\"},{\"@type\":\"ListItem\",\"position\":2,\"name\":\"Mi\u00f3d w g\u0105szczu etykiet \u2013 mo\u017cliwe zawirowania na sklepowych p\u00f3\u0142kach\"}]},{\"@type\":\"WebSite\",\"@id\":\"https:\/\/www.bikotech.pl\/#website\",\"url\":\"https:\/\/www.bikotech.pl\/\",\"name\":\"bikotech.pl\",\"description\":\"Innowacje, \u015brodowisko, technologie  - prosto i z sensem o przemy\u015ble spo\u017cywczym\",\"potentialAction\":[{\"@type\":\"SearchAction\",\"target\":{\"@type\":\"EntryPoint\",\"urlTemplate\":\"https:\/\/www.bikotech.pl\/?s={search_term_string}\"},\"query-input\":\"required name=search_term_string\"}],\"inLanguage\":\"pl-PL\"},{\"@type\":\"Person\",\"@id\":\"https:\/\/www.bikotech.pl\/#\/schema\/person\/e81947a66de3242fa2692365fa91ec3e\",\"name\":\"Monika Skrzyszowska\",\"image\":{\"@type\":\"ImageObject\",\"inLanguage\":\"pl-PL\",\"@id\":\"https:\/\/www.bikotech.pl\/#\/schema\/person\/image\/\",\"url\":\"https:\/\/secure.gravatar.com\/avatar\/4c9bdead8ee4151f286daf9180bee0a45778419aa647ffaa81717697b7c8c1d6?s=96&d=mm&r=g\",\"contentUrl\":\"https:\/\/secure.gravatar.com\/avatar\/4c9bdead8ee4151f286daf9180bee0a45778419aa647ffaa81717697b7c8c1d6?s=96&d=mm&r=g\",\"caption\":\"Monika Skrzyszowska\"},\"sameAs\":[\"http:\/\/www.bikotech.pl\"],\"url\":\"https:\/\/www.bikotech.pl\/index.php\/author\/monika\/\"}]}<\/script>\n<!-- \/ Yoast SEO plugin. -->","yoast_head_json":{"title":"Mi\u00f3d w g\u0105szczu etykiet \u2013 mo\u017cliwe zawirowania na sklepowych p\u00f3\u0142kach | bikotech.pl","robots":{"index":"index","follow":"follow","max-snippet":"max-snippet:-1","max-image-preview":"max-image-preview:large","max-video-preview":"max-video-preview:-1"},"canonical":"https:\/\/www.bikotech.pl\/index.php\/2025\/06\/13\/miod-w-gaszczu-etykiet-mozliwe-zawirowania-na-sklepowych-polkach\/","og_locale":"pl_PL","og_type":"article","og_title":"Mi\u00f3d w g\u0105szczu etykiet \u2013 mo\u017cliwe zawirowania na sklepowych p\u00f3\u0142kach | bikotech.pl","og_description":"R\u00f3wno za rok na sklepowych p\u00f3\u0142kach pojawi\u0105 si\u0119 nowe etykiety miodu, wynikaj\u0105ce z przyj\u0119tej unijnej dyrektywy. Wprowadzaj\u0105 one niepozorn\u0105, ale mog\u0105c\u0105 narobi\u0107 sporo zamieszania zmian\u0119: ka\u017cdy s\u0142oik miodu b\u0119dzie musia\u0142 zawiera\u0107 wykaz kraj\u00f3w pochodzenia \u2013 w kolejno\u015bci malej\u0105cej, wg. udzia\u0142u wagowego oraz procentowy udzia\u0142 ka\u017cdego z nich. Polska Izba Miodu zwraca uwag\u0119 na zamieszanie, jakie [&hellip;]","og_url":"https:\/\/www.bikotech.pl\/index.php\/2025\/06\/13\/miod-w-gaszczu-etykiet-mozliwe-zawirowania-na-sklepowych-polkach\/","og_site_name":"bikotech.pl","article_published_time":"2025-06-13T08:35:52+00:00","og_image":[{"width":1080,"height":1080,"url":"https:\/\/www.bikotech.pl\/wp-content\/uploads\/2025\/06\/Miod_etykiety_PIM.jpg","type":"image\/jpeg"}],"author":"Monika Skrzyszowska","twitter_card":"summary_large_image","twitter_misc":{"Napisane przez":"Monika Skrzyszowska","Szacowany czas czytania":"4 minuty"},"schema":{"@context":"https:\/\/schema.org","@graph":[{"@type":"WebPage","@id":"https:\/\/www.bikotech.pl\/index.php\/2025\/06\/13\/miod-w-gaszczu-etykiet-mozliwe-zawirowania-na-sklepowych-polkach\/","url":"https:\/\/www.bikotech.pl\/index.php\/2025\/06\/13\/miod-w-gaszczu-etykiet-mozliwe-zawirowania-na-sklepowych-polkach\/","name":"Mi\u00f3d w g\u0105szczu etykiet \u2013 mo\u017cliwe zawirowania na sklepowych p\u00f3\u0142kach | bikotech.pl","isPartOf":{"@id":"https:\/\/www.bikotech.pl\/#website"},"datePublished":"2025-06-13T08:35:52+00:00","dateModified":"2025-06-13T08:35:52+00:00","author":{"@id":"https:\/\/www.bikotech.pl\/#\/schema\/person\/e81947a66de3242fa2692365fa91ec3e"},"breadcrumb":{"@id":"https:\/\/www.bikotech.pl\/index.php\/2025\/06\/13\/miod-w-gaszczu-etykiet-mozliwe-zawirowania-na-sklepowych-polkach\/#breadcrumb"},"inLanguage":"pl-PL","potentialAction":[{"@type":"ReadAction","target":["https:\/\/www.bikotech.pl\/index.php\/2025\/06\/13\/miod-w-gaszczu-etykiet-mozliwe-zawirowania-na-sklepowych-polkach\/"]}]},{"@type":"BreadcrumbList","@id":"https:\/\/www.bikotech.pl\/index.php\/2025\/06\/13\/miod-w-gaszczu-etykiet-mozliwe-zawirowania-na-sklepowych-polkach\/#breadcrumb","itemListElement":[{"@type":"ListItem","position":1,"name":"Strona g\u0142\u00f3wna","item":"https:\/\/www.bikotech.pl\/"},{"@type":"ListItem","position":2,"name":"Mi\u00f3d w g\u0105szczu etykiet \u2013 mo\u017cliwe zawirowania na sklepowych p\u00f3\u0142kach"}]},{"@type":"WebSite","@id":"https:\/\/www.bikotech.pl\/#website","url":"https:\/\/www.bikotech.pl\/","name":"bikotech.pl","description":"Innowacje, \u015brodowisko, technologie  - prosto i z sensem o przemy\u015ble spo\u017cywczym","potentialAction":[{"@type":"SearchAction","target":{"@type":"EntryPoint","urlTemplate":"https:\/\/www.bikotech.pl\/?s={search_term_string}"},"query-input":"required name=search_term_string"}],"inLanguage":"pl-PL"},{"@type":"Person","@id":"https:\/\/www.bikotech.pl\/#\/schema\/person\/e81947a66de3242fa2692365fa91ec3e","name":"Monika Skrzyszowska","image":{"@type":"ImageObject","inLanguage":"pl-PL","@id":"https:\/\/www.bikotech.pl\/#\/schema\/person\/image\/","url":"https:\/\/secure.gravatar.com\/avatar\/4c9bdead8ee4151f286daf9180bee0a45778419aa647ffaa81717697b7c8c1d6?s=96&d=mm&r=g","contentUrl":"https:\/\/secure.gravatar.com\/avatar\/4c9bdead8ee4151f286daf9180bee0a45778419aa647ffaa81717697b7c8c1d6?s=96&d=mm&r=g","caption":"Monika Skrzyszowska"},"sameAs":["http:\/\/www.bikotech.pl"],"url":"https:\/\/www.bikotech.pl\/index.php\/author\/monika\/"}]}},"_links":{"self":[{"href":"https:\/\/www.bikotech.pl\/index.php\/wp-json\/wp\/v2\/posts\/26544","targetHints":{"allow":["GET"]}}],"collection":[{"href":"https:\/\/www.bikotech.pl\/index.php\/wp-json\/wp\/v2\/posts"}],"about":[{"href":"https:\/\/www.bikotech.pl\/index.php\/wp-json\/wp\/v2\/types\/post"}],"author":[{"embeddable":true,"href":"https:\/\/www.bikotech.pl\/index.php\/wp-json\/wp\/v2\/users\/8"}],"replies":[{"embeddable":true,"href":"https:\/\/www.bikotech.pl\/index.php\/wp-json\/wp\/v2\/comments?post=26544"}],"version-history":[{"count":1,"href":"https:\/\/www.bikotech.pl\/index.php\/wp-json\/wp\/v2\/posts\/26544\/revisions"}],"predecessor-version":[{"id":26546,"href":"https:\/\/www.bikotech.pl\/index.php\/wp-json\/wp\/v2\/posts\/26544\/revisions\/26546"}],"wp:featuredmedia":[{"embeddable":true,"href":"https:\/\/www.bikotech.pl\/index.php\/wp-json\/wp\/v2\/media\/26545"}],"wp:attachment":[{"href":"https:\/\/www.bikotech.pl\/index.php\/wp-json\/wp\/v2\/media?parent=26544"}],"wp:term":[{"taxonomy":"category","embeddable":true,"href":"https:\/\/www.bikotech.pl\/index.php\/wp-json\/wp\/v2\/categories?post=26544"},{"taxonomy":"post_tag","embeddable":true,"href":"https:\/\/www.bikotech.pl\/index.php\/wp-json\/wp\/v2\/tags?post=26544"}],"curies":[{"name":"wp","href":"https:\/\/api.w.org\/{rel}","templated":true}]}}