{"id":25652,"date":"2025-06-09T13:52:06","date_gmt":"2025-06-09T11:52:06","guid":{"rendered":"https:\/\/www.agroindustry.pl\/?p=25652"},"modified":"2025-06-16T09:22:16","modified_gmt":"2025-06-16T07:22:16","slug":"konferencja-zwiazku-gorzelni-polskich-relacja","status":"publish","type":"post","link":"https:\/\/www.bikotech.pl\/index.php\/2025\/06\/09\/konferencja-zwiazku-gorzelni-polskich-relacja\/","title":{"rendered":"Konferencja Zwi\u0105zku Gorzelni Polskich (relacja)"},"content":{"rendered":"<p>Aktualne wyzwania, regulacje i perspektywy rozwoju gorzelni rolniczych by\u0142y tematem konferencji Zwi\u0105zku Gorzelni Polskich, po\u0142\u0105czonej z Walnym Zebraniem Cz\u0142onk\u00f3w. Wydarzenie odby\u0142o si\u0119 w czerwcu 2025 pod \u0141odzi\u0105.<\/p>\n<p><strong>Kierunki<\/strong><\/p>\n<p><em>Chcemy aby gorzelni by\u0142o wi\u0119cej i aby produkcja by\u0142a wi\u0119ksza<\/em> &#8211; deklarowa\u0142 Bogus\u0142aw Wijatyk, dyrektor generalny Ministerstwa Rolnictwa i Rozwoju Wsi. <em>Zroworozs\u0105dkowo nale\u017ca\u0142oby t\u0105 bran\u017ce rozwija\u0107 \u2013 alkohol ma wiele zalet, obok kt\u00f3rych nie mo\u017cna ko\u0142o przej\u015b\u0107 oboj\u0119tnie: gorzelnia mog\u0142aby by\u0107 zaopatrzeniem i rynkiem zbytu dla rolnictwa jednocze\u015bnie<\/em> &#8211; doda\u0142 Wijatyk.<\/p>\n<p>Minister podkre\u015bli\u0142, \u017ce nie chodzi bynajmniej o tworzenie rewolucji w silnikach spalinowych, raczej o zagospodarowanie surowc\u00f3w nadaj\u0105cych si\u0119 do utylizacji. D\u0105\u017cenie do stworzenia instrumentu reguluj\u0105cego \u2013 aby t\u0105 energi\u0119 (np. zbo\u017ce techniczne) m\u00f3c zamieni\u0107 w alkohol jest celem Ministerstwa Rolnictwa. Wijatyk m\u00f3wi\u0142 te\u017c o ziemiach zdegradowanych, kt\u00f3re etycznie by\u0142oby nasadzi\u0107 uprawami przeznaczonymi na cele energetyczne.<\/p>\n<p><strong>Rynek<\/strong><\/p>\n<p>Co roku w polskich gorzelniach produkowanych jest 600 milion\u00f3w litr\u00f3w alkoholu, g\u0142\u00f3wnie na bazie kukurydzy i innych zb\u00f3\u017c. 90% produkcji robi\u0105 du\u017ce zak\u0142ady, natomiast to pozosta\u0142e 10% to s\u0105 w\u0142a\u015bnie gorzelnie rolnicze, aktualnie ok. 30 podmiot\u00f3w.<\/p>\n<p>W Polsce produkuje si\u0119 4% globalnej i 10% unijnej produkcji alkoholu, \u015bwiatowymi liderami s\u0105 USA oraz Brazylia. Z powodu wysokich cen na unijnych rynkach wi\u0119cej si\u0119 tu importuje ani\u017celi eksportuje. Najwi\u0119kszy import przyje\u017cd\u017ca z Pakistanu, USA oraz Brazylii. W Polsce 60% produkowanego alkoholu przeznacza si\u0119 na paliwo (60%). Reszta to sektor food (20%) oraz przemys\u0142 (20%).<\/p>\n<p>&nbsp;<\/p>\n<p>&nbsp;<\/p>\n\n\t\t<style type=\"text\/css\">\n\t\t\t#gallery-1 {\n\t\t\t\tmargin: auto;\n\t\t\t}\n\t\t\t#gallery-1 .gallery-item {\n\t\t\t\tfloat: left;\n\t\t\t\tmargin-top: 10px;\n\t\t\t\ttext-align: center;\n\t\t\t\twidth: 50%;\n\t\t\t}\n\t\t\t#gallery-1 img {\n\t\t\t\tborder: 2px solid #cfcfcf;\n\t\t\t}\n\t\t\t#gallery-1 .gallery-caption {\n\t\t\t\tmargin-left: 0;\n\t\t\t}\n\t\t\t\/* see gallery_shortcode() in wp-includes\/media.php *\/\n\t\t<\/style>\n\t\t<div id='gallery-1' class='gallery galleryid-25652 gallery-columns-2 gallery-size-full'><dl class='gallery-item'>\n\t\t\t<dt class='gallery-icon portrait'>\n\t\t\t\t<a href='https:\/\/www.bikotech.pl\/index.php\/2025\/06\/09\/konferencja-zwiazku-gorzelni-polskich-relacja\/dsc_1028\/'><img loading=\"lazy\" decoding=\"async\" width=\"742\" height=\"1113\" src=\"https:\/\/www.bikotech.pl\/wp-content\/uploads\/2025\/06\/DSC_1028.jpg\" class=\"attachment-full size-full\" alt=\"\" aria-describedby=\"gallery-1-25655\" srcset=\"https:\/\/www.bikotech.pl\/wp-content\/uploads\/2025\/06\/DSC_1028.jpg 742w, https:\/\/www.bikotech.pl\/wp-content\/uploads\/2025\/06\/DSC_1028-200x300.jpg 200w, https:\/\/www.bikotech.pl\/wp-content\/uploads\/2025\/06\/DSC_1028-683x1024.jpg 683w, https:\/\/www.bikotech.pl\/wp-content\/uploads\/2025\/06\/DSC_1028-100x150.jpg 100w\" sizes=\"auto, (max-width: 742px) 100vw, 742px\" \/><\/a>\n\t\t\t<\/dt>\n\t\t\t\t<dd class='wp-caption-text gallery-caption' id='gallery-1-25655'>\n\t\t\t\tBogus\u0142aw Wijatyk, dyrektor generalny Ministerstwa Rolnictwa i Rozwoju Wsi\n\t\t\t\t<\/dd><\/dl><dl class='gallery-item'>\n\t\t\t<dt class='gallery-icon portrait'>\n\t\t\t\t<a href='https:\/\/www.bikotech.pl\/index.php\/2025\/06\/09\/konferencja-zwiazku-gorzelni-polskich-relacja\/dsc_1030\/'><img loading=\"lazy\" decoding=\"async\" width=\"742\" height=\"1113\" src=\"https:\/\/www.bikotech.pl\/wp-content\/uploads\/2025\/06\/DSC_1030.jpg\" class=\"attachment-full size-full\" alt=\"\" aria-describedby=\"gallery-1-25656\" srcset=\"https:\/\/www.bikotech.pl\/wp-content\/uploads\/2025\/06\/DSC_1030.jpg 742w, https:\/\/www.bikotech.pl\/wp-content\/uploads\/2025\/06\/DSC_1030-200x300.jpg 200w, https:\/\/www.bikotech.pl\/wp-content\/uploads\/2025\/06\/DSC_1030-683x1024.jpg 683w, https:\/\/www.bikotech.pl\/wp-content\/uploads\/2025\/06\/DSC_1030-100x150.jpg 100w\" sizes=\"auto, (max-width: 742px) 100vw, 742px\" \/><\/a>\n\t\t\t<\/dt>\n\t\t\t\t<dd class='wp-caption-text gallery-caption' id='gallery-1-25656'>\n\t\t\t\tJaros\u0142aw Wesolowski, kierownik zespo\u0142u ds. alkoholowych,Ministerstwo Rolnictwa i Rozwoju Wsi\n\t\t\t\t<\/dd><\/dl><br style=\"clear: both\" \/>\n\t\t<\/div>\n\n<p><strong>\u015alad w\u0119glowy biopaliw\u00a0<\/strong><\/p>\n<p><em>Jeste\u015bmy wielkim rynkiem \u2013 \u0142atwiej dekarbonizowa\u0107 mniejsze rynki \u2013 to powinna by\u0107 przyczynek aby dyskutowa\u0107 o \u015bcie\u017cce dekarbonizacyjnej<\/em> &#8211; postulowa\u0142 Adam St\u0119pie\u0144, dyrektor generalny Krajowej Izby Biopaliw.\u00a0<em>Polskie rolnictwo jest w stanie zaoferowa\u0107 zr\u00f3wnowa\u017cony surowiec \u2013 ju\u017c wiemy gdzie to si\u0119 je, gdzie s\u0105 s\u0142abe punkty np. konieczno\u015b\u0107 wapnowania, \u017ceby zbi\u0107 ph bo nie ma produkcji zwierz\u0119cej, gleby organiczne<\/em> &#8211; doda\u0142 St\u0119pie\u0144.<\/p>\n<p>Prelegent zwr\u00f3ci\u0142 uwag\u0119 na spos\u00f3b obliczania \u015bladu w\u0119glowego od biopaliw i bioetanolu, podkre\u015blaj\u0105c nier\u00f3wne traktowanie paliwa biologicznego i niebiologicznego pochodzenia. Zwr\u00f3ci\u0142 te\u017c uwag\u0119 na zagro\u017cenie z Ukrainy, gdzie kilka du\u017cych fabryk pozyska\u0142 certyfikaty producent\u00f3w paliw zaawansowanych.<\/p>\n<div id=\"attachment_25657\" style=\"width: 1123px\" class=\"wp-caption aligncenter\"><img loading=\"lazy\" decoding=\"async\" aria-describedby=\"caption-attachment-25657\" class=\"wp-image-25657 size-full\" src=\"https:\/\/www.bikotech.pl\/wp-content\/uploads\/2025\/06\/DSC_1042.jpg\" alt=\"\" width=\"1113\" height=\"742\" srcset=\"https:\/\/www.bikotech.pl\/wp-content\/uploads\/2025\/06\/DSC_1042.jpg 1113w, https:\/\/www.bikotech.pl\/wp-content\/uploads\/2025\/06\/DSC_1042-300x200.jpg 300w, https:\/\/www.bikotech.pl\/wp-content\/uploads\/2025\/06\/DSC_1042-1024x683.jpg 1024w, https:\/\/www.bikotech.pl\/wp-content\/uploads\/2025\/06\/DSC_1042-768x512.jpg 768w, https:\/\/www.bikotech.pl\/wp-content\/uploads\/2025\/06\/DSC_1042-150x100.jpg 150w\" sizes=\"auto, (max-width: 1113px) 100vw, 1113px\" \/><p id=\"caption-attachment-25657\" class=\"wp-caption-text\">Prezentacja silnika zasilanego etanolem<\/p><\/div>\n<p><strong>Auta na etanol\u00a0<\/strong><\/p>\n<p>Jakub Lasocki z Politechniki Warszawskiej opowiedzia\u0142 o idei i wyzwaniach zwi\u0105zanych z silnikiem na etanol. <em>Ministerstwo jest dawc\u0105 tej wizji a my s\u0142u\u017cymy jako zaplecze<\/em> &#8211; podkre\u015bli\u0142 prelegent. W przysz\u0142o\u015bci planowane jest opracowanie nowych silnik\u00f3w dedykowanych do zasilania etanolem, dzi\u015b raczej modyfikuj\u0105\u00a0 stare silniki na paliwa etanolowe w postaci mieszanek albo uwodnionego\/odwodnionego etanolu. <em>To nie jest kosztowne, my prochu nie wymy\u015blili\u015bmy<\/em> &#8211; podsumowa\u0142 Lasocki.<\/p>\n<p>&nbsp;<\/p>\n<div id=\"attachment_25658\" style=\"width: 752px\" class=\"wp-caption aligncenter\"><img loading=\"lazy\" decoding=\"async\" aria-describedby=\"caption-attachment-25658\" class=\"wp-image-25658 size-full\" src=\"https:\/\/www.bikotech.pl\/wp-content\/uploads\/2025\/06\/DSC_1043.jpg\" alt=\"\" width=\"742\" height=\"1113\" srcset=\"https:\/\/www.bikotech.pl\/wp-content\/uploads\/2025\/06\/DSC_1043.jpg 742w, https:\/\/www.bikotech.pl\/wp-content\/uploads\/2025\/06\/DSC_1043-200x300.jpg 200w, https:\/\/www.bikotech.pl\/wp-content\/uploads\/2025\/06\/DSC_1043-683x1024.jpg 683w, https:\/\/www.bikotech.pl\/wp-content\/uploads\/2025\/06\/DSC_1043-100x150.jpg 100w\" sizes=\"auto, (max-width: 742px) 100vw, 742px\" \/><p id=\"caption-attachment-25658\" class=\"wp-caption-text\">Nie oby\u0142o si\u0119 bez kontroli paliwa silnikowego- zgodnie stwierdzono, \u017ce to etanol prosto z gorzelni. Na zdj\u0119ciu od lewej: Jakub Lasocki (Politechnika Warszawska), Bogus\u0142aw Wijatyk (Ministerstwo Rolnictwa) oraz \u0141ukasz Karmowski (Zwi\u0105zek Gorzelni Polskich)<\/p><\/div>\n","protected":false},"excerpt":{"rendered":"<p>Aktualne wyzwania, regulacje i perspektywy rozwoju gorzelni rolniczych by\u0142y tematem konferencji Zwi\u0105zku Gorzelni Polskich, po\u0142\u0105czonej z Walnym Zebraniem Cz\u0142onk\u00f3w. Wydarzenie odby\u0142o si\u0119 w czerwcu 2025 pod \u0141odzi\u0105. Kierunki Chcemy aby gorzelni by\u0142o wi\u0119cej i aby produkcja by\u0142a wi\u0119ksza &#8211; deklarowa\u0142 Bogus\u0142aw Wijatyk, dyrektor generalny Ministerstwa Rolnictwa i Rozwoju Wsi. Zroworozs\u0105dkowo nale\u017ca\u0142oby t\u0105 bran\u017ce rozwija\u0107 \u2013 [&hellip;]<\/p>\n","protected":false},"author":2,"featured_media":25653,"comment_status":"open","ping_status":"open","sticky":false,"template":"","format":"standard","meta":{"footnotes":""},"categories":[2265,22,4],"tags":[2208,2203,2206,2205,2204,2202,2209,2207,2201],"class_list":["post-25652","post","type-post","status-publish","format-standard","has-post-thumbnail","hentry","category-agro","category-przemysl-spirytusowy","category-przetworstwo-owocow","tag-anna-grzelak","tag-boguslaw-wijatyk","tag-ewa-bieluszka","tag-izabela-poplawska","tag-jakub-lasocki","tag-jaroslaw-wesolowski","tag-miroslaw-piotrowski","tag-tomasz-tokarski","tag-lukasz-karmowski"],"yoast_head":"<!-- This site is optimized with the Yoast SEO plugin v20.2.1 - https:\/\/yoast.com\/wordpress\/plugins\/seo\/ -->\n<title>Konferencja Zwi\u0105zku Gorzelni Polskich (relacja) | bikotech.pl<\/title>\n<meta name=\"robots\" content=\"index, follow, max-snippet:-1, max-image-preview:large, max-video-preview:-1\" \/>\n<link rel=\"canonical\" href=\"https:\/\/www.bikotech.pl\/index.php\/2025\/06\/09\/konferencja-zwiazku-gorzelni-polskich-relacja\/\" \/>\n<meta property=\"og:locale\" content=\"pl_PL\" \/>\n<meta property=\"og:type\" content=\"article\" \/>\n<meta property=\"og:title\" content=\"Konferencja Zwi\u0105zku Gorzelni Polskich (relacja) | bikotech.pl\" \/>\n<meta property=\"og:description\" content=\"Aktualne wyzwania, regulacje i perspektywy rozwoju gorzelni rolniczych by\u0142y tematem konferencji Zwi\u0105zku Gorzelni Polskich, po\u0142\u0105czonej z Walnym Zebraniem Cz\u0142onk\u00f3w. Wydarzenie odby\u0142o si\u0119 w czerwcu 2025 pod \u0141odzi\u0105. Kierunki Chcemy aby gorzelni by\u0142o wi\u0119cej i aby produkcja by\u0142a wi\u0119ksza &#8211; deklarowa\u0142 Bogus\u0142aw Wijatyk, dyrektor generalny Ministerstwa Rolnictwa i Rozwoju Wsi. Zroworozs\u0105dkowo nale\u017ca\u0142oby t\u0105 bran\u017ce rozwija\u0107 \u2013 [&hellip;]\" \/>\n<meta property=\"og:url\" content=\"https:\/\/www.bikotech.pl\/index.php\/2025\/06\/09\/konferencja-zwiazku-gorzelni-polskich-relacja\/\" \/>\n<meta property=\"og:site_name\" content=\"bikotech.pl\" \/>\n<meta property=\"article:published_time\" content=\"2025-06-09T11:52:06+00:00\" \/>\n<meta property=\"article:modified_time\" content=\"2025-06-16T07:22:16+00:00\" \/>\n<meta property=\"og:image\" content=\"https:\/\/www.bikotech.pl\/wp-content\/uploads\/2025\/06\/grafiki-do-agro-3-scaled.jpg\" \/>\n\t<meta property=\"og:image:width\" content=\"2560\" \/>\n\t<meta property=\"og:image:height\" content=\"1816\" \/>\n\t<meta property=\"og:image:type\" content=\"image\/jpeg\" \/>\n<meta name=\"author\" content=\"Ola Wojnarowska\" \/>\n<meta name=\"twitter:card\" content=\"summary_large_image\" \/>\n<meta name=\"twitter:label1\" content=\"Napisane przez\" \/>\n\t<meta name=\"twitter:data1\" content=\"Ola Wojnarowska\" \/>\n\t<meta name=\"twitter:label2\" content=\"Szacowany czas czytania\" \/>\n\t<meta name=\"twitter:data2\" content=\"4 minuty\" \/>\n<script type=\"application\/ld+json\" class=\"yoast-schema-graph\">{\"@context\":\"https:\/\/schema.org\",\"@graph\":[{\"@type\":\"WebPage\",\"@id\":\"https:\/\/www.bikotech.pl\/index.php\/2025\/06\/09\/konferencja-zwiazku-gorzelni-polskich-relacja\/\",\"url\":\"https:\/\/www.bikotech.pl\/index.php\/2025\/06\/09\/konferencja-zwiazku-gorzelni-polskich-relacja\/\",\"name\":\"Konferencja Zwi\u0105zku Gorzelni Polskich (relacja) | bikotech.pl\",\"isPartOf\":{\"@id\":\"https:\/\/www.bikotech.pl\/#website\"},\"datePublished\":\"2025-06-09T11:52:06+00:00\",\"dateModified\":\"2025-06-16T07:22:16+00:00\",\"author\":{\"@id\":\"https:\/\/www.bikotech.pl\/#\/schema\/person\/a7613f8d8180fa66033a28be3f87db21\"},\"breadcrumb\":{\"@id\":\"https:\/\/www.bikotech.pl\/index.php\/2025\/06\/09\/konferencja-zwiazku-gorzelni-polskich-relacja\/#breadcrumb\"},\"inLanguage\":\"pl-PL\",\"potentialAction\":[{\"@type\":\"ReadAction\",\"target\":[\"https:\/\/www.bikotech.pl\/index.php\/2025\/06\/09\/konferencja-zwiazku-gorzelni-polskich-relacja\/\"]}]},{\"@type\":\"BreadcrumbList\",\"@id\":\"https:\/\/www.bikotech.pl\/index.php\/2025\/06\/09\/konferencja-zwiazku-gorzelni-polskich-relacja\/#breadcrumb\",\"itemListElement\":[{\"@type\":\"ListItem\",\"position\":1,\"name\":\"Strona g\u0142\u00f3wna\",\"item\":\"https:\/\/www.bikotech.pl\/\"},{\"@type\":\"ListItem\",\"position\":2,\"name\":\"Konferencja Zwi\u0105zku Gorzelni Polskich (relacja)\"}]},{\"@type\":\"WebSite\",\"@id\":\"https:\/\/www.bikotech.pl\/#website\",\"url\":\"https:\/\/www.bikotech.pl\/\",\"name\":\"bikotech.pl\",\"description\":\"Innowacje, \u015brodowisko, technologie  - prosto i z sensem o przemy\u015ble spo\u017cywczym\",\"potentialAction\":[{\"@type\":\"SearchAction\",\"target\":{\"@type\":\"EntryPoint\",\"urlTemplate\":\"https:\/\/www.bikotech.pl\/?s={search_term_string}\"},\"query-input\":\"required name=search_term_string\"}],\"inLanguage\":\"pl-PL\"},{\"@type\":\"Person\",\"@id\":\"https:\/\/www.bikotech.pl\/#\/schema\/person\/a7613f8d8180fa66033a28be3f87db21\",\"name\":\"Ola Wojnarowska\",\"image\":{\"@type\":\"ImageObject\",\"inLanguage\":\"pl-PL\",\"@id\":\"https:\/\/www.bikotech.pl\/#\/schema\/person\/image\/\",\"url\":\"https:\/\/secure.gravatar.com\/avatar\/64d6402adc862d9de7f648ddc7bc25eaacda07271c0660d3fb3c5297d799c420?s=96&d=mm&r=g\",\"contentUrl\":\"https:\/\/secure.gravatar.com\/avatar\/64d6402adc862d9de7f648ddc7bc25eaacda07271c0660d3fb3c5297d799c420?s=96&d=mm&r=g\",\"caption\":\"Ola Wojnarowska\"},\"sameAs\":[\"http:\/\/bikotech.pl\"],\"url\":\"https:\/\/www.bikotech.pl\/index.php\/author\/ola\/\"}]}<\/script>\n<!-- \/ Yoast SEO plugin. -->","yoast_head_json":{"title":"Konferencja Zwi\u0105zku Gorzelni Polskich (relacja) | bikotech.pl","robots":{"index":"index","follow":"follow","max-snippet":"max-snippet:-1","max-image-preview":"max-image-preview:large","max-video-preview":"max-video-preview:-1"},"canonical":"https:\/\/www.bikotech.pl\/index.php\/2025\/06\/09\/konferencja-zwiazku-gorzelni-polskich-relacja\/","og_locale":"pl_PL","og_type":"article","og_title":"Konferencja Zwi\u0105zku Gorzelni Polskich (relacja) | bikotech.pl","og_description":"Aktualne wyzwania, regulacje i perspektywy rozwoju gorzelni rolniczych by\u0142y tematem konferencji Zwi\u0105zku Gorzelni Polskich, po\u0142\u0105czonej z Walnym Zebraniem Cz\u0142onk\u00f3w. Wydarzenie odby\u0142o si\u0119 w czerwcu 2025 pod \u0141odzi\u0105. Kierunki Chcemy aby gorzelni by\u0142o wi\u0119cej i aby produkcja by\u0142a wi\u0119ksza &#8211; deklarowa\u0142 Bogus\u0142aw Wijatyk, dyrektor generalny Ministerstwa Rolnictwa i Rozwoju Wsi. Zroworozs\u0105dkowo nale\u017ca\u0142oby t\u0105 bran\u017ce rozwija\u0107 \u2013 [&hellip;]","og_url":"https:\/\/www.bikotech.pl\/index.php\/2025\/06\/09\/konferencja-zwiazku-gorzelni-polskich-relacja\/","og_site_name":"bikotech.pl","article_published_time":"2025-06-09T11:52:06+00:00","article_modified_time":"2025-06-16T07:22:16+00:00","og_image":[{"width":2560,"height":1816,"url":"https:\/\/www.bikotech.pl\/wp-content\/uploads\/2025\/06\/grafiki-do-agro-3-scaled.jpg","type":"image\/jpeg"}],"author":"Ola Wojnarowska","twitter_card":"summary_large_image","twitter_misc":{"Napisane przez":"Ola Wojnarowska","Szacowany czas czytania":"4 minuty"},"schema":{"@context":"https:\/\/schema.org","@graph":[{"@type":"WebPage","@id":"https:\/\/www.bikotech.pl\/index.php\/2025\/06\/09\/konferencja-zwiazku-gorzelni-polskich-relacja\/","url":"https:\/\/www.bikotech.pl\/index.php\/2025\/06\/09\/konferencja-zwiazku-gorzelni-polskich-relacja\/","name":"Konferencja Zwi\u0105zku Gorzelni Polskich (relacja) | bikotech.pl","isPartOf":{"@id":"https:\/\/www.bikotech.pl\/#website"},"datePublished":"2025-06-09T11:52:06+00:00","dateModified":"2025-06-16T07:22:16+00:00","author":{"@id":"https:\/\/www.bikotech.pl\/#\/schema\/person\/a7613f8d8180fa66033a28be3f87db21"},"breadcrumb":{"@id":"https:\/\/www.bikotech.pl\/index.php\/2025\/06\/09\/konferencja-zwiazku-gorzelni-polskich-relacja\/#breadcrumb"},"inLanguage":"pl-PL","potentialAction":[{"@type":"ReadAction","target":["https:\/\/www.bikotech.pl\/index.php\/2025\/06\/09\/konferencja-zwiazku-gorzelni-polskich-relacja\/"]}]},{"@type":"BreadcrumbList","@id":"https:\/\/www.bikotech.pl\/index.php\/2025\/06\/09\/konferencja-zwiazku-gorzelni-polskich-relacja\/#breadcrumb","itemListElement":[{"@type":"ListItem","position":1,"name":"Strona g\u0142\u00f3wna","item":"https:\/\/www.bikotech.pl\/"},{"@type":"ListItem","position":2,"name":"Konferencja Zwi\u0105zku Gorzelni Polskich (relacja)"}]},{"@type":"WebSite","@id":"https:\/\/www.bikotech.pl\/#website","url":"https:\/\/www.bikotech.pl\/","name":"bikotech.pl","description":"Innowacje, \u015brodowisko, technologie  - prosto i z sensem o przemy\u015ble spo\u017cywczym","potentialAction":[{"@type":"SearchAction","target":{"@type":"EntryPoint","urlTemplate":"https:\/\/www.bikotech.pl\/?s={search_term_string}"},"query-input":"required name=search_term_string"}],"inLanguage":"pl-PL"},{"@type":"Person","@id":"https:\/\/www.bikotech.pl\/#\/schema\/person\/a7613f8d8180fa66033a28be3f87db21","name":"Ola Wojnarowska","image":{"@type":"ImageObject","inLanguage":"pl-PL","@id":"https:\/\/www.bikotech.pl\/#\/schema\/person\/image\/","url":"https:\/\/secure.gravatar.com\/avatar\/64d6402adc862d9de7f648ddc7bc25eaacda07271c0660d3fb3c5297d799c420?s=96&d=mm&r=g","contentUrl":"https:\/\/secure.gravatar.com\/avatar\/64d6402adc862d9de7f648ddc7bc25eaacda07271c0660d3fb3c5297d799c420?s=96&d=mm&r=g","caption":"Ola Wojnarowska"},"sameAs":["http:\/\/bikotech.pl"],"url":"https:\/\/www.bikotech.pl\/index.php\/author\/ola\/"}]}},"_links":{"self":[{"href":"https:\/\/www.bikotech.pl\/index.php\/wp-json\/wp\/v2\/posts\/25652","targetHints":{"allow":["GET"]}}],"collection":[{"href":"https:\/\/www.bikotech.pl\/index.php\/wp-json\/wp\/v2\/posts"}],"about":[{"href":"https:\/\/www.bikotech.pl\/index.php\/wp-json\/wp\/v2\/types\/post"}],"author":[{"embeddable":true,"href":"https:\/\/www.bikotech.pl\/index.php\/wp-json\/wp\/v2\/users\/2"}],"replies":[{"embeddable":true,"href":"https:\/\/www.bikotech.pl\/index.php\/wp-json\/wp\/v2\/comments?post=25652"}],"version-history":[{"count":5,"href":"https:\/\/www.bikotech.pl\/index.php\/wp-json\/wp\/v2\/posts\/25652\/revisions"}],"predecessor-version":[{"id":25662,"href":"https:\/\/www.bikotech.pl\/index.php\/wp-json\/wp\/v2\/posts\/25652\/revisions\/25662"}],"wp:featuredmedia":[{"embeddable":true,"href":"https:\/\/www.bikotech.pl\/index.php\/wp-json\/wp\/v2\/media\/25653"}],"wp:attachment":[{"href":"https:\/\/www.bikotech.pl\/index.php\/wp-json\/wp\/v2\/media?parent=25652"}],"wp:term":[{"taxonomy":"category","embeddable":true,"href":"https:\/\/www.bikotech.pl\/index.php\/wp-json\/wp\/v2\/categories?post=25652"},{"taxonomy":"post_tag","embeddable":true,"href":"https:\/\/www.bikotech.pl\/index.php\/wp-json\/wp\/v2\/tags?post=25652"}],"curies":[{"name":"wp","href":"https:\/\/api.w.org\/{rel}","templated":true}]}}