{"id":24349,"date":"2024-11-26T09:29:39","date_gmt":"2024-11-26T08:29:39","guid":{"rendered":"https:\/\/www.agroindustry.pl\/?p=24349"},"modified":"2024-11-27T15:13:41","modified_gmt":"2024-11-27T14:13:41","slug":"karnawal-smakow-i-kolorow-forum-lodowesweet-w-kielcach-relacja","status":"publish","type":"post","link":"https:\/\/www.bikotech.pl\/index.php\/2024\/11\/26\/karnawal-smakow-i-kolorow-forum-lodowesweet-w-kielcach-relacja\/","title":{"rendered":"Karnawa\u0142 smak\u00f3w i kolor\u00f3w &#8211; Forum Lodowe&#038;Sweet w Kielcach (relacja)"},"content":{"rendered":"<p>Edycja 2024 specjalistycznej konferencji Forum Lodowe&amp;Sweet obfitowa\u0142a w ciekawe wyk\u0142ady i specjalistyczne warsztaty a rozbudowana Strefa Innowacji i Inspiracji otoczy\u0142a uczestnik\u00f3w prawdziw\u0105 feri\u0105 zapach\u00f3w, aromat\u00f3w i kolor\u00f3w. Dwudniowe spotkanie tym razem odby\u0142o si\u0119 w Kielcach.<\/p>\n<p><img loading=\"lazy\" decoding=\"async\" class=\"aligncenter size-full wp-image-24310\" src=\"https:\/\/www.bikotech.pl\/wp-content\/uploads\/2024\/11\/karta-partnerzy-na-agro-2024-11-12T115209.218.jpg\" alt=\"\" width=\"1920\" height=\"1080\" srcset=\"https:\/\/www.bikotech.pl\/wp-content\/uploads\/2024\/11\/karta-partnerzy-na-agro-2024-11-12T115209.218.jpg 1920w, https:\/\/www.bikotech.pl\/wp-content\/uploads\/2024\/11\/karta-partnerzy-na-agro-2024-11-12T115209.218-300x169.jpg 300w, https:\/\/www.bikotech.pl\/wp-content\/uploads\/2024\/11\/karta-partnerzy-na-agro-2024-11-12T115209.218-1024x576.jpg 1024w, https:\/\/www.bikotech.pl\/wp-content\/uploads\/2024\/11\/karta-partnerzy-na-agro-2024-11-12T115209.218-768x432.jpg 768w, https:\/\/www.bikotech.pl\/wp-content\/uploads\/2024\/11\/karta-partnerzy-na-agro-2024-11-12T115209.218-1536x864.jpg 1536w, https:\/\/www.bikotech.pl\/wp-content\/uploads\/2024\/11\/karta-partnerzy-na-agro-2024-11-12T115209.218-150x84.jpg 150w, https:\/\/www.bikotech.pl\/wp-content\/uploads\/2024\/11\/karta-partnerzy-na-agro-2024-11-12T115209.218-730x410.jpg 730w\" sizes=\"auto, (max-width: 1920px) 100vw, 1920px\" \/><\/p>\n<p><strong>Psychologia koloru, magiczne b\u0142onniki, barwi\u0105ca \u017cywno\u015b\u0107 i napowietrzanie lod\u00f3w\u00a0<\/strong><\/p>\n<p><strong>Joanna Markowska<\/strong>, Kierownik Pracowni Technologii i Przechowalnictwa \u017bywno\u015bci w Zak\u0142adzie Technologii i Techniki Ch\u0142odnictwa IBPRS om\u00f3wi\u0142a wybrane \u015bwiatowe innowacje rynku lod\u00f3w, pieczywa i s\u0142odyczy. Opr\u00f3cz wiedzy fachowej s\u0142uchacze dowiedzieli si\u0119 o wielu ciekawostkach, na przyk\u0142ad o tym, \u017ce najmodniejszy aktualnie kolor to odcie\u0144 brzoskwiniowy a smak to solony kokos z mango. Markowska drugiego dnia wyg\u0142osi\u0142a r\u00f3wnie\u017c dwie specjalistyczne prelekcje: dotycz\u0105c\u0105 zastosowania proces\u00f3w enzymatycznych przy produkcji pieczywa mro\u017conego oraz inuliny przy produkcji lod\u00f3w.<br \/>\nDobry humor zebranym producentom lod\u00f3w poprawi\u0142a <strong>Marianna Baranowska<\/strong> z NielsenIQ, kt\u00f3ra na twardych rynkowych danych pokaza\u0142a, \u017ce lodowy sezon w Polsce trwa coraz d\u0142u\u017cej a wi\u0119c i wolumen tego wyj\u0105tkowego deseru ro\u015bnie, z kolei <strong>Ilona Gorczy\u0144ska<\/strong> przedstawi\u0142a firm\u0119 Terravita oraz oczekiwania nowego pokolenia konsument\u00f3w czekolady. \u0141y\u017cki dziegciu doda\u0142 do tego wszystkiego <strong>Grzegorz Szuster<\/strong> z Terravity, kt\u00f3ry oznajmi\u0142 stanowczo, \u017ce czekolada jest i b\u0119dzie droga: mamy do czynienia z czwartym kolejno deficytowym sezonem zbioru kakao, dodatkowo producent\u00f3w czekaj\u0105 nowe europejskie regulacje zwi\u0105zane z importem tego surowca, co dodatkowo wp\u0142ynie niekorzystnie na cen\u0119.<br \/>\nO wyzwaniach zwi\u0105zanych z systemami barwienia a konkretnie odej\u015bciem od barwik\u00f3w syntetycznych na rzecz barwienia \u017cywno\u015bci\u0105 opowiedzia\u0142 zebranym <strong>Jacek Meszka<\/strong> z firmy GNT. <em>Substancje barwi\u0105ce na bazie sk\u00f3rek od winogron i jag\u00f3d, potem z czerwonej kapusty i czarnej marchwi \u2013 zacz\u0119li\u015bmy spogl\u0105da\u0107 na produkcj\u0119 jak na \u0142a\u0144cuch dostaw. Patent do barwienia niebieskich napoj\u00f3w gazowanych barwionych spirulin\u0105<\/em> \u2013 opowiada\u0142 z pasj\u0105 Meszka. Firma GNT umocowa\u0142a i pomog\u0142a wprowadzi\u0107 ramy prawne do barwienia tzw. \u017cywno\u015bci\u0105 barwi\u0105c\u0105. Producent wchodzi tak\u017ce w dodatki do \u017cywno\u015bci, kt\u00f3re jednocze\u015bnie barwi\u0105.<br \/>\n<strong>Aleksandra Rybczy\u0144ska<\/strong> z Brenntag chwali\u0142a si\u0119, \u017ce u niej w firmie najbardziej lubi\u0105 miesza\u0107 i dostarcza\u0107 na czas przer\u00f3\u017cne mieszanki cukiernicze i piekarnicze. Wymieni\u0142a pokr\u00f3tce co maj\u0105 w ofercie, opowiedzia\u0142a te\u017c o organizowanych przez firm\u0119 seminariach. Na stoisku Brenntag zaprezentowa\u0142 lody aloesowe wino z limonk\u0105, cukiernicze dekoracje oraz muffinki o zredukowanej zawarto\u015bci jaj i cukru.<br \/>\nDo produkt\u00f3w na bazie nowej generacji stewii i produkt\u00f3w stewiopodobnych, kt\u00f3re potrafi\u0105 maskowa\u0107 smaki niepo\u017c\u0105dane i wzmacnia\u0107 te po\u017c\u0105dane zach\u0119ca\u0142a <strong>Anna Boberska<\/strong> z firmy Univar. Bardzo ciekawie m\u00f3wi\u0142a r\u00f3wnie\u017c o syropie na bazie zb\u00f3\u017c, m\u0105ki i skrobi, kt\u00f3ry \u2013 poddany enzymatycznej hydrolizie \u2013 stanowi doskona\u0142e \u017ar\u00f3d\u0142o s\u0142odyczy.<\/p>\n<p><strong>Tomasz Strzelecki<\/strong> z Vimax m\u00f3wi\u0142 o specyficznym trendzie \u2013 t\u0119sknocie za czasami, kt\u00f3rych nie do\u015bwiadczyli\u015bmy, wplataj\u0105c w to ofert\u0119 firmy Vimax, jak na przyk\u0142ad napary z kawy a <strong>Julia Veenenbos<\/strong> opowiedzia\u0142a fascynuj\u0105ce historie o ro\u015blinnych w\u0142\u00f3knach: b\u0142onniki b\u0119d\u0105 dawa\u0107 nam odczucie los\u00f3w mlecznych a b\u0119d\u0105 tam lody wega\u0144skie, b\u0142onniki poprawi\u0105 nam tabel\u0119 warto\u015bci od\u017cywczych, zwi\u0119ksz\u0105 nam lepko\u015b\u0107 i potrafi\u0105 na\u015bladowa\u0107 konsystencj\u0119 t\u0142uszczu. Przed\u0142u\u017caj\u0105 te\u017c dat\u0119 trwa\u0142o\u015bci. Prelegentka przedstawi\u0142a gotowe mieszanki b\u0142onnik\u00f3w w ofercie firmy Viands.<\/p>\n<p>Nasz\u0105 rol\u0105 jest opowiedzie\u0107 Pa\u0144stwu co mo\u017cecie teraz zrobi\u0107, przedstawi\u0107 aktualne rozwi\u0105zania wspomagaj\u0105ce proces \u2013 rozpocz\u0105\u0142 <strong>Jakub Stobiecki<\/strong> z firmy Optiflow. Prelegent opowiedzia\u0142 szczeg\u00f3\u0142owo o mo\u017cliwo\u015bciach jakie daje zastosowanie nowoczesnych urz\u0105dze\u0144 procesowych.<br \/>\nDzi\u0119ki rozwi\u0105zaniom firmy Ecolab tunel hartowniczy mo\u017cna szybciej umy\u0107, czterokrotnie skracaj\u0105c czas mycia i dezynfekcji \u2013 to w wielkim skr\u00f3cie podsumowanie prelekcji <strong>Mariusza Czecha<\/strong>.\u00a0 <em>Mycie, mi\u0119dzyp\u0142ukania i dezynfekcja \u2013 to nasze rozwi\u0105zania do mycia powierzchni wymagaj\u0105cych<\/em> \u2013 podsumowa\u0142 prelegent.<br \/>\nStabilizatory, hydrokoloidy i wiedza jak je po\u0142\u0105czy\u0107 aby uzyska\u0107 po\u017c\u0105dany efekt \u2013 to kr\u00f3tkie podsumowanie prezentacji <strong>Victorii Kubrakovej<\/strong> z firmy Lasenor, reprezentuj\u0105cej mark\u0119 Swissgum. Przedstawi\u0142a kilka system\u00f3w do stabilizacji i dobrego napowietrzania lod\u00f3w, rekomendowa\u0142a zastosowanie niekt\u00f3rych mieszanek do lod\u00f3w o niskiej zawarto\u015bci t\u0142uszczu.<br \/>\n<em>95% decyzji o kolorach to emocje, tylko 5% jest racjonalna. Jako firma stwierdzili\u015bmy \u017ce powinni\u015bmy wyszczeg\u00f3lni\u0107 aspekty istotne dla klienta. Atrakcyjno\u015b\u0107 wizualna, ekskluzywno\u015b\u0107, emocjonalne po\u0142\u0105czenia i media spo\u0142eczno\u015bciowe &#8211; wszystko spina nam si\u0119 z psychologi\u0105 koloru<\/em> \u2013 perorowa\u0142 <strong>Daniel Nasi\u0142owski<\/strong> z firmy Oterra.<\/p>\n<p><img loading=\"lazy\" decoding=\"async\" class=\"aligncenter size-full wp-image-24397\" src=\"https:\/\/www.bikotech.pl\/wp-content\/uploads\/2024\/11\/terravita.jpg\" alt=\"\" width=\"1613\" height=\"1210\" srcset=\"https:\/\/www.bikotech.pl\/wp-content\/uploads\/2024\/11\/terravita.jpg 1613w, https:\/\/www.bikotech.pl\/wp-content\/uploads\/2024\/11\/terravita-300x225.jpg 300w, https:\/\/www.bikotech.pl\/wp-content\/uploads\/2024\/11\/terravita-1024x768.jpg 1024w, https:\/\/www.bikotech.pl\/wp-content\/uploads\/2024\/11\/terravita-768x576.jpg 768w, https:\/\/www.bikotech.pl\/wp-content\/uploads\/2024\/11\/terravita-1536x1152.jpg 1536w, https:\/\/www.bikotech.pl\/wp-content\/uploads\/2024\/11\/terravita-150x113.jpg 150w\" sizes=\"auto, (max-width: 1613px) 100vw, 1613px\" \/><\/p>\n<p>&nbsp;<\/p>\n<p>&nbsp;<\/p>\n\n\t\t<style>\n\t\t\t#gallery-1 {\n\t\t\t\tmargin: auto;\n\t\t\t}\n\t\t\t#gallery-1 .gallery-item {\n\t\t\t\tfloat: left;\n\t\t\t\tmargin-top: 10px;\n\t\t\t\ttext-align: center;\n\t\t\t\twidth: 50%;\n\t\t\t}\n\t\t\t#gallery-1 img {\n\t\t\t\tborder: 2px solid #cfcfcf;\n\t\t\t}\n\t\t\t#gallery-1 .gallery-caption {\n\t\t\t\tmargin-left: 0;\n\t\t\t}\n\t\t\t\/* see gallery_shortcode() in wp-includes\/media.php *\/\n\t\t<\/style>\n\t\t<div id='gallery-1' class='gallery galleryid-24349 gallery-columns-2 gallery-size-full'><dl class='gallery-item'>\n\t\t\t<dt class='gallery-icon portrait'>\n\t\t\t\t<a href='https:\/\/www.bikotech.pl\/index.php\/2024\/11\/26\/karnawal-smakow-i-kolorow-forum-lodowesweet-w-kielcach-relacja\/stoiska_forum_sweet-1\/'><img loading=\"lazy\" decoding=\"async\" width=\"576\" height=\"768\" src=\"https:\/\/www.bikotech.pl\/wp-content\/uploads\/2024\/11\/stoiska_forum_sweet-1.jpg\" class=\"attachment-full size-full\" alt=\"\" srcset=\"https:\/\/www.bikotech.pl\/wp-content\/uploads\/2024\/11\/stoiska_forum_sweet-1.jpg 576w, https:\/\/www.bikotech.pl\/wp-content\/uploads\/2024\/11\/stoiska_forum_sweet-1-225x300.jpg 225w, https:\/\/www.bikotech.pl\/wp-content\/uploads\/2024\/11\/stoiska_forum_sweet-1-113x150.jpg 113w\" sizes=\"auto, (max-width: 576px) 100vw, 576px\" \/><\/a>\n\t\t\t<\/dt><\/dl><dl class='gallery-item'>\n\t\t\t<dt class='gallery-icon portrait'>\n\t\t\t\t<a href='https:\/\/www.bikotech.pl\/index.php\/2024\/11\/26\/karnawal-smakow-i-kolorow-forum-lodowesweet-w-kielcach-relacja\/stoiska_forum_sweet-3\/'><img loading=\"lazy\" decoding=\"async\" width=\"576\" height=\"768\" src=\"https:\/\/www.bikotech.pl\/wp-content\/uploads\/2024\/11\/stoiska_forum_sweet-3.jpg\" class=\"attachment-full size-full\" alt=\"\" srcset=\"https:\/\/www.bikotech.pl\/wp-content\/uploads\/2024\/11\/stoiska_forum_sweet-3.jpg 576w, https:\/\/www.bikotech.pl\/wp-content\/uploads\/2024\/11\/stoiska_forum_sweet-3-225x300.jpg 225w, https:\/\/www.bikotech.pl\/wp-content\/uploads\/2024\/11\/stoiska_forum_sweet-3-113x150.jpg 113w\" sizes=\"auto, (max-width: 576px) 100vw, 576px\" \/><\/a>\n\t\t\t<\/dt><\/dl><br style=\"clear: both\" \/><dl class='gallery-item'>\n\t\t\t<dt class='gallery-icon portrait'>\n\t\t\t\t<a href='https:\/\/www.bikotech.pl\/index.php\/2024\/11\/26\/karnawal-smakow-i-kolorow-forum-lodowesweet-w-kielcach-relacja\/stoiska_forum_sweet-4\/'><img loading=\"lazy\" decoding=\"async\" width=\"576\" height=\"768\" src=\"https:\/\/www.bikotech.pl\/wp-content\/uploads\/2024\/11\/stoiska_forum_sweet-4.jpg\" class=\"attachment-full size-full\" alt=\"\" srcset=\"https:\/\/www.bikotech.pl\/wp-content\/uploads\/2024\/11\/stoiska_forum_sweet-4.jpg 576w, https:\/\/www.bikotech.pl\/wp-content\/uploads\/2024\/11\/stoiska_forum_sweet-4-225x300.jpg 225w, https:\/\/www.bikotech.pl\/wp-content\/uploads\/2024\/11\/stoiska_forum_sweet-4-113x150.jpg 113w\" sizes=\"auto, (max-width: 576px) 100vw, 576px\" \/><\/a>\n\t\t\t<\/dt><\/dl><dl class='gallery-item'>\n\t\t\t<dt class='gallery-icon portrait'>\n\t\t\t\t<a href='https:\/\/www.bikotech.pl\/index.php\/2024\/11\/26\/karnawal-smakow-i-kolorow-forum-lodowesweet-w-kielcach-relacja\/stoiska_forum_sweet-5\/'><img loading=\"lazy\" decoding=\"async\" width=\"576\" height=\"768\" src=\"https:\/\/www.bikotech.pl\/wp-content\/uploads\/2024\/11\/stoiska_forum_sweet-5.jpg\" class=\"attachment-full size-full\" alt=\"\" srcset=\"https:\/\/www.bikotech.pl\/wp-content\/uploads\/2024\/11\/stoiska_forum_sweet-5.jpg 576w, https:\/\/www.bikotech.pl\/wp-content\/uploads\/2024\/11\/stoiska_forum_sweet-5-225x300.jpg 225w, https:\/\/www.bikotech.pl\/wp-content\/uploads\/2024\/11\/stoiska_forum_sweet-5-113x150.jpg 113w\" sizes=\"auto, (max-width: 576px) 100vw, 576px\" \/><\/a>\n\t\t\t<\/dt><\/dl><br style=\"clear: both\" \/><dl class='gallery-item'>\n\t\t\t<dt class='gallery-icon landscape'>\n\t\t\t\t<a href='https:\/\/www.bikotech.pl\/index.php\/2024\/11\/26\/karnawal-smakow-i-kolorow-forum-lodowesweet-w-kielcach-relacja\/stoiska_forum_sweet-9\/'><img loading=\"lazy\" decoding=\"async\" width=\"1024\" height=\"768\" src=\"https:\/\/www.bikotech.pl\/wp-content\/uploads\/2024\/11\/stoiska_forum_sweet-9.jpg\" class=\"attachment-full size-full\" alt=\"\" srcset=\"https:\/\/www.bikotech.pl\/wp-content\/uploads\/2024\/11\/stoiska_forum_sweet-9.jpg 1024w, https:\/\/www.bikotech.pl\/wp-content\/uploads\/2024\/11\/stoiska_forum_sweet-9-300x225.jpg 300w, https:\/\/www.bikotech.pl\/wp-content\/uploads\/2024\/11\/stoiska_forum_sweet-9-768x576.jpg 768w, https:\/\/www.bikotech.pl\/wp-content\/uploads\/2024\/11\/stoiska_forum_sweet-9-150x113.jpg 150w\" sizes=\"auto, (max-width: 1024px) 100vw, 1024px\" \/><\/a>\n\t\t\t<\/dt><\/dl><dl class='gallery-item'>\n\t\t\t<dt class='gallery-icon landscape'>\n\t\t\t\t<a href='https:\/\/www.bikotech.pl\/index.php\/2024\/11\/26\/karnawal-smakow-i-kolorow-forum-lodowesweet-w-kielcach-relacja\/stoiska_forum_sweet-8\/'><img loading=\"lazy\" decoding=\"async\" width=\"1024\" height=\"768\" src=\"https:\/\/www.bikotech.pl\/wp-content\/uploads\/2024\/11\/stoiska_forum_sweet-8.jpg\" class=\"attachment-full size-full\" alt=\"\" srcset=\"https:\/\/www.bikotech.pl\/wp-content\/uploads\/2024\/11\/stoiska_forum_sweet-8.jpg 1024w, https:\/\/www.bikotech.pl\/wp-content\/uploads\/2024\/11\/stoiska_forum_sweet-8-300x225.jpg 300w, https:\/\/www.bikotech.pl\/wp-content\/uploads\/2024\/11\/stoiska_forum_sweet-8-768x576.jpg 768w, https:\/\/www.bikotech.pl\/wp-content\/uploads\/2024\/11\/stoiska_forum_sweet-8-150x113.jpg 150w\" sizes=\"auto, (max-width: 1024px) 100vw, 1024px\" \/><\/a>\n\t\t\t<\/dt><\/dl><br style=\"clear: both\" \/><dl class='gallery-item'>\n\t\t\t<dt class='gallery-icon portrait'>\n\t\t\t\t<a href='https:\/\/www.bikotech.pl\/index.php\/2024\/11\/26\/karnawal-smakow-i-kolorow-forum-lodowesweet-w-kielcach-relacja\/stoiska_forum_sweet-6\/'><img loading=\"lazy\" decoding=\"async\" width=\"576\" height=\"768\" src=\"https:\/\/www.bikotech.pl\/wp-content\/uploads\/2024\/11\/stoiska_forum_sweet-6.jpg\" class=\"attachment-full size-full\" alt=\"\" srcset=\"https:\/\/www.bikotech.pl\/wp-content\/uploads\/2024\/11\/stoiska_forum_sweet-6.jpg 576w, https:\/\/www.bikotech.pl\/wp-content\/uploads\/2024\/11\/stoiska_forum_sweet-6-225x300.jpg 225w, https:\/\/www.bikotech.pl\/wp-content\/uploads\/2024\/11\/stoiska_forum_sweet-6-113x150.jpg 113w\" sizes=\"auto, (max-width: 576px) 100vw, 576px\" \/><\/a>\n\t\t\t<\/dt><\/dl><dl class='gallery-item'>\n\t\t\t<dt class='gallery-icon portrait'>\n\t\t\t\t<a href='https:\/\/www.bikotech.pl\/index.php\/2024\/11\/26\/karnawal-smakow-i-kolorow-forum-lodowesweet-w-kielcach-relacja\/stoiska_forum_sweet-10\/'><img loading=\"lazy\" decoding=\"async\" width=\"576\" height=\"768\" src=\"https:\/\/www.bikotech.pl\/wp-content\/uploads\/2024\/11\/stoiska_forum_sweet-10.jpg\" class=\"attachment-full size-full\" alt=\"\" srcset=\"https:\/\/www.bikotech.pl\/wp-content\/uploads\/2024\/11\/stoiska_forum_sweet-10.jpg 576w, https:\/\/www.bikotech.pl\/wp-content\/uploads\/2024\/11\/stoiska_forum_sweet-10-225x300.jpg 225w, https:\/\/www.bikotech.pl\/wp-content\/uploads\/2024\/11\/stoiska_forum_sweet-10-113x150.jpg 113w\" sizes=\"auto, (max-width: 576px) 100vw, 576px\" \/><\/a>\n\t\t\t<\/dt><\/dl><br style=\"clear: both\" \/><dl class='gallery-item'>\n\t\t\t<dt class='gallery-icon portrait'>\n\t\t\t\t<a href='https:\/\/www.bikotech.pl\/index.php\/2024\/11\/26\/karnawal-smakow-i-kolorow-forum-lodowesweet-w-kielcach-relacja\/stoiska_forum_sweet-11\/'><img loading=\"lazy\" decoding=\"async\" width=\"576\" height=\"768\" src=\"https:\/\/www.bikotech.pl\/wp-content\/uploads\/2024\/11\/stoiska_forum_sweet-11.jpg\" class=\"attachment-full size-full\" alt=\"\" srcset=\"https:\/\/www.bikotech.pl\/wp-content\/uploads\/2024\/11\/stoiska_forum_sweet-11.jpg 576w, https:\/\/www.bikotech.pl\/wp-content\/uploads\/2024\/11\/stoiska_forum_sweet-11-225x300.jpg 225w, https:\/\/www.bikotech.pl\/wp-content\/uploads\/2024\/11\/stoiska_forum_sweet-11-113x150.jpg 113w\" sizes=\"auto, (max-width: 576px) 100vw, 576px\" \/><\/a>\n\t\t\t<\/dt><\/dl><dl class='gallery-item'>\n\t\t\t<dt class='gallery-icon portrait'>\n\t\t\t\t<a href='https:\/\/www.bikotech.pl\/index.php\/2024\/11\/26\/karnawal-smakow-i-kolorow-forum-lodowesweet-w-kielcach-relacja\/stoiska_forum_sweet-12\/'><img loading=\"lazy\" decoding=\"async\" width=\"576\" height=\"768\" src=\"https:\/\/www.bikotech.pl\/wp-content\/uploads\/2024\/11\/stoiska_forum_sweet-12.jpg\" class=\"attachment-full size-full\" alt=\"\" srcset=\"https:\/\/www.bikotech.pl\/wp-content\/uploads\/2024\/11\/stoiska_forum_sweet-12.jpg 576w, https:\/\/www.bikotech.pl\/wp-content\/uploads\/2024\/11\/stoiska_forum_sweet-12-225x300.jpg 225w, https:\/\/www.bikotech.pl\/wp-content\/uploads\/2024\/11\/stoiska_forum_sweet-12-113x150.jpg 113w\" sizes=\"auto, (max-width: 576px) 100vw, 576px\" \/><\/a>\n\t\t\t<\/dt><\/dl><br style=\"clear: both\" \/><dl class='gallery-item'>\n\t\t\t<dt class='gallery-icon portrait'>\n\t\t\t\t<a href='https:\/\/www.bikotech.pl\/index.php\/2024\/11\/26\/karnawal-smakow-i-kolorow-forum-lodowesweet-w-kielcach-relacja\/stoiska_forum_sweet-13\/'><img loading=\"lazy\" decoding=\"async\" width=\"576\" height=\"768\" src=\"https:\/\/www.bikotech.pl\/wp-content\/uploads\/2024\/11\/stoiska_forum_sweet-13.jpg\" class=\"attachment-full size-full\" alt=\"\" srcset=\"https:\/\/www.bikotech.pl\/wp-content\/uploads\/2024\/11\/stoiska_forum_sweet-13.jpg 576w, https:\/\/www.bikotech.pl\/wp-content\/uploads\/2024\/11\/stoiska_forum_sweet-13-225x300.jpg 225w, https:\/\/www.bikotech.pl\/wp-content\/uploads\/2024\/11\/stoiska_forum_sweet-13-113x150.jpg 113w\" sizes=\"auto, (max-width: 576px) 100vw, 576px\" \/><\/a>\n\t\t\t<\/dt><\/dl><dl class='gallery-item'>\n\t\t\t<dt class='gallery-icon portrait'>\n\t\t\t\t<a href='https:\/\/www.bikotech.pl\/index.php\/2024\/11\/26\/karnawal-smakow-i-kolorow-forum-lodowesweet-w-kielcach-relacja\/stoiska_forum_sweet-14\/'><img loading=\"lazy\" decoding=\"async\" width=\"576\" height=\"768\" src=\"https:\/\/www.bikotech.pl\/wp-content\/uploads\/2024\/11\/stoiska_forum_sweet-14.jpg\" class=\"attachment-full size-full\" alt=\"\" srcset=\"https:\/\/www.bikotech.pl\/wp-content\/uploads\/2024\/11\/stoiska_forum_sweet-14.jpg 576w, https:\/\/www.bikotech.pl\/wp-content\/uploads\/2024\/11\/stoiska_forum_sweet-14-225x300.jpg 225w, https:\/\/www.bikotech.pl\/wp-content\/uploads\/2024\/11\/stoiska_forum_sweet-14-113x150.jpg 113w\" sizes=\"auto, (max-width: 576px) 100vw, 576px\" \/><\/a>\n\t\t\t<\/dt><\/dl><br style=\"clear: both\" \/><dl class='gallery-item'>\n\t\t\t<dt class='gallery-icon portrait'>\n\t\t\t\t<a href='https:\/\/www.bikotech.pl\/index.php\/2024\/11\/26\/karnawal-smakow-i-kolorow-forum-lodowesweet-w-kielcach-relacja\/stoiska_forum_sweet-15\/'><img loading=\"lazy\" decoding=\"async\" width=\"576\" height=\"768\" src=\"https:\/\/www.bikotech.pl\/wp-content\/uploads\/2024\/11\/stoiska_forum_sweet-15.jpg\" class=\"attachment-full size-full\" alt=\"\" srcset=\"https:\/\/www.bikotech.pl\/wp-content\/uploads\/2024\/11\/stoiska_forum_sweet-15.jpg 576w, https:\/\/www.bikotech.pl\/wp-content\/uploads\/2024\/11\/stoiska_forum_sweet-15-225x300.jpg 225w, https:\/\/www.bikotech.pl\/wp-content\/uploads\/2024\/11\/stoiska_forum_sweet-15-113x150.jpg 113w\" sizes=\"auto, (max-width: 576px) 100vw, 576px\" \/><\/a>\n\t\t\t<\/dt><\/dl><dl class='gallery-item'>\n\t\t\t<dt class='gallery-icon portrait'>\n\t\t\t\t<a href='https:\/\/www.bikotech.pl\/index.php\/2024\/11\/26\/karnawal-smakow-i-kolorow-forum-lodowesweet-w-kielcach-relacja\/stoiska_forum_sweet-16\/'><img loading=\"lazy\" decoding=\"async\" width=\"576\" height=\"768\" src=\"https:\/\/www.bikotech.pl\/wp-content\/uploads\/2024\/11\/stoiska_forum_sweet-16.jpg\" class=\"attachment-full size-full\" alt=\"\" srcset=\"https:\/\/www.bikotech.pl\/wp-content\/uploads\/2024\/11\/stoiska_forum_sweet-16.jpg 576w, https:\/\/www.bikotech.pl\/wp-content\/uploads\/2024\/11\/stoiska_forum_sweet-16-225x300.jpg 225w, https:\/\/www.bikotech.pl\/wp-content\/uploads\/2024\/11\/stoiska_forum_sweet-16-113x150.jpg 113w\" sizes=\"auto, (max-width: 576px) 100vw, 576px\" \/><\/a>\n\t\t\t<\/dt><\/dl><br style=\"clear: both\" \/><dl class='gallery-item'>\n\t\t\t<dt class='gallery-icon portrait'>\n\t\t\t\t<a href='https:\/\/www.bikotech.pl\/index.php\/2024\/11\/26\/karnawal-smakow-i-kolorow-forum-lodowesweet-w-kielcach-relacja\/stoiska_forum_sweet-17\/'><img loading=\"lazy\" decoding=\"async\" width=\"576\" height=\"768\" src=\"https:\/\/www.bikotech.pl\/wp-content\/uploads\/2024\/11\/stoiska_forum_sweet-17.jpg\" class=\"attachment-full size-full\" alt=\"\" srcset=\"https:\/\/www.bikotech.pl\/wp-content\/uploads\/2024\/11\/stoiska_forum_sweet-17.jpg 576w, https:\/\/www.bikotech.pl\/wp-content\/uploads\/2024\/11\/stoiska_forum_sweet-17-225x300.jpg 225w, https:\/\/www.bikotech.pl\/wp-content\/uploads\/2024\/11\/stoiska_forum_sweet-17-113x150.jpg 113w\" sizes=\"auto, (max-width: 576px) 100vw, 576px\" \/><\/a>\n\t\t\t<\/dt><\/dl><dl class='gallery-item'>\n\t\t\t<dt class='gallery-icon portrait'>\n\t\t\t\t<a href='https:\/\/www.bikotech.pl\/index.php\/2024\/11\/26\/karnawal-smakow-i-kolorow-forum-lodowesweet-w-kielcach-relacja\/stoiska_forum_sweet-18\/'><img loading=\"lazy\" decoding=\"async\" width=\"576\" height=\"768\" src=\"https:\/\/www.bikotech.pl\/wp-content\/uploads\/2024\/11\/stoiska_forum_sweet-18.jpg\" class=\"attachment-full size-full\" alt=\"\" srcset=\"https:\/\/www.bikotech.pl\/wp-content\/uploads\/2024\/11\/stoiska_forum_sweet-18.jpg 576w, https:\/\/www.bikotech.pl\/wp-content\/uploads\/2024\/11\/stoiska_forum_sweet-18-225x300.jpg 225w, https:\/\/www.bikotech.pl\/wp-content\/uploads\/2024\/11\/stoiska_forum_sweet-18-113x150.jpg 113w\" sizes=\"auto, (max-width: 576px) 100vw, 576px\" \/><\/a>\n\t\t\t<\/dt><\/dl><br style=\"clear: both\" \/><dl class='gallery-item'>\n\t\t\t<dt class='gallery-icon landscape'>\n\t\t\t\t<a href='https:\/\/www.bikotech.pl\/index.php\/2024\/11\/26\/karnawal-smakow-i-kolorow-forum-lodowesweet-w-kielcach-relacja\/stoiska_forum_sweet-7\/'><img loading=\"lazy\" decoding=\"async\" width=\"1024\" height=\"768\" src=\"https:\/\/www.bikotech.pl\/wp-content\/uploads\/2024\/11\/stoiska_forum_sweet-7.jpg\" class=\"attachment-full size-full\" alt=\"\" srcset=\"https:\/\/www.bikotech.pl\/wp-content\/uploads\/2024\/11\/stoiska_forum_sweet-7.jpg 1024w, https:\/\/www.bikotech.pl\/wp-content\/uploads\/2024\/11\/stoiska_forum_sweet-7-300x225.jpg 300w, https:\/\/www.bikotech.pl\/wp-content\/uploads\/2024\/11\/stoiska_forum_sweet-7-768x576.jpg 768w, https:\/\/www.bikotech.pl\/wp-content\/uploads\/2024\/11\/stoiska_forum_sweet-7-150x113.jpg 150w\" sizes=\"auto, (max-width: 1024px) 100vw, 1024px\" \/><\/a>\n\t\t\t<\/dt><\/dl><dl class='gallery-item'>\n\t\t\t<dt class='gallery-icon landscape'>\n\t\t\t\t<a href='https:\/\/www.bikotech.pl\/index.php\/2024\/11\/26\/karnawal-smakow-i-kolorow-forum-lodowesweet-w-kielcach-relacja\/stoiska_forum_sweet-20\/'><img loading=\"lazy\" decoding=\"async\" width=\"1024\" height=\"768\" src=\"https:\/\/www.bikotech.pl\/wp-content\/uploads\/2024\/11\/stoiska_forum_sweet-20.jpg\" class=\"attachment-full size-full\" alt=\"\" srcset=\"https:\/\/www.bikotech.pl\/wp-content\/uploads\/2024\/11\/stoiska_forum_sweet-20.jpg 1024w, https:\/\/www.bikotech.pl\/wp-content\/uploads\/2024\/11\/stoiska_forum_sweet-20-300x225.jpg 300w, https:\/\/www.bikotech.pl\/wp-content\/uploads\/2024\/11\/stoiska_forum_sweet-20-768x576.jpg 768w, https:\/\/www.bikotech.pl\/wp-content\/uploads\/2024\/11\/stoiska_forum_sweet-20-150x113.jpg 150w\" sizes=\"auto, (max-width: 1024px) 100vw, 1024px\" \/><\/a>\n\t\t\t<\/dt><\/dl><br style=\"clear: both\" \/><dl class='gallery-item'>\n\t\t\t<dt class='gallery-icon portrait'>\n\t\t\t\t<a href='https:\/\/www.bikotech.pl\/index.php\/2024\/11\/26\/karnawal-smakow-i-kolorow-forum-lodowesweet-w-kielcach-relacja\/stoiska_forum_sweet-19\/'><img loading=\"lazy\" decoding=\"async\" width=\"576\" height=\"768\" src=\"https:\/\/www.bikotech.pl\/wp-content\/uploads\/2024\/11\/stoiska_forum_sweet-19.jpg\" class=\"attachment-full size-full\" alt=\"\" srcset=\"https:\/\/www.bikotech.pl\/wp-content\/uploads\/2024\/11\/stoiska_forum_sweet-19.jpg 576w, https:\/\/www.bikotech.pl\/wp-content\/uploads\/2024\/11\/stoiska_forum_sweet-19-225x300.jpg 225w, https:\/\/www.bikotech.pl\/wp-content\/uploads\/2024\/11\/stoiska_forum_sweet-19-113x150.jpg 113w\" sizes=\"auto, (max-width: 576px) 100vw, 576px\" \/><\/a>\n\t\t\t<\/dt><\/dl><dl class='gallery-item'>\n\t\t\t<dt class='gallery-icon portrait'>\n\t\t\t\t<a href='https:\/\/www.bikotech.pl\/index.php\/2024\/11\/26\/karnawal-smakow-i-kolorow-forum-lodowesweet-w-kielcach-relacja\/stoiska_forum_sweet-21\/'><img loading=\"lazy\" decoding=\"async\" width=\"576\" height=\"768\" src=\"https:\/\/www.bikotech.pl\/wp-content\/uploads\/2024\/11\/stoiska_forum_sweet-21.jpg\" class=\"attachment-full size-full\" alt=\"\" srcset=\"https:\/\/www.bikotech.pl\/wp-content\/uploads\/2024\/11\/stoiska_forum_sweet-21.jpg 576w, https:\/\/www.bikotech.pl\/wp-content\/uploads\/2024\/11\/stoiska_forum_sweet-21-225x300.jpg 225w, https:\/\/www.bikotech.pl\/wp-content\/uploads\/2024\/11\/stoiska_forum_sweet-21-113x150.jpg 113w\" sizes=\"auto, (max-width: 576px) 100vw, 576px\" \/><\/a>\n\t\t\t<\/dt><\/dl><br style=\"clear: both\" \/>\n\t\t<\/div>\n\n<p>&nbsp;<\/p>\n<p><strong>Wyzwania i zagro\u017cenia sektora<\/strong><\/p>\n<p>Sprawozdawczo\u015b\u0107 i geolokalizacja to wyzwania, kt\u00f3re sp\u0119dzaj\u0105 sen z powiek importerom kakao, kawy, olej\u00f3w czy drewna. Gor\u0105ca dyskusja o konkretnych przypadkach i kosztach ca\u0142ego przedsi\u0119wzi\u0119cia pokaza\u0142a obawy producent\u00f3w o koszty oraz o mo\u017cliwo\u015bci pozyskania surowca. <em>Ze wst\u0119pnych wylicze\u0144 wynika, \u017ce sama sprawozdawczo\u015b\u0107 zwi\u0119kszy nasze koszty o 250-350 euro za ton\u0119. Stajemy si\u0119, jako europejscy producenci, niekonkurencyjni <\/em>&#8211; podsumowa\u0142a rozmow\u0119 <strong>Iwona \u0141agodzi\u0144ska<\/strong>, prezes Terravita.<\/p>\n<p>Kolejnym wyzwaniem, bacznie obserwowanym przez urz\u0119dy i obarczonym ryzykiem kary do 4% rocznego obrotu, mo\u017ce by\u0107 tzw. greenwashing, czyli wprowadzaj\u0105ce w b\u0142\u0105d komunikowanie o dzia\u0142aniach z zakresu odpowiedzialnego biznesu. Temat szczeg\u00f3\u0142owo om\u00f3wi\u0142a <strong>Eliza Iwaniszyn<\/strong> z kancelarii FoodCompliance.<\/p>\n<p>W poprawnym komunikowaniu mo\u017ce pom\u00f3c identyfikacja \u015bladu w\u0119glowego przedsi\u0119biorstwa, o czym opowiedzia\u0142a zebranym <strong>Ewelina W\u0142odarczyk<\/strong> z IBPRS. Jednostka \u015bwiadczy takie us\u0142ugi.<\/p>\n<p>O etycznym pozyskiwaniu surowc\u00f3w i pr\u00f3bach naprawy niesprawiedliwego podzia\u0142u d\u00f3br opowiedzia\u0142 <strong>Micha\u0142 Bryda- Przybyszewski z Fairtrade<\/strong>. Dyskusja dotyczy\u0142a tego, czy system w og\u00f3le dzia\u0142a. Pan Micha\u0142 us\u0142ysza\u0142 kilka cierpkich uwag dotycz\u0105cych nieskuteczno\u015bci Fairtrade, na co z kolei perorowa\u0142, \u017ce problemem nie jest to \u017ce system nie dzia\u0142a, ale problemem jest to, \u017ce zbyt ma\u0142o firm skupuje ziarno z certyfikatem.<\/p>\n<p><strong>Specjalistyczne warsztaty bran\u017cowe<\/strong><\/p>\n<p>Warsztaty dotycz\u0105ce stabilizacji lod\u00f3w poprowadzili <strong>Aleksandra Janczewska i Konrad Mikiel<\/strong> z firmy Rettenmaier. Poszukiwali\u015bmy czystej etykiety a dodawanie wielu r\u00f3\u017cnych stabilizator\u00f3w nam nie odpowiada\u0142o. Tu na scen\u0119 wchodzi b\u0142onnik cytrusowy, kt\u00f3ry w Polsce pojawi\u0142 si\u0119 3 lata temu \u2013 opowiadali prowadz\u0105cy. Citrus Fiber to b\u0142onnik cytrusowy, kt\u00f3ry &#8211; jak powiedzia\u0142a Janczewska &#8211; jest \u201eczysty\u201d, nie ma substancji kt\u00f3re nadaj\u0105 mu nieprzyjemny smak. Dobrze \u017celuje i nadaje produktom posmak owsianki. Cz\u0119sto u\u017cywany w przemy\u015ble mi\u0119snym oraz w piekarnictwie. B\u0142onnik w lodach umo\u017cliwia ich g\u0142adkie i r\u00f3wnomierne zamra\u017canie, jego istotn\u0105 cech\u0105 jest brak posmaku cytryny i delikatne wzmocnienie smaku produktu.<br \/>\nWarsztaty dotycz\u0105ce zastosowania r\u00f3\u017cnego rodzaju polew poprowadzi\u0142a <strong>Maria Zaleska<\/strong> z firmy Terravita. Uczestnicy wzi\u0119li udzia\u0142 w panelu degustacyjnym polew o r\u00f3\u017cnej zawarto\u015bci i rodzaju t\u0142uszczu, organoleptycznie przekonali si\u0119, \u017ce ka\u017cdy t\u0142uszcz wp\u0142ywa na smak gotowego produktu.<br \/>\nR\u00f3\u017cnice pomi\u0119dzy b\u0142onnikami stosowanymi w produkcji \u017cywno\u015bci zaprezentowali <strong>Aleksandra Janczewska i Konrad Mikiel<\/strong> z firmy Rettenmaier. Pieczywo bezglutenowe kilkadziesi\u0105t lat temu smakowa\u0142o jak tektura, teraz dzi\u0119ki dodaniu b\u0142onnika producent jest w stanie zast\u0105pi\u0107 ca\u0142kowicie gluten co sprawia, \u017ce pieczywo jest bardzo dobre \u2013 m\u00f3wili prowadz\u0105cy. Ka\u017cdy b\u0142onnik idealnie \u0142\u0105czy si\u0119 z t\u0142uszczem \u2013 mo\u017cna tworzy\u0107 pieczywo proteinowe, przeznaczone dla os\u00f3b, kt\u00f3rym zale\u017cy na budowaniu mi\u0119\u015bni.<br \/>\nSk\u0105d wzi\u0105\u0142 si\u0119 chleb i dlaczego nie smakuje tak jak dawniej \u2013 na to pytanie pr\u00f3bowa\u0142 odpowiedzie\u0107 <strong>Anna Czubaszek<\/strong> z Uniwersytetu Przyrodniczego we Wroc\u0142awiu. Prowadz\u0105ca zauwa\u017cy\u0142a, \u017ce chleb znajduje si\u0119 w naszej diecie ze wzgl\u0119du na wysokie warto\u015bci od\u017cywcze, g\u0142\u00f3wnie zapotrzebowanie energetyczne i bia\u0142ko. Pieczywo w 1934 roku by\u0142o podstaw\u0105 \u017cywienia \u2013 prawie 12 kg na osob\u0119, teraz jest to ok. 2,5 kg. Chleb ju\u017c dzi\u015b nie smakuje jak dawniej, poniewa\u017c mamy nowe surowce, zmieni\u0142y si\u0119 sposoby wypiekania i dodano nowe kategorie pieczywa.<\/p>\n<p><iframe loading=\"lazy\" title=\"Forum Lodowe&amp;Sweet 2024\" width=\"730\" height=\"411\" src=\"https:\/\/www.youtube.com\/embed\/ZyzqCEFeZfc?feature=oembed&#038;enablejsapi=1&#038;origin=https:\/\/www.bikotech.pl\" frameborder=\"0\" allow=\"accelerometer; autoplay; clipboard-write; encrypted-media; gyroscope; picture-in-picture; web-share\" referrerpolicy=\"strict-origin-when-cross-origin\" allowfullscreen><\/iframe><\/p>\n<p>&nbsp;<\/p>\n<p>&nbsp;<\/p>\n<p>&nbsp;<\/p>\n","protected":false},"excerpt":{"rendered":"<p>Edycja 2024 specjalistycznej konferencji Forum Lodowe&amp;Sweet obfitowa\u0142a w ciekawe wyk\u0142ady i specjalistyczne warsztaty a rozbudowana Strefa Innowacji i Inspiracji otoczy\u0142a uczestnik\u00f3w prawdziw\u0105 feri\u0105 zapach\u00f3w, aromat\u00f3w i kolor\u00f3w. Dwudniowe spotkanie tym razem odby\u0142o si\u0119 w Kielcach. Psychologia koloru, magiczne b\u0142onniki, barwi\u0105ca \u017cywno\u015b\u0107 i napowietrzanie lod\u00f3w\u00a0 Joanna Markowska, Kierownik Pracowni Technologii i Przechowalnictwa \u017bywno\u015bci w Zak\u0142adzie Technologii [&hellip;]<\/p>\n","protected":false},"author":2,"featured_media":24380,"comment_status":"open","ping_status":"open","sticky":false,"template":"","format":"standard","meta":{"footnotes":""},"categories":[14,1033,911,1653],"tags":[1932,1920,1933,1937,1938,1919,1946,1941,1943,1928,237,1415,1627,1590,1918,1422,1234,1916,38,1917,1290,1408,1921,1926,1930,1925,1935,1406,1915,1923,1628,1914,1102,1942,1929,1940,1944,1931,1947,1560,1936,1945,1924,1939,1407,1429,1934,1922,1927,1108],"class_list":["post-24349","post","type-post","status-publish","format-standard","has-post-thumbnail","hentry","category-wydarzenia","category-pod-naszym-patronatem","category-slodyczeprzekaski","category-tylko-u-nas","tag-aleksandra-janczewska","tag-aleksandra-rybczynska","tag-anna-czubaszek","tag-aromaty","tag-barwniki","tag-brenntag","tag-blonniki","tag-cukiernictwo","tag-czekolady","tag-daniel-nasilowski","tag-ecolab","tag-eliza-iwaniszyn","tag-fairtrade","tag-food-compliance","tag-gnt","tag-grzegorz-szuster","tag-ibprs","tag-ilona-gorczynska","tag-innowacje","tag-jacek-meszka","tag-jakub-stobiecki","tag-joanna-markowska","tag-julia-veenenbos","tag-karolina-lukaszewska-krol","tag-konrad-mikiel","tag-lasenor","tag-lody","tag-maria-zaleska","tag-marianna-baranowska","tag-mariusz-czech","tag-michal-bryda-przybyszewski","tag-nielseniq","tag-optiflow","tag-optymalizacja-przechowywania","tag-oterra","tag-piekarnictwo","tag-polewy","tag-rettenmaier","tag-rynek-lodow","tag-rynek-slodyczy","tag-smaki","tag-stabilizatory","tag-swissgum","tag-slodycze","tag-terravita","tag-tomasz-strzelecki","tag-uniwersytet-przyrodniczy-we-wroclawiu","tag-viands","tag-viktoria-kubrakova","tag-vimax"],"yoast_head":"<!-- This site is optimized with the Yoast SEO plugin v20.2.1 - https:\/\/yoast.com\/wordpress\/plugins\/seo\/ -->\n<title>Karnawa\u0142 smak\u00f3w i kolor\u00f3w - Forum Lodowe&amp;Sweet w Kielcach (relacja) | bikotech.pl<\/title>\n<meta name=\"robots\" content=\"index, follow, max-snippet:-1, max-image-preview:large, max-video-preview:-1\" \/>\n<link rel=\"canonical\" href=\"https:\/\/www.bikotech.pl\/index.php\/2024\/11\/26\/karnawal-smakow-i-kolorow-forum-lodowesweet-w-kielcach-relacja\/\" \/>\n<meta property=\"og:locale\" content=\"pl_PL\" \/>\n<meta property=\"og:type\" content=\"article\" \/>\n<meta property=\"og:title\" content=\"Karnawa\u0142 smak\u00f3w i kolor\u00f3w - Forum Lodowe&amp;Sweet w Kielcach (relacja) | bikotech.pl\" \/>\n<meta property=\"og:description\" content=\"Edycja 2024 specjalistycznej konferencji Forum Lodowe&amp;Sweet obfitowa\u0142a w ciekawe wyk\u0142ady i specjalistyczne warsztaty a rozbudowana Strefa Innowacji i Inspiracji otoczy\u0142a uczestnik\u00f3w prawdziw\u0105 feri\u0105 zapach\u00f3w, aromat\u00f3w i kolor\u00f3w. Dwudniowe spotkanie tym razem odby\u0142o si\u0119 w Kielcach. Psychologia koloru, magiczne b\u0142onniki, barwi\u0105ca \u017cywno\u015b\u0107 i napowietrzanie lod\u00f3w\u00a0 Joanna Markowska, Kierownik Pracowni Technologii i Przechowalnictwa \u017bywno\u015bci w Zak\u0142adzie Technologii [&hellip;]\" \/>\n<meta property=\"og:url\" content=\"https:\/\/www.bikotech.pl\/index.php\/2024\/11\/26\/karnawal-smakow-i-kolorow-forum-lodowesweet-w-kielcach-relacja\/\" \/>\n<meta property=\"og:site_name\" content=\"bikotech.pl\" \/>\n<meta property=\"article:published_time\" content=\"2024-11-26T08:29:39+00:00\" \/>\n<meta property=\"article:modified_time\" content=\"2024-11-27T14:13:41+00:00\" \/>\n<meta property=\"og:image\" content=\"https:\/\/www.bikotech.pl\/wp-content\/uploads\/2024\/11\/grafiki-do-agro-1.jpg\" \/>\n\t<meta property=\"og:image:width\" content=\"1748\" \/>\n\t<meta property=\"og:image:height\" content=\"1240\" \/>\n\t<meta property=\"og:image:type\" content=\"image\/jpeg\" \/>\n<meta name=\"author\" content=\"Ola Wojnarowska\" \/>\n<meta name=\"twitter:card\" content=\"summary_large_image\" \/>\n<meta name=\"twitter:label1\" content=\"Napisane przez\" \/>\n\t<meta name=\"twitter:data1\" content=\"Ola Wojnarowska\" \/>\n\t<meta name=\"twitter:label2\" content=\"Szacowany czas czytania\" \/>\n\t<meta name=\"twitter:data2\" content=\"7 minut\" \/>\n<script type=\"application\/ld+json\" class=\"yoast-schema-graph\">{\"@context\":\"https:\/\/schema.org\",\"@graph\":[{\"@type\":\"WebPage\",\"@id\":\"https:\/\/www.bikotech.pl\/index.php\/2024\/11\/26\/karnawal-smakow-i-kolorow-forum-lodowesweet-w-kielcach-relacja\/\",\"url\":\"https:\/\/www.bikotech.pl\/index.php\/2024\/11\/26\/karnawal-smakow-i-kolorow-forum-lodowesweet-w-kielcach-relacja\/\",\"name\":\"Karnawa\u0142 smak\u00f3w i kolor\u00f3w - Forum Lodowe&Sweet w Kielcach (relacja) | bikotech.pl\",\"isPartOf\":{\"@id\":\"https:\/\/www.bikotech.pl\/#website\"},\"datePublished\":\"2024-11-26T08:29:39+00:00\",\"dateModified\":\"2024-11-27T14:13:41+00:00\",\"author\":{\"@id\":\"https:\/\/www.bikotech.pl\/#\/schema\/person\/a7613f8d8180fa66033a28be3f87db21\"},\"breadcrumb\":{\"@id\":\"https:\/\/www.bikotech.pl\/index.php\/2024\/11\/26\/karnawal-smakow-i-kolorow-forum-lodowesweet-w-kielcach-relacja\/#breadcrumb\"},\"inLanguage\":\"pl-PL\",\"potentialAction\":[{\"@type\":\"ReadAction\",\"target\":[\"https:\/\/www.bikotech.pl\/index.php\/2024\/11\/26\/karnawal-smakow-i-kolorow-forum-lodowesweet-w-kielcach-relacja\/\"]}]},{\"@type\":\"BreadcrumbList\",\"@id\":\"https:\/\/www.bikotech.pl\/index.php\/2024\/11\/26\/karnawal-smakow-i-kolorow-forum-lodowesweet-w-kielcach-relacja\/#breadcrumb\",\"itemListElement\":[{\"@type\":\"ListItem\",\"position\":1,\"name\":\"Strona g\u0142\u00f3wna\",\"item\":\"https:\/\/www.bikotech.pl\/\"},{\"@type\":\"ListItem\",\"position\":2,\"name\":\"Karnawa\u0142 smak\u00f3w i kolor\u00f3w &#8211; Forum Lodowe&#038;Sweet w Kielcach (relacja)\"}]},{\"@type\":\"WebSite\",\"@id\":\"https:\/\/www.bikotech.pl\/#website\",\"url\":\"https:\/\/www.bikotech.pl\/\",\"name\":\"bikotech.pl\",\"description\":\"Innowacje, \u015brodowisko, technologie  - prosto i z sensem o przemy\u015ble spo\u017cywczym\",\"potentialAction\":[{\"@type\":\"SearchAction\",\"target\":{\"@type\":\"EntryPoint\",\"urlTemplate\":\"https:\/\/www.bikotech.pl\/?s={search_term_string}\"},\"query-input\":\"required name=search_term_string\"}],\"inLanguage\":\"pl-PL\"},{\"@type\":\"Person\",\"@id\":\"https:\/\/www.bikotech.pl\/#\/schema\/person\/a7613f8d8180fa66033a28be3f87db21\",\"name\":\"Ola Wojnarowska\",\"image\":{\"@type\":\"ImageObject\",\"inLanguage\":\"pl-PL\",\"@id\":\"https:\/\/www.bikotech.pl\/#\/schema\/person\/image\/\",\"url\":\"https:\/\/secure.gravatar.com\/avatar\/64d6402adc862d9de7f648ddc7bc25eaacda07271c0660d3fb3c5297d799c420?s=96&d=mm&r=g\",\"contentUrl\":\"https:\/\/secure.gravatar.com\/avatar\/64d6402adc862d9de7f648ddc7bc25eaacda07271c0660d3fb3c5297d799c420?s=96&d=mm&r=g\",\"caption\":\"Ola Wojnarowska\"},\"sameAs\":[\"http:\/\/bikotech.pl\"],\"url\":\"https:\/\/www.bikotech.pl\/index.php\/author\/ola\/\"}]}<\/script>\n<!-- \/ Yoast SEO plugin. -->","yoast_head_json":{"title":"Karnawa\u0142 smak\u00f3w i kolor\u00f3w - Forum Lodowe&Sweet w Kielcach (relacja) | bikotech.pl","robots":{"index":"index","follow":"follow","max-snippet":"max-snippet:-1","max-image-preview":"max-image-preview:large","max-video-preview":"max-video-preview:-1"},"canonical":"https:\/\/www.bikotech.pl\/index.php\/2024\/11\/26\/karnawal-smakow-i-kolorow-forum-lodowesweet-w-kielcach-relacja\/","og_locale":"pl_PL","og_type":"article","og_title":"Karnawa\u0142 smak\u00f3w i kolor\u00f3w - Forum Lodowe&Sweet w Kielcach (relacja) | bikotech.pl","og_description":"Edycja 2024 specjalistycznej konferencji Forum Lodowe&amp;Sweet obfitowa\u0142a w ciekawe wyk\u0142ady i specjalistyczne warsztaty a rozbudowana Strefa Innowacji i Inspiracji otoczy\u0142a uczestnik\u00f3w prawdziw\u0105 feri\u0105 zapach\u00f3w, aromat\u00f3w i kolor\u00f3w. Dwudniowe spotkanie tym razem odby\u0142o si\u0119 w Kielcach. Psychologia koloru, magiczne b\u0142onniki, barwi\u0105ca \u017cywno\u015b\u0107 i napowietrzanie lod\u00f3w\u00a0 Joanna Markowska, Kierownik Pracowni Technologii i Przechowalnictwa \u017bywno\u015bci w Zak\u0142adzie Technologii [&hellip;]","og_url":"https:\/\/www.bikotech.pl\/index.php\/2024\/11\/26\/karnawal-smakow-i-kolorow-forum-lodowesweet-w-kielcach-relacja\/","og_site_name":"bikotech.pl","article_published_time":"2024-11-26T08:29:39+00:00","article_modified_time":"2024-11-27T14:13:41+00:00","og_image":[{"width":1748,"height":1240,"url":"https:\/\/www.bikotech.pl\/wp-content\/uploads\/2024\/11\/grafiki-do-agro-1.jpg","type":"image\/jpeg"}],"author":"Ola Wojnarowska","twitter_card":"summary_large_image","twitter_misc":{"Napisane przez":"Ola Wojnarowska","Szacowany czas czytania":"7 minut"},"schema":{"@context":"https:\/\/schema.org","@graph":[{"@type":"WebPage","@id":"https:\/\/www.bikotech.pl\/index.php\/2024\/11\/26\/karnawal-smakow-i-kolorow-forum-lodowesweet-w-kielcach-relacja\/","url":"https:\/\/www.bikotech.pl\/index.php\/2024\/11\/26\/karnawal-smakow-i-kolorow-forum-lodowesweet-w-kielcach-relacja\/","name":"Karnawa\u0142 smak\u00f3w i kolor\u00f3w - Forum Lodowe&Sweet w Kielcach (relacja) | bikotech.pl","isPartOf":{"@id":"https:\/\/www.bikotech.pl\/#website"},"datePublished":"2024-11-26T08:29:39+00:00","dateModified":"2024-11-27T14:13:41+00:00","author":{"@id":"https:\/\/www.bikotech.pl\/#\/schema\/person\/a7613f8d8180fa66033a28be3f87db21"},"breadcrumb":{"@id":"https:\/\/www.bikotech.pl\/index.php\/2024\/11\/26\/karnawal-smakow-i-kolorow-forum-lodowesweet-w-kielcach-relacja\/#breadcrumb"},"inLanguage":"pl-PL","potentialAction":[{"@type":"ReadAction","target":["https:\/\/www.bikotech.pl\/index.php\/2024\/11\/26\/karnawal-smakow-i-kolorow-forum-lodowesweet-w-kielcach-relacja\/"]}]},{"@type":"BreadcrumbList","@id":"https:\/\/www.bikotech.pl\/index.php\/2024\/11\/26\/karnawal-smakow-i-kolorow-forum-lodowesweet-w-kielcach-relacja\/#breadcrumb","itemListElement":[{"@type":"ListItem","position":1,"name":"Strona g\u0142\u00f3wna","item":"https:\/\/www.bikotech.pl\/"},{"@type":"ListItem","position":2,"name":"Karnawa\u0142 smak\u00f3w i kolor\u00f3w &#8211; Forum Lodowe&#038;Sweet w Kielcach (relacja)"}]},{"@type":"WebSite","@id":"https:\/\/www.bikotech.pl\/#website","url":"https:\/\/www.bikotech.pl\/","name":"bikotech.pl","description":"Innowacje, \u015brodowisko, technologie  - prosto i z sensem o przemy\u015ble spo\u017cywczym","potentialAction":[{"@type":"SearchAction","target":{"@type":"EntryPoint","urlTemplate":"https:\/\/www.bikotech.pl\/?s={search_term_string}"},"query-input":"required name=search_term_string"}],"inLanguage":"pl-PL"},{"@type":"Person","@id":"https:\/\/www.bikotech.pl\/#\/schema\/person\/a7613f8d8180fa66033a28be3f87db21","name":"Ola Wojnarowska","image":{"@type":"ImageObject","inLanguage":"pl-PL","@id":"https:\/\/www.bikotech.pl\/#\/schema\/person\/image\/","url":"https:\/\/secure.gravatar.com\/avatar\/64d6402adc862d9de7f648ddc7bc25eaacda07271c0660d3fb3c5297d799c420?s=96&d=mm&r=g","contentUrl":"https:\/\/secure.gravatar.com\/avatar\/64d6402adc862d9de7f648ddc7bc25eaacda07271c0660d3fb3c5297d799c420?s=96&d=mm&r=g","caption":"Ola Wojnarowska"},"sameAs":["http:\/\/bikotech.pl"],"url":"https:\/\/www.bikotech.pl\/index.php\/author\/ola\/"}]}},"_links":{"self":[{"href":"https:\/\/www.bikotech.pl\/index.php\/wp-json\/wp\/v2\/posts\/24349","targetHints":{"allow":["GET"]}}],"collection":[{"href":"https:\/\/www.bikotech.pl\/index.php\/wp-json\/wp\/v2\/posts"}],"about":[{"href":"https:\/\/www.bikotech.pl\/index.php\/wp-json\/wp\/v2\/types\/post"}],"author":[{"embeddable":true,"href":"https:\/\/www.bikotech.pl\/index.php\/wp-json\/wp\/v2\/users\/2"}],"replies":[{"embeddable":true,"href":"https:\/\/www.bikotech.pl\/index.php\/wp-json\/wp\/v2\/comments?post=24349"}],"version-history":[{"count":13,"href":"https:\/\/www.bikotech.pl\/index.php\/wp-json\/wp\/v2\/posts\/24349\/revisions"}],"predecessor-version":[{"id":24398,"href":"https:\/\/www.bikotech.pl\/index.php\/wp-json\/wp\/v2\/posts\/24349\/revisions\/24398"}],"wp:featuredmedia":[{"embeddable":true,"href":"https:\/\/www.bikotech.pl\/index.php\/wp-json\/wp\/v2\/media\/24380"}],"wp:attachment":[{"href":"https:\/\/www.bikotech.pl\/index.php\/wp-json\/wp\/v2\/media?parent=24349"}],"wp:term":[{"taxonomy":"category","embeddable":true,"href":"https:\/\/www.bikotech.pl\/index.php\/wp-json\/wp\/v2\/categories?post=24349"},{"taxonomy":"post_tag","embeddable":true,"href":"https:\/\/www.bikotech.pl\/index.php\/wp-json\/wp\/v2\/tags?post=24349"}],"curies":[{"name":"wp","href":"https:\/\/api.w.org\/{rel}","templated":true}]}}