{"id":22630,"date":"2024-03-26T12:04:00","date_gmt":"2024-03-26T11:04:00","guid":{"rendered":"https:\/\/www.agroindustry.pl\/?p=22630"},"modified":"2024-04-10T10:17:52","modified_gmt":"2024-04-10T08:17:52","slug":"okiem-prawnika-skladniki-zakazane-w-zywnosci-witaminy-i-skladniki-mineralne-nowe-rozporzadzenie-ministra-zdrowia","status":"publish","type":"post","link":"https:\/\/www.bikotech.pl\/index.php\/2024\/03\/26\/okiem-prawnika-skladniki-zakazane-w-zywnosci-witaminy-i-skladniki-mineralne-nowe-rozporzadzenie-ministra-zdrowia\/","title":{"rendered":"okiem prawnika: Sk\u0142adniki zakazane w \u017cywno\u015bci, witaminy i sk\u0142adniki mineralne &#8211; nowe rozporz\u0105dzenie Ministra Zdrowia"},"content":{"rendered":"<p>5 kwietnia 2024 r. wejdzie w \u017cycie rozporz\u0105dzenie Ministra Zdrowia z dnia 13 marca 2024 r. w sprawie substancji wzbogacaj\u0105cych dodawanych do \u017cywno\u015bci (Dz. U. poz. 420), kt\u00f3re uchyla dotychczasowe rozporz\u0105dzenie Ministra Zdrowia z dnia 16 wrze\u015bnia 2010 r. w sprawie substancji wzbogacaj\u0105cych dodawanych do \u017cywno\u015bci.<\/p>\n<p>W nowym rozporz\u0105dzeniu okre\u015blone zosta\u0142y:<br \/>\n1. \u015brodki spo\u017cywcze, do kt\u00f3rych s\u0105 obligatoryjnie dodawane witaminy i sk\u0142adniki mineralne;<br \/>\n2. poziomy lub maksymalne poziomy witamin i sk\u0142adnik\u00f3w mineralnych;<br \/>\n3. wykaz substancji innych ni\u017c witaminy i sk\u0142adniki mineralne zakazanych w produkcji \u015brodk\u00f3w spo\u017cywczych.<\/p>\n<p><strong>S\u00f3l pozostaje jodowana<\/strong><\/p>\n<p>Tak samo jak dotychczas, do t\u0142uszcz\u00f3w (z wyj\u0105tkiem mas\u0142a, mas\u0142a o zawarto\u015bci \u00be t\u0142uszczu, mas\u0142a p\u00f3\u0142t\u0142ustego i t\u0142uszczu mlecznego do smarowania) obligatoryjne pozostaje dodawanie witaminy A i witamina D.\u00a0 Nie zmienia si\u0119 r\u00f3wnie\u017c obowi\u0105zek w zakresie jodowania soli przeznaczonej do bezpo\u015bredniego spo\u017cycia przez ludzi. Powinna by\u0107 ona wzbogacana jodkiem lub jodanem potasu.<br \/>\nWarto przypomnie\u0107, \u017ce obowi\u0105zkowe wzbogacanie \u017cywno\u015bci ma na celu zapobieganie i wyr\u00f3wnywanie stwierdzonego niedoboru jednego lub wi\u0119cej sk\u0142adnik\u00f3w od\u017cywczych w ca\u0142ych populacjach lub okre\u015blonych grupach ludno\u015bci.<\/p>\n<p><strong>Wykaz substancji zakazanych do stosowania w \u015brodkach spo\u017cywczych<\/strong><\/p>\n<p>Nowo\u015bci\u0105 wprowadzon\u0105 rozporz\u0105dzeniem jest za\u0142\u0105cznik, w kt\u00f3rym ustanowiono wykaz substancji zakazanych do stosowania w \u015brodkach spo\u017cywczych (innych ni\u017c witaminy i sk\u0142adniki mineralne). Warto jednak pami\u0119ta\u0107, \u017ce poza t\u0105 regulacj\u0105, trzeba mie\u0107 r\u00f3wnie\u017c na uwadze ustanowiony w za\u0142\u0105czniku III rozporz\u0105dzenia nr 1925\/2006 Parlamentu Europejskiego i Rady wykaz substancji, kt\u00f3rych stosowanie w \u017cywno\u015bci jest zakazane, ograniczone lub podlega kontroli.<\/p>\n<p><strong>Dodawane witaminy i sk\u0142adniki mineralne \u2013 musi by\u0107 \u201eznacz\u0105ca ilo\u015b\u0107\u201d<\/strong><\/p>\n<p>Dodanie do \u017cywno\u015bci witaminy lub sk\u0142adnika mineralnego musi powodowa\u0107 obecno\u015b\u0107 tej witaminy lub tego sk\u0142adnika mineralnego w \u017cywno\u015bci przynajmniej w ilo\u015bci znacz\u0105cej. Nowe rozporz\u0105dzenie Ministra Zdrowia dostosowuje wreszcie przepisy dotycz\u0105ce znacz\u0105cej ilo\u015bci witamin i sk\u0142adnik\u00f3w mineralnych do prawodawstwa unijnego.<br \/>\nW dotychczasowym krajowym rozporz\u0105dzeniu ilo\u015b\u0107 znacz\u0105c\u0105 dla wszystkich produkt\u00f3w ustalono na 15% referencyjnych warto\u015bci spo\u017cycia. Nie r\u00f3\u017cnicowano warto\u015bci w odniesieniu do napoj\u00f3w i produkt\u00f3w innych ni\u017c napoje. Jednocze\u015bnie z przepis\u00f3w unijnych (rozporz\u0105dzenie nr 1925\/2006 w zw. z rozporz\u0105dzeniem 1169\/2011) wynika\u0142o, \u017ce dla napoj\u00f3w ilo\u015b\u0107 znacz\u0105ca wynosi 7,5% DRWS. W praktyce powodowa\u0142o to trudno\u015bci interpretacyjne dla podmiot\u00f3w dzia\u0142aj\u0105cych w bran\u017cy napojowej (nie by\u0142o jasne, kt\u00f3r\u0105 regulacj\u0119 nale\u017cy stosowa\u0107).<br \/>\nMinimalna ilo\u015b\u0107 witamin i sk\u0142adnik\u00f3w mineralnych w 100 g lub 100 ml produktu, albo w przeliczeniu na porcj\u0119, gdy opakowanie zawiera wy\u0142\u0105cznie jedn\u0105 porcj\u0119 jest r\u00f3wna znacz\u0105cej ilo\u015b\u0107 witamin i sk\u0142adnik\u00f3w mineralnych w rozumieniu za\u0142\u0105cznika XIII do rozporz\u0105dzenia nr 1169\/2011. Oznacza, to \u017ce:<br \/>\na) przypadku napoj\u00f3w ilo\u015bci\u0105 znacz\u0105c\u0105 jest 7,5% DRWS,<br \/>\nb) w przypadku produkt\u00f3w innych ni\u017c napoje oraz w przeliczeniu na porcj\u0119 (je\u015bli opakowanie zawiera tylko jedn\u0105 porcj\u0119) &#8211; 15% DRWS.<\/p>\n<p><strong>Co za du\u017co, to niezdrowo<\/strong><\/p>\n<p>Nadmierne spo\u017cycie witamin i sk\u0142adnik\u00f3w mineralnych mo\u017ce wywo\u0142a\u0107 niekorzystne dla zdrowia skutki. Dlatego te\u017c \u0142\u0105czna ilo\u015b\u0107 dodanych witamin i sk\u0142adnik\u00f3w mineralnych musi by\u0107 taka, aby normalne spo\u017cycie \u017cywno\u015bci (w ramach zr\u00f3\u017cnicowanej diety) by\u0142o dla konsumenta bezpieczne.<br \/>\nZgodnie z przepisami rozporz\u0105dzenia Ministra Zdrowia maksymalna ilo\u015b\u0107 dodawanych sk\u0142adnik\u00f3w wynosi\u0107 powinna nie wi\u0119cej ni\u017c 50 % referencyjnych warto\u015bci spo\u017cycia (dla witaminy C i folian\u00f3w, ze wzgl\u0119du na straty zachodz\u0105ce podczas procesu przygotowywania \u017cywno\u015bci, 100 % RWS).<br \/>\nDodatek witamin i sk\u0142adnik\u00f3w mineralnych w ilo\u015bci przekraczaj\u0105cych t\u0119 ilo\u015b\u0107 mo\u017ce nie\u015b\u0107 ze sob\u0105 zmian\u0119 kwalifikacji produktu \u2013 np. na suplement diety i podlega\u0107 szczeg\u00f3\u0142owym regulacjom dla tej kategorii \u017cywno\u015bci.<\/p>\n<p>Tre\u015b\u0107 omawianych akt\u00f3w prawnych dost\u0119pna jest tutaj:<br \/>\n<a href=\"https:\/\/isap.sejm.gov.pl\/isap.nsf\/DocDetails.xsp?id=WDU20240000420\">Rozporz\u0105dzenie Ministra Zdrowia z 13 marca 2024 r.<\/a><br \/>\n<a href=\"https:\/\/eur-lex.europa.eu\/legal-content\/PL\/TXT\/?uri=CELEX%3A02006R1925-20230622&amp;qid=1711112442220\">Rozporz\u0105dzenie nr 1925\/2006<\/a><br \/>\n<a href=\"https:\/\/eur-lex.europa.eu\/legal-content\/PL\/TXT\/?uri=CELEX%3A02011R1169-20180101&amp;qid=1711115616460\">Rozporz\u0105dzenie nr 1169\/2011<\/a><\/p>\n<p>Autorka: Paulina Szczypkowska, radca prawny, specjalistka prawa \u017cywno\u015bciowego i paszowego, szefowa praktyki Food Law w Kancelarii KDCP Rutkowski &amp; Wsp\u00f3lnicy, <a href=\"http:\/\/kdcp.pl\">http:\/\/kdcp.pl<\/a><\/p>\n","protected":false},"excerpt":{"rendered":"<p>5 kwietnia 2024 r. wejdzie w \u017cycie rozporz\u0105dzenie Ministra Zdrowia z dnia 13 marca 2024 r. w sprawie substancji wzbogacaj\u0105cych dodawanych do \u017cywno\u015bci (Dz. U. poz. 420), kt\u00f3re uchyla dotychczasowe rozporz\u0105dzenie Ministra Zdrowia z dnia 16 wrze\u015bnia 2010 r. w sprawie substancji wzbogacaj\u0105cych dodawanych do \u017cywno\u015bci. W nowym rozporz\u0105dzeniu okre\u015blone zosta\u0142y: 1. \u015brodki spo\u017cywcze, do [&hellip;]<\/p>\n","protected":false},"author":2,"featured_media":22710,"comment_status":"open","ping_status":"open","sticky":false,"template":"","format":"standard","meta":{"footnotes":""},"categories":[935,3,912,2,5,1018,48,926,4,1016,1019,911,933],"tags":[1589,1578,1608,1609,1607],"class_list":["post-22630","post","type-post","status-publish","format-standard","has-post-thumbnail","hentry","category-bezpieczenstwo-produkcji","category-browarnictwo","category-conveniencertg","category-mleczarstwo","category-napoje-nektary-wody-oraz-soki","category-petfood","category-polecamy","category-przemysl-miesny","category-przetworstwo-owocow","category-suplementy-nutri","category-surowce-i-skladniki-do-produkcji","category-slodyczeprzekaski","category-wege-foods","tag-kdcp","tag-paulina-szczypkowska","tag-skladniki","tag-skladniki-zakazane","tag-witaminy"],"yoast_head":"<!-- This site is optimized with the Yoast SEO plugin v20.2.1 - https:\/\/yoast.com\/wordpress\/plugins\/seo\/ -->\n<title>okiem prawnika: Sk\u0142adniki zakazane w \u017cywno\u015bci, witaminy i sk\u0142adniki mineralne - nowe rozporz\u0105dzenie Ministra Zdrowia | bikotech.pl<\/title>\n<meta name=\"robots\" content=\"index, follow, max-snippet:-1, max-image-preview:large, max-video-preview:-1\" \/>\n<link rel=\"canonical\" href=\"https:\/\/www.bikotech.pl\/index.php\/2024\/03\/26\/okiem-prawnika-skladniki-zakazane-w-zywnosci-witaminy-i-skladniki-mineralne-nowe-rozporzadzenie-ministra-zdrowia\/\" \/>\n<meta property=\"og:locale\" content=\"pl_PL\" \/>\n<meta property=\"og:type\" content=\"article\" \/>\n<meta property=\"og:title\" content=\"okiem prawnika: Sk\u0142adniki zakazane w \u017cywno\u015bci, witaminy i sk\u0142adniki mineralne - nowe rozporz\u0105dzenie Ministra Zdrowia | bikotech.pl\" \/>\n<meta property=\"og:description\" content=\"5 kwietnia 2024 r. wejdzie w \u017cycie rozporz\u0105dzenie Ministra Zdrowia z dnia 13 marca 2024 r. w sprawie substancji wzbogacaj\u0105cych dodawanych do \u017cywno\u015bci (Dz. U. poz. 420), kt\u00f3re uchyla dotychczasowe rozporz\u0105dzenie Ministra Zdrowia z dnia 16 wrze\u015bnia 2010 r. w sprawie substancji wzbogacaj\u0105cych dodawanych do \u017cywno\u015bci. W nowym rozporz\u0105dzeniu okre\u015blone zosta\u0142y: 1. \u015brodki spo\u017cywcze, do [&hellip;]\" \/>\n<meta property=\"og:url\" content=\"https:\/\/www.bikotech.pl\/index.php\/2024\/03\/26\/okiem-prawnika-skladniki-zakazane-w-zywnosci-witaminy-i-skladniki-mineralne-nowe-rozporzadzenie-ministra-zdrowia\/\" \/>\n<meta property=\"og:site_name\" content=\"bikotech.pl\" \/>\n<meta property=\"article:published_time\" content=\"2024-03-26T11:04:00+00:00\" \/>\n<meta property=\"article:modified_time\" content=\"2024-04-10T08:17:52+00:00\" \/>\n<meta property=\"og:image\" content=\"https:\/\/www.bikotech.pl\/wp-content\/uploads\/2024\/03\/szczypkowska.jpg\" \/>\n\t<meta property=\"og:image:width\" content=\"1748\" \/>\n\t<meta property=\"og:image:height\" content=\"1240\" \/>\n\t<meta property=\"og:image:type\" content=\"image\/jpeg\" \/>\n<meta name=\"author\" content=\"Ola Wojnarowska\" \/>\n<meta name=\"twitter:card\" content=\"summary_large_image\" \/>\n<meta name=\"twitter:label1\" content=\"Napisane przez\" \/>\n\t<meta name=\"twitter:data1\" content=\"Ola Wojnarowska\" \/>\n\t<meta name=\"twitter:label2\" content=\"Szacowany czas czytania\" \/>\n\t<meta name=\"twitter:data2\" content=\"4 minuty\" \/>\n<script type=\"application\/ld+json\" class=\"yoast-schema-graph\">{\"@context\":\"https:\/\/schema.org\",\"@graph\":[{\"@type\":\"WebPage\",\"@id\":\"https:\/\/www.bikotech.pl\/index.php\/2024\/03\/26\/okiem-prawnika-skladniki-zakazane-w-zywnosci-witaminy-i-skladniki-mineralne-nowe-rozporzadzenie-ministra-zdrowia\/\",\"url\":\"https:\/\/www.bikotech.pl\/index.php\/2024\/03\/26\/okiem-prawnika-skladniki-zakazane-w-zywnosci-witaminy-i-skladniki-mineralne-nowe-rozporzadzenie-ministra-zdrowia\/\",\"name\":\"okiem prawnika: Sk\u0142adniki zakazane w \u017cywno\u015bci, witaminy i sk\u0142adniki mineralne - nowe rozporz\u0105dzenie Ministra Zdrowia | bikotech.pl\",\"isPartOf\":{\"@id\":\"https:\/\/www.bikotech.pl\/#website\"},\"datePublished\":\"2024-03-26T11:04:00+00:00\",\"dateModified\":\"2024-04-10T08:17:52+00:00\",\"author\":{\"@id\":\"https:\/\/www.bikotech.pl\/#\/schema\/person\/a7613f8d8180fa66033a28be3f87db21\"},\"breadcrumb\":{\"@id\":\"https:\/\/www.bikotech.pl\/index.php\/2024\/03\/26\/okiem-prawnika-skladniki-zakazane-w-zywnosci-witaminy-i-skladniki-mineralne-nowe-rozporzadzenie-ministra-zdrowia\/#breadcrumb\"},\"inLanguage\":\"pl-PL\",\"potentialAction\":[{\"@type\":\"ReadAction\",\"target\":[\"https:\/\/www.bikotech.pl\/index.php\/2024\/03\/26\/okiem-prawnika-skladniki-zakazane-w-zywnosci-witaminy-i-skladniki-mineralne-nowe-rozporzadzenie-ministra-zdrowia\/\"]}]},{\"@type\":\"BreadcrumbList\",\"@id\":\"https:\/\/www.bikotech.pl\/index.php\/2024\/03\/26\/okiem-prawnika-skladniki-zakazane-w-zywnosci-witaminy-i-skladniki-mineralne-nowe-rozporzadzenie-ministra-zdrowia\/#breadcrumb\",\"itemListElement\":[{\"@type\":\"ListItem\",\"position\":1,\"name\":\"Strona g\u0142\u00f3wna\",\"item\":\"https:\/\/www.bikotech.pl\/\"},{\"@type\":\"ListItem\",\"position\":2,\"name\":\"okiem prawnika: Sk\u0142adniki zakazane w \u017cywno\u015bci, witaminy i sk\u0142adniki mineralne &#8211; nowe rozporz\u0105dzenie Ministra Zdrowia\"}]},{\"@type\":\"WebSite\",\"@id\":\"https:\/\/www.bikotech.pl\/#website\",\"url\":\"https:\/\/www.bikotech.pl\/\",\"name\":\"bikotech.pl\",\"description\":\"Innowacje, \u015brodowisko, technologie  - prosto i z sensem o przemy\u015ble spo\u017cywczym\",\"potentialAction\":[{\"@type\":\"SearchAction\",\"target\":{\"@type\":\"EntryPoint\",\"urlTemplate\":\"https:\/\/www.bikotech.pl\/?s={search_term_string}\"},\"query-input\":\"required name=search_term_string\"}],\"inLanguage\":\"pl-PL\"},{\"@type\":\"Person\",\"@id\":\"https:\/\/www.bikotech.pl\/#\/schema\/person\/a7613f8d8180fa66033a28be3f87db21\",\"name\":\"Ola Wojnarowska\",\"image\":{\"@type\":\"ImageObject\",\"inLanguage\":\"pl-PL\",\"@id\":\"https:\/\/www.bikotech.pl\/#\/schema\/person\/image\/\",\"url\":\"https:\/\/secure.gravatar.com\/avatar\/64d6402adc862d9de7f648ddc7bc25eaacda07271c0660d3fb3c5297d799c420?s=96&d=mm&r=g\",\"contentUrl\":\"https:\/\/secure.gravatar.com\/avatar\/64d6402adc862d9de7f648ddc7bc25eaacda07271c0660d3fb3c5297d799c420?s=96&d=mm&r=g\",\"caption\":\"Ola Wojnarowska\"},\"sameAs\":[\"http:\/\/bikotech.pl\"],\"url\":\"https:\/\/www.bikotech.pl\/index.php\/author\/ola\/\"}]}<\/script>\n<!-- \/ Yoast SEO plugin. -->","yoast_head_json":{"title":"okiem prawnika: Sk\u0142adniki zakazane w \u017cywno\u015bci, witaminy i sk\u0142adniki mineralne - nowe rozporz\u0105dzenie Ministra Zdrowia | bikotech.pl","robots":{"index":"index","follow":"follow","max-snippet":"max-snippet:-1","max-image-preview":"max-image-preview:large","max-video-preview":"max-video-preview:-1"},"canonical":"https:\/\/www.bikotech.pl\/index.php\/2024\/03\/26\/okiem-prawnika-skladniki-zakazane-w-zywnosci-witaminy-i-skladniki-mineralne-nowe-rozporzadzenie-ministra-zdrowia\/","og_locale":"pl_PL","og_type":"article","og_title":"okiem prawnika: Sk\u0142adniki zakazane w \u017cywno\u015bci, witaminy i sk\u0142adniki mineralne - nowe rozporz\u0105dzenie Ministra Zdrowia | bikotech.pl","og_description":"5 kwietnia 2024 r. wejdzie w \u017cycie rozporz\u0105dzenie Ministra Zdrowia z dnia 13 marca 2024 r. w sprawie substancji wzbogacaj\u0105cych dodawanych do \u017cywno\u015bci (Dz. U. poz. 420), kt\u00f3re uchyla dotychczasowe rozporz\u0105dzenie Ministra Zdrowia z dnia 16 wrze\u015bnia 2010 r. w sprawie substancji wzbogacaj\u0105cych dodawanych do \u017cywno\u015bci. W nowym rozporz\u0105dzeniu okre\u015blone zosta\u0142y: 1. \u015brodki spo\u017cywcze, do [&hellip;]","og_url":"https:\/\/www.bikotech.pl\/index.php\/2024\/03\/26\/okiem-prawnika-skladniki-zakazane-w-zywnosci-witaminy-i-skladniki-mineralne-nowe-rozporzadzenie-ministra-zdrowia\/","og_site_name":"bikotech.pl","article_published_time":"2024-03-26T11:04:00+00:00","article_modified_time":"2024-04-10T08:17:52+00:00","og_image":[{"width":1748,"height":1240,"url":"https:\/\/www.bikotech.pl\/wp-content\/uploads\/2024\/03\/szczypkowska.jpg","type":"image\/jpeg"}],"author":"Ola Wojnarowska","twitter_card":"summary_large_image","twitter_misc":{"Napisane przez":"Ola Wojnarowska","Szacowany czas czytania":"4 minuty"},"schema":{"@context":"https:\/\/schema.org","@graph":[{"@type":"WebPage","@id":"https:\/\/www.bikotech.pl\/index.php\/2024\/03\/26\/okiem-prawnika-skladniki-zakazane-w-zywnosci-witaminy-i-skladniki-mineralne-nowe-rozporzadzenie-ministra-zdrowia\/","url":"https:\/\/www.bikotech.pl\/index.php\/2024\/03\/26\/okiem-prawnika-skladniki-zakazane-w-zywnosci-witaminy-i-skladniki-mineralne-nowe-rozporzadzenie-ministra-zdrowia\/","name":"okiem prawnika: Sk\u0142adniki zakazane w \u017cywno\u015bci, witaminy i sk\u0142adniki mineralne - nowe rozporz\u0105dzenie Ministra Zdrowia | bikotech.pl","isPartOf":{"@id":"https:\/\/www.bikotech.pl\/#website"},"datePublished":"2024-03-26T11:04:00+00:00","dateModified":"2024-04-10T08:17:52+00:00","author":{"@id":"https:\/\/www.bikotech.pl\/#\/schema\/person\/a7613f8d8180fa66033a28be3f87db21"},"breadcrumb":{"@id":"https:\/\/www.bikotech.pl\/index.php\/2024\/03\/26\/okiem-prawnika-skladniki-zakazane-w-zywnosci-witaminy-i-skladniki-mineralne-nowe-rozporzadzenie-ministra-zdrowia\/#breadcrumb"},"inLanguage":"pl-PL","potentialAction":[{"@type":"ReadAction","target":["https:\/\/www.bikotech.pl\/index.php\/2024\/03\/26\/okiem-prawnika-skladniki-zakazane-w-zywnosci-witaminy-i-skladniki-mineralne-nowe-rozporzadzenie-ministra-zdrowia\/"]}]},{"@type":"BreadcrumbList","@id":"https:\/\/www.bikotech.pl\/index.php\/2024\/03\/26\/okiem-prawnika-skladniki-zakazane-w-zywnosci-witaminy-i-skladniki-mineralne-nowe-rozporzadzenie-ministra-zdrowia\/#breadcrumb","itemListElement":[{"@type":"ListItem","position":1,"name":"Strona g\u0142\u00f3wna","item":"https:\/\/www.bikotech.pl\/"},{"@type":"ListItem","position":2,"name":"okiem prawnika: Sk\u0142adniki zakazane w \u017cywno\u015bci, witaminy i sk\u0142adniki mineralne &#8211; nowe rozporz\u0105dzenie Ministra Zdrowia"}]},{"@type":"WebSite","@id":"https:\/\/www.bikotech.pl\/#website","url":"https:\/\/www.bikotech.pl\/","name":"bikotech.pl","description":"Innowacje, \u015brodowisko, technologie  - prosto i z sensem o przemy\u015ble spo\u017cywczym","potentialAction":[{"@type":"SearchAction","target":{"@type":"EntryPoint","urlTemplate":"https:\/\/www.bikotech.pl\/?s={search_term_string}"},"query-input":"required name=search_term_string"}],"inLanguage":"pl-PL"},{"@type":"Person","@id":"https:\/\/www.bikotech.pl\/#\/schema\/person\/a7613f8d8180fa66033a28be3f87db21","name":"Ola Wojnarowska","image":{"@type":"ImageObject","inLanguage":"pl-PL","@id":"https:\/\/www.bikotech.pl\/#\/schema\/person\/image\/","url":"https:\/\/secure.gravatar.com\/avatar\/64d6402adc862d9de7f648ddc7bc25eaacda07271c0660d3fb3c5297d799c420?s=96&d=mm&r=g","contentUrl":"https:\/\/secure.gravatar.com\/avatar\/64d6402adc862d9de7f648ddc7bc25eaacda07271c0660d3fb3c5297d799c420?s=96&d=mm&r=g","caption":"Ola Wojnarowska"},"sameAs":["http:\/\/bikotech.pl"],"url":"https:\/\/www.bikotech.pl\/index.php\/author\/ola\/"}]}},"_links":{"self":[{"href":"https:\/\/www.bikotech.pl\/index.php\/wp-json\/wp\/v2\/posts\/22630","targetHints":{"allow":["GET"]}}],"collection":[{"href":"https:\/\/www.bikotech.pl\/index.php\/wp-json\/wp\/v2\/posts"}],"about":[{"href":"https:\/\/www.bikotech.pl\/index.php\/wp-json\/wp\/v2\/types\/post"}],"author":[{"embeddable":true,"href":"https:\/\/www.bikotech.pl\/index.php\/wp-json\/wp\/v2\/users\/2"}],"replies":[{"embeddable":true,"href":"https:\/\/www.bikotech.pl\/index.php\/wp-json\/wp\/v2\/comments?post=22630"}],"version-history":[{"count":3,"href":"https:\/\/www.bikotech.pl\/index.php\/wp-json\/wp\/v2\/posts\/22630\/revisions"}],"predecessor-version":[{"id":22649,"href":"https:\/\/www.bikotech.pl\/index.php\/wp-json\/wp\/v2\/posts\/22630\/revisions\/22649"}],"wp:featuredmedia":[{"embeddable":true,"href":"https:\/\/www.bikotech.pl\/index.php\/wp-json\/wp\/v2\/media\/22710"}],"wp:attachment":[{"href":"https:\/\/www.bikotech.pl\/index.php\/wp-json\/wp\/v2\/media?parent=22630"}],"wp:term":[{"taxonomy":"category","embeddable":true,"href":"https:\/\/www.bikotech.pl\/index.php\/wp-json\/wp\/v2\/categories?post=22630"},{"taxonomy":"post_tag","embeddable":true,"href":"https:\/\/www.bikotech.pl\/index.php\/wp-json\/wp\/v2\/tags?post=22630"}],"curies":[{"name":"wp","href":"https:\/\/api.w.org\/{rel}","templated":true}]}}