{"id":20665,"date":"2023-07-14T09:00:51","date_gmt":"2023-07-14T07:00:51","guid":{"rendered":"https:\/\/www.agroindustry.pl\/?p=20665"},"modified":"2023-07-14T09:00:51","modified_gmt":"2023-07-14T07:00:51","slug":"o-potrzebie-dedykowanych-opakowan-do-zywnosci","status":"publish","type":"post","link":"https:\/\/www.bikotech.pl\/index.php\/2023\/07\/14\/o-potrzebie-dedykowanych-opakowan-do-zywnosci\/","title":{"rendered":"O potrzebie dedykowanych opakowa\u0144 do \u017cywno\u015bci"},"content":{"rendered":"<p>Sp\u00f3\u0142ka badawcza z Ma\u0142opolski przeanalizowa\u0142a i zweryfikowa\u0142a ponad 10 najpopularniejszych w produktach spo\u017cywczych zwi\u0105zk\u00f3w pod k\u0105tem ich trwa\u0142o\u015bci w zale\u017cno\u015bci od rodzaju zastosowanego materia\u0142u opakowaniowego. Obecnie jednym z najwa\u017cniejszych kierunk\u00f3w bada\u0144 jest kwestia zawarto\u015bci recyklat\u00f3w w nowych opakowaniach.<\/p>\n<p>Krokiem w tym kierunku jest m.in., realizacja projektu \u201eRozw\u00f3j infrastruktury B+R w celu wprowadzenia nowej us\u0142ugi doboru materia\u0142u opakowaniowego do konkretnej grupy asortymentowej produkt\u00f3w spo\u017cywczych oraz realizacji dodatkowych form wykorzystania infrastruktury B+R\u201d. W Cobico wiedz\u0105, \u017ce znaczenie rynku opakowa\u0144 b\u0119dzie ros\u0142o z roku na rok, a dzi\u0119ki technologii i do\u015bwiadczeniu chc\u0105 na nim odgrywa\u0107 wa\u017cn\u0105 rol\u0119.<\/p>\n<p><img loading=\"lazy\" decoding=\"async\" class=\"aligncenter wp-image-20666 size-medium\" src=\"https:\/\/www.bikotech.pl\/wp-content\/uploads\/2023\/07\/grafiki-do-agro-3-3-300x213.jpg\" alt=\"\" width=\"300\" height=\"213\" srcset=\"https:\/\/www.bikotech.pl\/wp-content\/uploads\/2023\/07\/grafiki-do-agro-3-3-300x213.jpg 300w, https:\/\/www.bikotech.pl\/wp-content\/uploads\/2023\/07\/grafiki-do-agro-3-3-680x480.jpg 680w, https:\/\/www.bikotech.pl\/wp-content\/uploads\/2023\/07\/grafiki-do-agro-3-3-1024x726.jpg 1024w, https:\/\/www.bikotech.pl\/wp-content\/uploads\/2023\/07\/grafiki-do-agro-3-3-768x545.jpg 768w, https:\/\/www.bikotech.pl\/wp-content\/uploads\/2023\/07\/grafiki-do-agro-3-3-1536x1090.jpg 1536w, https:\/\/www.bikotech.pl\/wp-content\/uploads\/2023\/07\/grafiki-do-agro-3-3-150x106.jpg 150w, https:\/\/www.bikotech.pl\/wp-content\/uploads\/2023\/07\/grafiki-do-agro-3-3.jpg 1748w\" sizes=\"auto, (max-width: 300px) 100vw, 300px\" \/><\/p>\n<p>Wed\u0142ug Global Packaging Materials Market Research Report 2022 wielko\u015b\u0107 \u015bwiatowego rynku materia\u0142\u00f3w opakowaniowych w 2021 r. szacuje si\u0119 na 8 mld dol. Do 2028 r. ma on, zgodnie z przewidywaniami, osi\u0105gn\u0105\u0107 9,5 mld dol. Rynek czeka jednak wielka zmiana. Ju\u017c za kilka lat, od 2030 r., wszystkie opakowania z tworzyw sztucznych b\u0119d\u0105 musia\u0142y zosta\u0107 cz\u0119\u015bciowo wyprodukowane z surowc\u00f3w pochodz\u0105cych z recyklingu. W przypadku butelek PET wsp\u00f3\u0142czynnik udzia\u0142u recyklatu ma wynie\u015b\u0107 30% od 1 stycznia 2030 r. i osi\u0105gn\u0105\u0107 poziom 65% w ci\u0105gu dekady.<br \/>\n\u2013 <em>To oznacza prawdziwy prze\u0142om i konieczno\u015b\u0107 dokonania wielu zmian w technologii produkcji i atestowania opakowa\u0144. Nic nie b\u0119dzie takie samo. Naszym zdaniem ju\u017c dzi\u015b warto zadba\u0107 o alternatywy dla stosowanych opakowa\u0144. W Cobico wiemy, jak to zrobi\u0107. Oczywi\u015bcie nie wymy\u015blili\u015bmy z\u0142otej regu\u0142y, kt\u00f3ra odpowie na wiele r\u00f3\u017cnorodnych oczekiwa\u0144 i potrzeb, ale dysponujemy sprawdzonym zespo\u0142em i do\u015bwiadczeniem niezb\u0119dnym do znalezienia najlepszych dost\u0119pnych rozwi\u0105za\u0144 dla r\u00f3\u017cnych produkt\u00f3w<\/em> \u2013 zapewnia zdecydowanie prezes Bednarski.<\/p>\n<p>W dokumentacji projektowej znajdziemy r\u00f3wnie\u017c informacje, \u017ce za realizacj\u0105 przedsi\u0119wzi\u0119cia przemawia powszechna opinia o konieczno\u015bci ograniczenia stosowania polimerowych tworzyw sztucznych w opakowaniach wyrob\u00f3w, w tym \u017cywno\u015bci, i poszukiwania alternatywnych rozwi\u0105za\u0144. \u2013 <em>Nie zapominajmy, \u017ce dzi\u015b mamy olbrzymi problem z marnowaniem \u017cywno\u015bci, m.in. dlatego, \u017ce up\u0142yn\u0105\u0142 jej termin przydatno\u015bci do spo\u017cycia. Czasem wystarczy\u0142oby inne opakowanie, \u017ceby chocia\u017c cz\u0119\u015b\u0107 bezpowrotnie marnowanych w Europie ok. 89 mln t produkt\u00f3w spo\u017cywczych uratowa\u0107 i ograniczy\u0107 ten skandaliczny proceder<\/em> \u2013 wskazuje A. Bednarski.<\/p>\n<p>Wed\u0142ug dost\u0119pnych danych ok. 67% wyrzucanej ze wzgl\u0119du na up\u0142yw daty wa\u017cno\u015bci \u017cywno\u015bci nadal nadaje si\u0119 do konsumpcji. \u2013 <em>Chcieliby\u015bmy pom\u00f3c przedsi\u0119biorstwom w doborze materia\u0142u opakowaniowego do konkretnego asortymentu produkt\u00f3w spo\u017cywczych, przyczyni\u0107 si\u0119 do racjonalnego wykorzystywania \u017cywno\u015bci poprzez stosowanie opakowa\u0144 ograniczaj\u0105cych utrat\u0119 cech jako\u015bciowych przez mo\u017cliwie najd\u0142u\u017cszy czas \u2013<\/em> podkre\u015bla zdecydowanie prezes Bednarski i dodaje: \u2013 <em>To nie tylko najwa\u017cniejszy cel realizowanego projektu, ale tak\u017ce kolejny etap w rozwoju sp\u00f3\u0142ki.<\/em><\/p>\n<p>Dzi\u015b Cobico specjalizuje si\u0119 w foliach dla przemys\u0142u spo\u017cywczego, ale prowadzi te\u017c badania innych materia\u0142\u00f3w. Dodatkowo sp\u00f3\u0142ka zamierza si\u0119 podj\u0105\u0107 analizy nowych\/zmienionych\/zmodyfikowanych materia\u0142\u00f3w opakowaniowych pod k\u0105tem zachowania w\u0142a\u015bciwo\u015bci produktu spo\u017cywczego, z wykorzystaniem chromatografii, w szczeg\u00f3lno\u015bci HPLC, barierowo\u015bci, test\u00f3w starzeniowych i spektrofotometrii, migracji i test\u00f3w wytrzyma\u0142o\u015bciowych.<\/p>\n<p>&nbsp;<\/p>\n","protected":false},"excerpt":{"rendered":"<p>Sp\u00f3\u0142ka badawcza z Ma\u0142opolski przeanalizowa\u0142a i zweryfikowa\u0142a ponad 10 najpopularniejszych w produktach spo\u017cywczych zwi\u0105zk\u00f3w pod k\u0105tem ich trwa\u0142o\u015bci w zale\u017cno\u015bci od rodzaju zastosowanego materia\u0142u opakowaniowego. Obecnie jednym z najwa\u017cniejszych kierunk\u00f3w bada\u0144 jest kwestia zawarto\u015bci recyklat\u00f3w w nowych opakowaniach. Krokiem w tym kierunku jest m.in., realizacja projektu \u201eRozw\u00f3j infrastruktury B+R w celu wprowadzenia nowej us\u0142ugi doboru [&hellip;]<\/p>\n","protected":false},"author":2,"featured_media":0,"comment_status":"open","ping_status":"open","sticky":false,"template":"","format":"standard","meta":{"footnotes":""},"categories":[935,912,6,2,5,934,1018,926,911,933],"tags":[1204,1203,1205,1165],"class_list":["post-20665","post","type-post","status-publish","format-standard","hentry","category-bezpieczenstwo-produkcji","category-conveniencertg","category-energia-woda-srodowisko","category-mleczarstwo","category-napoje-nektary-wody-oraz-soki","category-nowe-technologie","category-petfood","category-przemysl-miesny","category-slodyczeprzekaski","category-wege-foods","tag-certyfikacja","tag-cobico","tag-opakowania","tag-rpet"],"yoast_head":"<!-- This site is optimized with the Yoast SEO plugin v20.2.1 - https:\/\/yoast.com\/wordpress\/plugins\/seo\/ -->\n<title>O potrzebie dedykowanych opakowa\u0144 do \u017cywno\u015bci | bikotech.pl<\/title>\n<meta name=\"robots\" content=\"index, follow, max-snippet:-1, max-image-preview:large, max-video-preview:-1\" \/>\n<link rel=\"canonical\" href=\"https:\/\/www.bikotech.pl\/index.php\/2023\/07\/14\/o-potrzebie-dedykowanych-opakowan-do-zywnosci\/\" \/>\n<meta property=\"og:locale\" content=\"pl_PL\" \/>\n<meta property=\"og:type\" content=\"article\" \/>\n<meta property=\"og:title\" content=\"O potrzebie dedykowanych opakowa\u0144 do \u017cywno\u015bci | bikotech.pl\" \/>\n<meta property=\"og:description\" content=\"Sp\u00f3\u0142ka badawcza z Ma\u0142opolski przeanalizowa\u0142a i zweryfikowa\u0142a ponad 10 najpopularniejszych w produktach spo\u017cywczych zwi\u0105zk\u00f3w pod k\u0105tem ich trwa\u0142o\u015bci w zale\u017cno\u015bci od rodzaju zastosowanego materia\u0142u opakowaniowego. Obecnie jednym z najwa\u017cniejszych kierunk\u00f3w bada\u0144 jest kwestia zawarto\u015bci recyklat\u00f3w w nowych opakowaniach. Krokiem w tym kierunku jest m.in., realizacja projektu \u201eRozw\u00f3j infrastruktury B+R w celu wprowadzenia nowej us\u0142ugi doboru [&hellip;]\" \/>\n<meta property=\"og:url\" content=\"https:\/\/www.bikotech.pl\/index.php\/2023\/07\/14\/o-potrzebie-dedykowanych-opakowan-do-zywnosci\/\" \/>\n<meta property=\"og:site_name\" content=\"bikotech.pl\" \/>\n<meta property=\"article:published_time\" content=\"2023-07-14T07:00:51+00:00\" \/>\n<meta property=\"og:image\" content=\"https:\/\/www.bikotech.pl\/wp-content\/uploads\/2023\/07\/grafiki-do-agro-4-4.jpg\" \/>\n\t<meta property=\"og:image:width\" content=\"1748\" \/>\n\t<meta property=\"og:image:height\" content=\"1240\" \/>\n\t<meta property=\"og:image:type\" content=\"image\/jpeg\" \/>\n<meta name=\"author\" content=\"Ola Wojnarowska\" \/>\n<meta name=\"twitter:card\" content=\"summary_large_image\" \/>\n<meta name=\"twitter:label1\" content=\"Napisane przez\" \/>\n\t<meta name=\"twitter:data1\" content=\"Ola Wojnarowska\" \/>\n\t<meta name=\"twitter:label2\" content=\"Szacowany czas czytania\" \/>\n\t<meta name=\"twitter:data2\" content=\"3 minuty\" \/>\n<script type=\"application\/ld+json\" class=\"yoast-schema-graph\">{\"@context\":\"https:\/\/schema.org\",\"@graph\":[{\"@type\":\"WebPage\",\"@id\":\"https:\/\/www.bikotech.pl\/index.php\/2023\/07\/14\/o-potrzebie-dedykowanych-opakowan-do-zywnosci\/\",\"url\":\"https:\/\/www.bikotech.pl\/index.php\/2023\/07\/14\/o-potrzebie-dedykowanych-opakowan-do-zywnosci\/\",\"name\":\"O potrzebie dedykowanych opakowa\u0144 do \u017cywno\u015bci | bikotech.pl\",\"isPartOf\":{\"@id\":\"https:\/\/www.bikotech.pl\/#website\"},\"datePublished\":\"2023-07-14T07:00:51+00:00\",\"dateModified\":\"2023-07-14T07:00:51+00:00\",\"author\":{\"@id\":\"https:\/\/www.bikotech.pl\/#\/schema\/person\/a7613f8d8180fa66033a28be3f87db21\"},\"breadcrumb\":{\"@id\":\"https:\/\/www.bikotech.pl\/index.php\/2023\/07\/14\/o-potrzebie-dedykowanych-opakowan-do-zywnosci\/#breadcrumb\"},\"inLanguage\":\"pl-PL\",\"potentialAction\":[{\"@type\":\"ReadAction\",\"target\":[\"https:\/\/www.bikotech.pl\/index.php\/2023\/07\/14\/o-potrzebie-dedykowanych-opakowan-do-zywnosci\/\"]}]},{\"@type\":\"BreadcrumbList\",\"@id\":\"https:\/\/www.bikotech.pl\/index.php\/2023\/07\/14\/o-potrzebie-dedykowanych-opakowan-do-zywnosci\/#breadcrumb\",\"itemListElement\":[{\"@type\":\"ListItem\",\"position\":1,\"name\":\"Strona g\u0142\u00f3wna\",\"item\":\"https:\/\/www.bikotech.pl\/\"},{\"@type\":\"ListItem\",\"position\":2,\"name\":\"O potrzebie dedykowanych opakowa\u0144 do \u017cywno\u015bci\"}]},{\"@type\":\"WebSite\",\"@id\":\"https:\/\/www.bikotech.pl\/#website\",\"url\":\"https:\/\/www.bikotech.pl\/\",\"name\":\"bikotech.pl\",\"description\":\"Innowacje, \u015brodowisko, technologie  - prosto i z sensem o przemy\u015ble spo\u017cywczym\",\"potentialAction\":[{\"@type\":\"SearchAction\",\"target\":{\"@type\":\"EntryPoint\",\"urlTemplate\":\"https:\/\/www.bikotech.pl\/?s={search_term_string}\"},\"query-input\":\"required name=search_term_string\"}],\"inLanguage\":\"pl-PL\"},{\"@type\":\"Person\",\"@id\":\"https:\/\/www.bikotech.pl\/#\/schema\/person\/a7613f8d8180fa66033a28be3f87db21\",\"name\":\"Ola Wojnarowska\",\"image\":{\"@type\":\"ImageObject\",\"inLanguage\":\"pl-PL\",\"@id\":\"https:\/\/www.bikotech.pl\/#\/schema\/person\/image\/\",\"url\":\"https:\/\/secure.gravatar.com\/avatar\/64d6402adc862d9de7f648ddc7bc25eaacda07271c0660d3fb3c5297d799c420?s=96&d=mm&r=g\",\"contentUrl\":\"https:\/\/secure.gravatar.com\/avatar\/64d6402adc862d9de7f648ddc7bc25eaacda07271c0660d3fb3c5297d799c420?s=96&d=mm&r=g\",\"caption\":\"Ola Wojnarowska\"},\"sameAs\":[\"http:\/\/bikotech.pl\"],\"url\":\"https:\/\/www.bikotech.pl\/index.php\/author\/ola\/\"}]}<\/script>\n<!-- \/ Yoast SEO plugin. -->","yoast_head_json":{"title":"O potrzebie dedykowanych opakowa\u0144 do \u017cywno\u015bci | bikotech.pl","robots":{"index":"index","follow":"follow","max-snippet":"max-snippet:-1","max-image-preview":"max-image-preview:large","max-video-preview":"max-video-preview:-1"},"canonical":"https:\/\/www.bikotech.pl\/index.php\/2023\/07\/14\/o-potrzebie-dedykowanych-opakowan-do-zywnosci\/","og_locale":"pl_PL","og_type":"article","og_title":"O potrzebie dedykowanych opakowa\u0144 do \u017cywno\u015bci | bikotech.pl","og_description":"Sp\u00f3\u0142ka badawcza z Ma\u0142opolski przeanalizowa\u0142a i zweryfikowa\u0142a ponad 10 najpopularniejszych w produktach spo\u017cywczych zwi\u0105zk\u00f3w pod k\u0105tem ich trwa\u0142o\u015bci w zale\u017cno\u015bci od rodzaju zastosowanego materia\u0142u opakowaniowego. Obecnie jednym z najwa\u017cniejszych kierunk\u00f3w bada\u0144 jest kwestia zawarto\u015bci recyklat\u00f3w w nowych opakowaniach. Krokiem w tym kierunku jest m.in., realizacja projektu \u201eRozw\u00f3j infrastruktury B+R w celu wprowadzenia nowej us\u0142ugi doboru [&hellip;]","og_url":"https:\/\/www.bikotech.pl\/index.php\/2023\/07\/14\/o-potrzebie-dedykowanych-opakowan-do-zywnosci\/","og_site_name":"bikotech.pl","article_published_time":"2023-07-14T07:00:51+00:00","og_image":[{"width":1748,"height":1240,"url":"https:\/\/www.bikotech.pl\/wp-content\/uploads\/2023\/07\/grafiki-do-agro-4-4.jpg","type":"image\/jpeg"}],"author":"Ola Wojnarowska","twitter_card":"summary_large_image","twitter_misc":{"Napisane przez":"Ola Wojnarowska","Szacowany czas czytania":"3 minuty"},"schema":{"@context":"https:\/\/schema.org","@graph":[{"@type":"WebPage","@id":"https:\/\/www.bikotech.pl\/index.php\/2023\/07\/14\/o-potrzebie-dedykowanych-opakowan-do-zywnosci\/","url":"https:\/\/www.bikotech.pl\/index.php\/2023\/07\/14\/o-potrzebie-dedykowanych-opakowan-do-zywnosci\/","name":"O potrzebie dedykowanych opakowa\u0144 do \u017cywno\u015bci | bikotech.pl","isPartOf":{"@id":"https:\/\/www.bikotech.pl\/#website"},"datePublished":"2023-07-14T07:00:51+00:00","dateModified":"2023-07-14T07:00:51+00:00","author":{"@id":"https:\/\/www.bikotech.pl\/#\/schema\/person\/a7613f8d8180fa66033a28be3f87db21"},"breadcrumb":{"@id":"https:\/\/www.bikotech.pl\/index.php\/2023\/07\/14\/o-potrzebie-dedykowanych-opakowan-do-zywnosci\/#breadcrumb"},"inLanguage":"pl-PL","potentialAction":[{"@type":"ReadAction","target":["https:\/\/www.bikotech.pl\/index.php\/2023\/07\/14\/o-potrzebie-dedykowanych-opakowan-do-zywnosci\/"]}]},{"@type":"BreadcrumbList","@id":"https:\/\/www.bikotech.pl\/index.php\/2023\/07\/14\/o-potrzebie-dedykowanych-opakowan-do-zywnosci\/#breadcrumb","itemListElement":[{"@type":"ListItem","position":1,"name":"Strona g\u0142\u00f3wna","item":"https:\/\/www.bikotech.pl\/"},{"@type":"ListItem","position":2,"name":"O potrzebie dedykowanych opakowa\u0144 do \u017cywno\u015bci"}]},{"@type":"WebSite","@id":"https:\/\/www.bikotech.pl\/#website","url":"https:\/\/www.bikotech.pl\/","name":"bikotech.pl","description":"Innowacje, \u015brodowisko, technologie  - prosto i z sensem o przemy\u015ble spo\u017cywczym","potentialAction":[{"@type":"SearchAction","target":{"@type":"EntryPoint","urlTemplate":"https:\/\/www.bikotech.pl\/?s={search_term_string}"},"query-input":"required name=search_term_string"}],"inLanguage":"pl-PL"},{"@type":"Person","@id":"https:\/\/www.bikotech.pl\/#\/schema\/person\/a7613f8d8180fa66033a28be3f87db21","name":"Ola Wojnarowska","image":{"@type":"ImageObject","inLanguage":"pl-PL","@id":"https:\/\/www.bikotech.pl\/#\/schema\/person\/image\/","url":"https:\/\/secure.gravatar.com\/avatar\/64d6402adc862d9de7f648ddc7bc25eaacda07271c0660d3fb3c5297d799c420?s=96&d=mm&r=g","contentUrl":"https:\/\/secure.gravatar.com\/avatar\/64d6402adc862d9de7f648ddc7bc25eaacda07271c0660d3fb3c5297d799c420?s=96&d=mm&r=g","caption":"Ola Wojnarowska"},"sameAs":["http:\/\/bikotech.pl"],"url":"https:\/\/www.bikotech.pl\/index.php\/author\/ola\/"}]}},"_links":{"self":[{"href":"https:\/\/www.bikotech.pl\/index.php\/wp-json\/wp\/v2\/posts\/20665","targetHints":{"allow":["GET"]}}],"collection":[{"href":"https:\/\/www.bikotech.pl\/index.php\/wp-json\/wp\/v2\/posts"}],"about":[{"href":"https:\/\/www.bikotech.pl\/index.php\/wp-json\/wp\/v2\/types\/post"}],"author":[{"embeddable":true,"href":"https:\/\/www.bikotech.pl\/index.php\/wp-json\/wp\/v2\/users\/2"}],"replies":[{"embeddable":true,"href":"https:\/\/www.bikotech.pl\/index.php\/wp-json\/wp\/v2\/comments?post=20665"}],"version-history":[{"count":1,"href":"https:\/\/www.bikotech.pl\/index.php\/wp-json\/wp\/v2\/posts\/20665\/revisions"}],"predecessor-version":[{"id":20668,"href":"https:\/\/www.bikotech.pl\/index.php\/wp-json\/wp\/v2\/posts\/20665\/revisions\/20668"}],"wp:attachment":[{"href":"https:\/\/www.bikotech.pl\/index.php\/wp-json\/wp\/v2\/media?parent=20665"}],"wp:term":[{"taxonomy":"category","embeddable":true,"href":"https:\/\/www.bikotech.pl\/index.php\/wp-json\/wp\/v2\/categories?post=20665"},{"taxonomy":"post_tag","embeddable":true,"href":"https:\/\/www.bikotech.pl\/index.php\/wp-json\/wp\/v2\/tags?post=20665"}],"curies":[{"name":"wp","href":"https:\/\/api.w.org\/{rel}","templated":true}]}}