{"id":19938,"date":"2023-05-08T11:18:56","date_gmt":"2023-05-08T09:18:56","guid":{"rendered":"https:\/\/www.agroindustry.pl\/?p=19938"},"modified":"2023-05-08T11:24:12","modified_gmt":"2023-05-08T09:24:12","slug":"zppm-nowy-podatek-zagrozeniem-dla-rolnictwa","status":"publish","type":"post","link":"https:\/\/www.bikotech.pl\/index.php\/2023\/05\/08\/zppm-nowy-podatek-zagrozeniem-dla-rolnictwa\/","title":{"rendered":"ZPPM: Nowy podatek zagro\u017ceniem dla rolnictwa"},"content":{"rendered":"<p><em>Zwi\u0105zek Polskich Przetw\u00f3rc\u00f3w Mleka z niepokojem przyjmuje kontynuowanie prac w Sejmie nad projektem ustawy o Funduszu Ochrony Rolnictwa. W dniu 9 maja br. ma si\u0119 odby\u0107 jego pierwsze czytanie &#8211;<\/em> czytamy w przes\u0142anym do redakcji o\u015bwiadczeniu.<\/p>\n<p>Fundusz Ochrony Rolnictwa w skr\u00f3cie to ubezpieczenie rolnik\u00f3w w sytuacji, gdy nie otrzymaj\u0105 zap\u0142aty za dostarczone produkty z powodu bankructwa podmiotu skupuj\u0105cego. Przy czym ma by\u0107 finansowany przez samych rolnik\u00f3w, poprzez potr\u0105canie 0,125% netto z faktur za dostawy towar\u00f3w i przekazanie tych \u015brodk\u00f3w na rachunek bankowy zarz\u0105dzany przez Krajowy O\u015brodek Wsparcia Rolnictwa.<\/p>\n<p><em>Przede wszystkim trzeba jasno powiedzie\u0107, \u017ce idea ochrony dostawc\u00f3w produkt\u00f3w rolnych przed niezawinion\u0105 utrat\u0105 dochod\u00f3w jest nam bliska. Nie oznacza to jednak, \u017ce powinno si\u0119 j\u0105 realizowa\u0107 poprzez nak\u0142adanie dodatkowych, obowi\u0105zkowych obci\u0105\u017ce\u0144 na rolnik\u00f3w, maj\u0105cych de facto charakter podatku. Pomys\u0142 przymusowego odbierania \u015brodk\u00f3w zarobionych przez rolnik\u00f3w (i to za po\u015brednictwem podmiot\u00f3w skupuj\u0105cych) i przekazywania ich na fundusz, z kt\u00f3rego wp\u0142acaj\u0105cy rolnicy by\u0107 mo\u017ce nigdy nie b\u0119d\u0105 korzysta\u0107, jest z\u0142y w swoich za\u0142o\u017ceniach, a w obecnej sytuacji gospodarczej jest z\u0142y podw\u00f3jnie. Takie rozwi\u0105zanie de facto oznacza obci\u0105\u017cenie rolnik\u00f3w kosztami cudzych, nieudolnych, albo nierzadko celowych i patologicznych dzia\u0142a\u0144, co jest rozwi\u0105zaniem nieuczciwym w stosunku do producent\u00f3w<\/em> &#8211; m\u00f3wi Marcin Hydzik z ZPPM.<\/p>\n<p><em>Same konsultacje spo\u0142eczne projektu ustawy odbiega\u0142y od zwyczajowych form. Nie dosz\u0142o do obiecanego spotkania z Ministrem Rolnictwa, na kt\u00f3rym miano przedyskutowa\u0107 zasadno\u015b\u0107 wprowadzenia nowego obci\u0105\u017cenia dla rolnik\u00f3w. Pomimo zapowiedzi nie przedyskutowano tak\u017ce szeregu szczeg\u00f3\u0142owych uwag zg\u0142aszanych przez stron\u0119 spo\u0142eczn\u0105 do projektu ustawy. Zamiast tego rz\u0105d od razu skierowa\u0142 projekt ustawy o Funduszu Ochrony Rolnictwa do Sejmu, gdzie w i\u015bcie ekspresowym tempie b\u0119dzie procedowany ju\u017c na najbli\u017cszym posiedzeniu.<\/em><br \/>\n<em>Uwa\u017camy, \u017ce konstrukcja samego Funduszu budzi w\u0105tpliwo\u015bci. Wszystkie bran\u017ce spo\u017cywcze dokonywa\u0142yby wp\u0142at na rzecz jednego funduszu. Oznacza to, \u017ce np. producenci mleka finansowaliby ewentualne straty poniesione przez dostawc\u00f3w innych surowc\u00f3w rolno-spo\u017cywczych. Innymi s\u0142owy bran\u017ca mleczarska ponosi\u0142aby koszty niewsp\u00f3\u0142mierne do korzy\u015bci p\u0142yn\u0105cych z istnienia takiego funduszu &#8211; co w naszej opinii nie jest sprawiedliwym rozwi\u0105zaniem<\/em> &#8211; czytamy w o\u015bwiadczeniu.<\/p>\n<p>Zastosowane w projekcie ustawy mechanizmy zaspokajania roszcze\u0144 i wyp\u0142at rekompensat nie pozwol\u0105 na realizacj\u0119 zasadniczego celu ustawy tj. kontynuowanie przez producenta rolnego produkcji rolnej, sp\u0142aty ci\u0105\u017c\u0105cych na nim zobowi\u0105za\u0144 lub kredyt\u00f3w oraz na zaspokojenie bie\u017c\u0105cych potrzeb \u017cyciowych rodziny. Pomi\u0119dzy wyp\u0142at\u0105 rekompensaty a zbyciem produktu rolnego, za kt\u00f3ry rolnik nie otrzyma zap\u0142aty, up\u0142ynie bardzo du\u017co czasu zwi\u0105zanego np. z post\u0119powaniem upad\u0142o\u015bciowym. Oceniamy, \u017ce mo\u017ce to by\u0107 nawet rok lub d\u0142u\u017cej. Tak nie powinien dzia\u0142a\u0107 sprawny mechanizm ubezpieczeniowy &#8211; twierdz\u0105 mleczarze zrzeszeni z ZPPM.<\/p>\n<p><em>Analiza projektu prowadzi do wniosku, \u017ce liczba uprawnionych do uzyskania rekompensat b\u0119dzie wi\u0119ksza od liczby wp\u0142acaj\u0105cych na FOR (wp\u0142aty na Fundusz b\u0119d\u0105 przekazywane przez podmioty prowadz\u0105ce skup, przechowywanie, obr\u00f3bk\u0119 lub przetw\u00f3rstwo produkt\u00f3w rolnych i b\u0119d\u0105ce jednocze\u015bnie p\u0142atnikami podatku VAT \u2013 a rekompensaty b\u0119d\u0105 nast\u0119powa\u0107 w przypadku bankructwa wszystkich podmiot\u00f3w prowadz\u0105cych ww. dzia\u0142alno\u015b\u0107, czyli tak\u017ce tych, kt\u00f3re nie s\u0105 p\u0142atnikami VAT)<\/em> &#8211; m\u00f3wi Hydzik.<\/p>\n<p>Przypominamy, \u017ce w sektorze mleczarstwa sytuacja rolnik\u00f3w \u2013 producent\u00f3w mleka jest wyj\u0105tkowo trudna.<br \/>\nZ jednej strony notujemy bardzo gwa\u0142towne obni\u017cki cen mleka w skupie. Z drugiej strony koszty produkcji s\u0105 ci\u0105gle wysokie co powoduje, \u017ce wielu rolnik\u00f3w staje przed widmem utraty p\u0142ynno\u015bci finansowej i likwidacji produkcji mleka. Niestety nie ma perspektywy na polepszenie tej sytuacji w 2023 roku. Przy ci\u0105gle pogarszaj\u0105cych si\u0119 nastrojach na wsi, wywo\u0142anych chocia\u017cby destabilizuj\u0105cym dla polskiego rynku importem zbo\u017ca z Ukrainy, wprowadzanie dodatkowych obci\u0105\u017ce\u0144 dla rolnik\u00f3w musi budzi\u0107 zdziwienie i zaniepokojenie. To musi odbi\u0107 si\u0119 negatywnie na ich sytuacji ekonomicznej, co wp\u0142ynie niekorzystnie r\u00f3wnie\u017c na nas, przetw\u00f3rc\u00f3w, a w ko\u0144cu na konsument\u00f3w. Podkre\u015blmy tak\u017ce jeszcze jedno &#8211; uchwalenie ustawy o FOR to kolejny impuls inflacyjny dla gospodarki.<br \/>\nZamiast dalszego procedowania projektu ustawy o Funduszu Ochrony Rolnictwa, proponujemy podj\u0119cie prac na ustaw\u0105 wprowadzaj\u0105c\u0105 dobrowolne ubezpieczenie dla producent\u00f3w rolnych od skutk\u00f3w niewyp\u0142acalno\u015bci podmiot\u00f3w skupuj\u0105cych p\u0142ody rolne. Polisy tego typu mog\u0142yby by\u0107 obs\u0142ugiwane np. przez Bank Gospodarstwa Krajowego lub inn\u0105 pa\u0144stwow\u0105 instytucj\u0119 finansow\u0105 (chocia\u017c nie ma \u017cadnych przeciwskaza\u0144 by tego typu ubezpieczenia obs\u0142ugiwa\u0142y podmioty prywatne), a ich <strong>dobrowolno\u015b\u0107 pozwoli\u0142aby precyzyjnie okre\u015bli\u0107 zainteresowanie rolnik\u00f3w tego typu zabezpieczeniem przed problemami z niewyp\u0142acalno\u015bci\u0105 podmiot\u00f3w skupuj\u0105cych \u2013 bez zmuszania kogokolwiek do ponoszenia koszt\u00f3w cudzej nieudolno\u015bci lub niegospodarno\u015bci.<\/strong> Wzywamy do rozpocz\u0119cia szerokiej dyskusji na ten temat, aby unikn\u0105\u0107 wprowadzania rozwi\u0105za\u0144, kt\u00f3re nic nie naprawi\u0105, a b\u0119d\u0105 s\u0142u\u017cy\u0107 jedynie w dora\u017anej walce politycznej &#8211; twierdz\u0105 autorzy listu.<\/p>\n<p><a href=\"http:\/\/Zwi\u0105zek Polskich Przetw\u00f3rc\u00f3w Mleka z niepokojem przyjmuje kontynuowanie prac w Sejmie nad projektem ustawy o Funduszu Ochrony Rolnictwa. W dniu 9 maja br. ma si\u0119 odby\u0107 jego pierwsze czytanie. Fundusz Ochrony Rolnictwa w skr\u00f3cie to ubezpieczenie rolnik\u00f3w w sytuacji, gdy nie otrzymaj\u0105 zap\u0142aty za dostarczone produkty z powodu bankructwa podmiotu skupuj\u0105cego. Przy czym ma by\u0107 finansowany przez samych rolnik\u00f3w, poprzez potr\u0105canie 0,125% netto z faktur za dostawy towar\u00f3w i przekazanie tych \u015brodk\u00f3w na rachunek bankowy zarz\u0105dzany przez Krajowy O\u015brodek Wsparcia Rolnictwa. Przede wszystkim trzeba jasno powiedzie\u0107, \u017ce Idea ochrony dostawc\u00f3w produkt\u00f3w rolnych przed niezawinion\u0105 utrat\u0105 dochod\u00f3w jest nam bliska. Nie oznacza to jednak, \u017ce powinno si\u0119 j\u0105 realizowa\u0107 poprzez nak\u0142adanie dodatkowych, obowi\u0105zkowych obci\u0105\u017ce\u0144 na rolnik\u00f3w, maj\u0105cych de facto charakter podatku. Pomys\u0142 przymusowego odbierania \u015brodk\u00f3w zarobionych przez rolnik\u00f3w (i to za po\u015brednictwem podmiot\u00f3w skupuj\u0105cych) i przekazywania ich na fundusz, z kt\u00f3rego wp\u0142acaj\u0105cy rolnicy by\u0107 mo\u017ce nigdy nie b\u0119d\u0105 korzysta\u0107, jest z\u0142y w swoich za\u0142o\u017ceniach, a w obecnej sytuacji gospodarczej jest z\u0142y podw\u00f3jnie. Takie rozwi\u0105zanie de facto oznacza obci\u0105\u017cenie rolnik\u00f3w kosztami cudzych, nieudolnych, albo nierzadko celowych i patologicznych dzia\u0142a\u0144, co jest rozwi\u0105zaniem nieuczciwym w stosunku do producent\u00f3w. Same konsultacje spo\u0142eczne projektu ustawy odbiega\u0142y od zwyczajowych form. Nie dosz\u0142o do obiecanego spotkania z Ministrem Rolnictwa, na kt\u00f3rym miano przedyskutowa\u0107 zasadno\u015b\u0107 wprowadzenia nowego obci\u0105\u017cenia dla rolnik\u00f3w. Pomimo zapowiedzi nie przedyskutowano tak\u017ce szeregu szczeg\u00f3\u0142owych uwag zg\u0142aszanych przez stron\u0119 spo\u0142eczn\u0105 do projektu ustawy. Zamiast tego rz\u0105d od razu skierowa\u0142 projekt ustawy o Funduszu Ochrony Rolnictwa do Sejmu, gdzie w i\u015bcie ekspresowym tempie b\u0119dzie procedowany ju\u017c na najbli\u017cszym posiedzeniu. Uwa\u017camy, \u017ce konstrukcja samego Funduszu budzi w\u0105tpliwo\u015bci. Wszystkie bran\u017ce spo\u017cywcze dokonywa\u0142yby wp\u0142at na rzecz jednego funduszu. Oznacza to, \u017ce np. producenci mleka finansowaliby ewentualne straty poniesione przez dostawc\u00f3w innych surowc\u00f3w rolno-spo\u017cywczych. Innymi s\u0142owy bran\u017ca mleczarska ponosi\u0142aby koszty niewsp\u00f3\u0142mierne do korzy\u015bci p\u0142yn\u0105cych z istnienia takiego funduszu - co w naszej opinii nie jest sprawiedliwym rozwi\u0105zaniem. Zastosowane w projekcie ustawy mechanizmy zaspokajania roszcze\u0144 i wyp\u0142at rekompensat nie pozwol\u0105 na realizacj\u0119 zasadniczego celu ustawy tj. kontynuowanie przez producenta rolnego produkcji rolnej, sp\u0142aty ci\u0105\u017c\u0105cych na nim zobowi\u0105za\u0144 lub kredyt\u00f3w oraz na zaspokojenie bie\u017c\u0105cych potrzeb \u017cyciowych rodziny. Pomi\u0119dzy wyp\u0142at\u0105 rekompensaty a zbyciem produktu rolnego, za kt\u00f3ry rolnik nie otrzyma zap\u0142aty, up\u0142ynie bardzo du\u017co czasu zwi\u0105zanego np. z post\u0119powaniem upad\u0142o\u015bciowym. Oceniamy, \u017ce mo\u017ce to by\u0107 nawet rok lub d\u0142u\u017cej. Tak nie powinien dzia\u0142a\u0107 sprawny mechanizm ubezpieczeniowy. Analiza projektu prowadzi do wniosku, \u017ce liczba uprawnionych do uzyskania rekompensat b\u0119dzie wi\u0119ksza od liczby wp\u0142acaj\u0105cych na FOR (wp\u0142aty na Fundusz b\u0119d\u0105 przekazywane przez podmioty prowadz\u0105ce skup, przechowywanie, obr\u00f3bk\u0119 lub przetw\u00f3rstwo produkt\u00f3w rolnych i b\u0119d\u0105ce jednocze\u015bnie p\u0142atnikami podatku VAT \u2013 a rekompensaty b\u0119d\u0105 nast\u0119powa\u0107 w przypadku bankructwa wszystkich podmiot\u00f3w prowadz\u0105cych ww. dzia\u0142alno\u015b\u0107, czyli tak\u017ce tych, kt\u00f3re nie s\u0105 p\u0142atnikami VAT). Przypominamy, \u017ce w sektorze mleczarstwa sytuacja rolnik\u00f3w \u2013 producent\u00f3w mleka jest wyj\u0105tkowo trudna. Z jednej strony notujemy bardzo gwa\u0142towne obni\u017cki cen mleka w skupie. Z drugiej strony koszty produkcji s\u0105 ci\u0105gle wysokie co powoduje, \u017ce wielu rolnik\u00f3w staje przed widmem utraty p\u0142ynno\u015bci finansowej i likwidacji produkcji mleka. Niestety nie ma perspektywy na polepszenie tej sytuacji w 2023 roku. Przy ci\u0105gle pogarszaj\u0105cych si\u0119 nastrojach na wsi, wywo\u0142anych chocia\u017cby destabilizuj\u0105cym dla polskiego rynku importem zbo\u017ca z Ukrainy, wprowadzanie dodatkowych obci\u0105\u017ce\u0144 dla rolnik\u00f3w musi budzi\u0107 zdziwienie i zaniepokojenie. To musi odbi\u0107 si\u0119 negatywnie na ich sytuacji ekonomicznej, co wp\u0142ynie niekorzystnie r\u00f3wnie\u017c na nas, przetw\u00f3rc\u00f3w, a w ko\u0144cu na konsument\u00f3w. Podkre\u015blmy tak\u017ce jeszcze jedno - uchwalenie ustawy o FOR to kolejny impuls inflacyjny dla gospodarki. Zamiast dalszego procedowania projektu ustawy o Funduszu Ochrony Rolnictwa, proponujemy podj\u0119cie prac na ustaw\u0105 wprowadzaj\u0105c\u0105 dobrowolne ubezpieczenie dla producent\u00f3w rolnych od skutk\u00f3w niewyp\u0142acalno\u015bci podmiot\u00f3w skupuj\u0105cych p\u0142ody rolne. Polisy tego typu mog\u0142yby by\u0107 obs\u0142ugiwane np. przez Bank Gospodarstwa Krajowego lub inn\u0105 pa\u0144stwow\u0105 instytucj\u0119 finansow\u0105 (chocia\u017c nie ma \u017cadnych przeciwskaza\u0144 by tego typu ubezpieczenia obs\u0142ugiwa\u0142y podmioty prywatne), a ich dobrowolno\u015b\u0107 pozwoli\u0142aby precyzyjnie okre\u015bli\u0107 zainteresowanie rolnik\u00f3w tego typu zabezpieczeniem przed problemami z niewyp\u0142acalno\u015bci\u0105 podmiot\u00f3w skupuj\u0105cych \u2013 bez zmuszania kogokolwiek do ponoszenia koszt\u00f3w cudzej nieudolno\u015bci lub niegospodarno\u015bci. Wzywamy do rozpocz\u0119cia szerokiej dyskusji na ten temat, aby unikn\u0105\u0107 wprowadzania rozwi\u0105za\u0144, kt\u00f3re nic nie naprawi\u0105, a b\u0119d\u0105 s\u0142u\u017cy\u0107 jedynie w dora\u017anej walce politycznej. Zach\u0119camy do zapoznania si\u0119 z pe\u0142n\u0105 wersj\u0105 stanowiska ZPPM w sprawie projektu ustawy o Funduszu Ochrony Rolnictwa, kt\u00f3re w dniu 8 maja 2023r. zosta\u0142o przekazane do Przewodnicz\u0105cych wszystkich klub\u00f3w i k\u00f3\u0142 poselskich oraz do Przewodnicz\u0105cego sejmowej Komisji Rolnictwa i Rozwoju Wsi.\">Pe\u0142na wersja stanowiska ZPPM dost\u0119pna tutaj<\/a><\/p>\n<p>&nbsp;<\/p>\n","protected":false},"excerpt":{"rendered":"<p>Zwi\u0105zek Polskich Przetw\u00f3rc\u00f3w Mleka z niepokojem przyjmuje kontynuowanie prac w Sejmie nad projektem ustawy o Funduszu Ochrony Rolnictwa. W dniu 9 maja br. ma si\u0119 odby\u0107 jego pierwsze czytanie &#8211; czytamy w przes\u0142anym do redakcji o\u015bwiadczeniu. Fundusz Ochrony Rolnictwa w skr\u00f3cie to ubezpieczenie rolnik\u00f3w w sytuacji, gdy nie otrzymaj\u0105 zap\u0142aty za dostarczone produkty z powodu [&hellip;]<\/p>\n","protected":false},"author":2,"featured_media":0,"comment_status":"open","ping_status":"open","sticky":false,"template":"","format":"standard","meta":{"footnotes":""},"categories":[2,14],"tags":[1011,1037],"class_list":["post-19938","post","type-post","status-publish","format-standard","hentry","category-mleczarstwo","category-wydarzenia","tag-mleko-napoje-komisjaeuropejska-zppm-ekologia","tag-marcin-hydzik"],"yoast_head":"<!-- This site is optimized with the Yoast SEO plugin v20.2.1 - https:\/\/yoast.com\/wordpress\/plugins\/seo\/ -->\n<title>ZPPM: Nowy podatek zagro\u017ceniem dla rolnictwa | bikotech.pl<\/title>\n<meta name=\"robots\" content=\"index, follow, max-snippet:-1, max-image-preview:large, max-video-preview:-1\" \/>\n<link rel=\"canonical\" href=\"https:\/\/www.bikotech.pl\/index.php\/2023\/05\/08\/zppm-nowy-podatek-zagrozeniem-dla-rolnictwa\/\" \/>\n<meta property=\"og:locale\" content=\"pl_PL\" \/>\n<meta property=\"og:type\" content=\"article\" \/>\n<meta property=\"og:title\" content=\"ZPPM: Nowy podatek zagro\u017ceniem dla rolnictwa | bikotech.pl\" \/>\n<meta property=\"og:description\" content=\"Zwi\u0105zek Polskich Przetw\u00f3rc\u00f3w Mleka z niepokojem przyjmuje kontynuowanie prac w Sejmie nad projektem ustawy o Funduszu Ochrony Rolnictwa. W dniu 9 maja br. ma si\u0119 odby\u0107 jego pierwsze czytanie &#8211; czytamy w przes\u0142anym do redakcji o\u015bwiadczeniu. Fundusz Ochrony Rolnictwa w skr\u00f3cie to ubezpieczenie rolnik\u00f3w w sytuacji, gdy nie otrzymaj\u0105 zap\u0142aty za dostarczone produkty z powodu [&hellip;]\" \/>\n<meta property=\"og:url\" content=\"https:\/\/www.bikotech.pl\/index.php\/2023\/05\/08\/zppm-nowy-podatek-zagrozeniem-dla-rolnictwa\/\" \/>\n<meta property=\"og:site_name\" content=\"bikotech.pl\" \/>\n<meta property=\"article:published_time\" content=\"2023-05-08T09:18:56+00:00\" \/>\n<meta property=\"article:modified_time\" content=\"2023-05-08T09:24:12+00:00\" \/>\n<meta property=\"og:image\" content=\"https:\/\/www.bikotech.pl\/wp-content\/uploads\/2023\/05\/grafiki-do-agro-2.jpg\" \/>\n\t<meta property=\"og:image:width\" content=\"1748\" \/>\n\t<meta property=\"og:image:height\" content=\"1240\" \/>\n\t<meta property=\"og:image:type\" content=\"image\/jpeg\" \/>\n<meta name=\"author\" content=\"Ola Wojnarowska\" \/>\n<meta name=\"twitter:card\" content=\"summary_large_image\" \/>\n<meta name=\"twitter:label1\" content=\"Napisane przez\" \/>\n\t<meta name=\"twitter:data1\" content=\"Ola Wojnarowska\" \/>\n\t<meta name=\"twitter:label2\" content=\"Szacowany czas czytania\" \/>\n\t<meta name=\"twitter:data2\" content=\"5 minut\" \/>\n<script type=\"application\/ld+json\" class=\"yoast-schema-graph\">{\"@context\":\"https:\/\/schema.org\",\"@graph\":[{\"@type\":\"WebPage\",\"@id\":\"https:\/\/www.bikotech.pl\/index.php\/2023\/05\/08\/zppm-nowy-podatek-zagrozeniem-dla-rolnictwa\/\",\"url\":\"https:\/\/www.bikotech.pl\/index.php\/2023\/05\/08\/zppm-nowy-podatek-zagrozeniem-dla-rolnictwa\/\",\"name\":\"ZPPM: Nowy podatek zagro\u017ceniem dla rolnictwa | bikotech.pl\",\"isPartOf\":{\"@id\":\"https:\/\/www.bikotech.pl\/#website\"},\"datePublished\":\"2023-05-08T09:18:56+00:00\",\"dateModified\":\"2023-05-08T09:24:12+00:00\",\"author\":{\"@id\":\"https:\/\/www.bikotech.pl\/#\/schema\/person\/a7613f8d8180fa66033a28be3f87db21\"},\"breadcrumb\":{\"@id\":\"https:\/\/www.bikotech.pl\/index.php\/2023\/05\/08\/zppm-nowy-podatek-zagrozeniem-dla-rolnictwa\/#breadcrumb\"},\"inLanguage\":\"pl-PL\",\"potentialAction\":[{\"@type\":\"ReadAction\",\"target\":[\"https:\/\/www.bikotech.pl\/index.php\/2023\/05\/08\/zppm-nowy-podatek-zagrozeniem-dla-rolnictwa\/\"]}]},{\"@type\":\"BreadcrumbList\",\"@id\":\"https:\/\/www.bikotech.pl\/index.php\/2023\/05\/08\/zppm-nowy-podatek-zagrozeniem-dla-rolnictwa\/#breadcrumb\",\"itemListElement\":[{\"@type\":\"ListItem\",\"position\":1,\"name\":\"Strona g\u0142\u00f3wna\",\"item\":\"https:\/\/www.bikotech.pl\/\"},{\"@type\":\"ListItem\",\"position\":2,\"name\":\"ZPPM: Nowy podatek zagro\u017ceniem dla rolnictwa\"}]},{\"@type\":\"WebSite\",\"@id\":\"https:\/\/www.bikotech.pl\/#website\",\"url\":\"https:\/\/www.bikotech.pl\/\",\"name\":\"bikotech.pl\",\"description\":\"Innowacje, \u015brodowisko, technologie  - prosto i z sensem o przemy\u015ble spo\u017cywczym\",\"potentialAction\":[{\"@type\":\"SearchAction\",\"target\":{\"@type\":\"EntryPoint\",\"urlTemplate\":\"https:\/\/www.bikotech.pl\/?s={search_term_string}\"},\"query-input\":\"required name=search_term_string\"}],\"inLanguage\":\"pl-PL\"},{\"@type\":\"Person\",\"@id\":\"https:\/\/www.bikotech.pl\/#\/schema\/person\/a7613f8d8180fa66033a28be3f87db21\",\"name\":\"Ola Wojnarowska\",\"image\":{\"@type\":\"ImageObject\",\"inLanguage\":\"pl-PL\",\"@id\":\"https:\/\/www.bikotech.pl\/#\/schema\/person\/image\/\",\"url\":\"https:\/\/secure.gravatar.com\/avatar\/64d6402adc862d9de7f648ddc7bc25eaacda07271c0660d3fb3c5297d799c420?s=96&d=mm&r=g\",\"contentUrl\":\"https:\/\/secure.gravatar.com\/avatar\/64d6402adc862d9de7f648ddc7bc25eaacda07271c0660d3fb3c5297d799c420?s=96&d=mm&r=g\",\"caption\":\"Ola Wojnarowska\"},\"sameAs\":[\"http:\/\/bikotech.pl\"],\"url\":\"https:\/\/www.bikotech.pl\/index.php\/author\/ola\/\"}]}<\/script>\n<!-- \/ Yoast SEO plugin. -->","yoast_head_json":{"title":"ZPPM: Nowy podatek zagro\u017ceniem dla rolnictwa | bikotech.pl","robots":{"index":"index","follow":"follow","max-snippet":"max-snippet:-1","max-image-preview":"max-image-preview:large","max-video-preview":"max-video-preview:-1"},"canonical":"https:\/\/www.bikotech.pl\/index.php\/2023\/05\/08\/zppm-nowy-podatek-zagrozeniem-dla-rolnictwa\/","og_locale":"pl_PL","og_type":"article","og_title":"ZPPM: Nowy podatek zagro\u017ceniem dla rolnictwa | bikotech.pl","og_description":"Zwi\u0105zek Polskich Przetw\u00f3rc\u00f3w Mleka z niepokojem przyjmuje kontynuowanie prac w Sejmie nad projektem ustawy o Funduszu Ochrony Rolnictwa. W dniu 9 maja br. ma si\u0119 odby\u0107 jego pierwsze czytanie &#8211; czytamy w przes\u0142anym do redakcji o\u015bwiadczeniu. Fundusz Ochrony Rolnictwa w skr\u00f3cie to ubezpieczenie rolnik\u00f3w w sytuacji, gdy nie otrzymaj\u0105 zap\u0142aty za dostarczone produkty z powodu [&hellip;]","og_url":"https:\/\/www.bikotech.pl\/index.php\/2023\/05\/08\/zppm-nowy-podatek-zagrozeniem-dla-rolnictwa\/","og_site_name":"bikotech.pl","article_published_time":"2023-05-08T09:18:56+00:00","article_modified_time":"2023-05-08T09:24:12+00:00","og_image":[{"width":1748,"height":1240,"url":"https:\/\/www.bikotech.pl\/wp-content\/uploads\/2023\/05\/grafiki-do-agro-2.jpg","type":"image\/jpeg"}],"author":"Ola Wojnarowska","twitter_card":"summary_large_image","twitter_misc":{"Napisane przez":"Ola Wojnarowska","Szacowany czas czytania":"5 minut"},"schema":{"@context":"https:\/\/schema.org","@graph":[{"@type":"WebPage","@id":"https:\/\/www.bikotech.pl\/index.php\/2023\/05\/08\/zppm-nowy-podatek-zagrozeniem-dla-rolnictwa\/","url":"https:\/\/www.bikotech.pl\/index.php\/2023\/05\/08\/zppm-nowy-podatek-zagrozeniem-dla-rolnictwa\/","name":"ZPPM: Nowy podatek zagro\u017ceniem dla rolnictwa | bikotech.pl","isPartOf":{"@id":"https:\/\/www.bikotech.pl\/#website"},"datePublished":"2023-05-08T09:18:56+00:00","dateModified":"2023-05-08T09:24:12+00:00","author":{"@id":"https:\/\/www.bikotech.pl\/#\/schema\/person\/a7613f8d8180fa66033a28be3f87db21"},"breadcrumb":{"@id":"https:\/\/www.bikotech.pl\/index.php\/2023\/05\/08\/zppm-nowy-podatek-zagrozeniem-dla-rolnictwa\/#breadcrumb"},"inLanguage":"pl-PL","potentialAction":[{"@type":"ReadAction","target":["https:\/\/www.bikotech.pl\/index.php\/2023\/05\/08\/zppm-nowy-podatek-zagrozeniem-dla-rolnictwa\/"]}]},{"@type":"BreadcrumbList","@id":"https:\/\/www.bikotech.pl\/index.php\/2023\/05\/08\/zppm-nowy-podatek-zagrozeniem-dla-rolnictwa\/#breadcrumb","itemListElement":[{"@type":"ListItem","position":1,"name":"Strona g\u0142\u00f3wna","item":"https:\/\/www.bikotech.pl\/"},{"@type":"ListItem","position":2,"name":"ZPPM: Nowy podatek zagro\u017ceniem dla rolnictwa"}]},{"@type":"WebSite","@id":"https:\/\/www.bikotech.pl\/#website","url":"https:\/\/www.bikotech.pl\/","name":"bikotech.pl","description":"Innowacje, \u015brodowisko, technologie  - prosto i z sensem o przemy\u015ble spo\u017cywczym","potentialAction":[{"@type":"SearchAction","target":{"@type":"EntryPoint","urlTemplate":"https:\/\/www.bikotech.pl\/?s={search_term_string}"},"query-input":"required name=search_term_string"}],"inLanguage":"pl-PL"},{"@type":"Person","@id":"https:\/\/www.bikotech.pl\/#\/schema\/person\/a7613f8d8180fa66033a28be3f87db21","name":"Ola Wojnarowska","image":{"@type":"ImageObject","inLanguage":"pl-PL","@id":"https:\/\/www.bikotech.pl\/#\/schema\/person\/image\/","url":"https:\/\/secure.gravatar.com\/avatar\/64d6402adc862d9de7f648ddc7bc25eaacda07271c0660d3fb3c5297d799c420?s=96&d=mm&r=g","contentUrl":"https:\/\/secure.gravatar.com\/avatar\/64d6402adc862d9de7f648ddc7bc25eaacda07271c0660d3fb3c5297d799c420?s=96&d=mm&r=g","caption":"Ola Wojnarowska"},"sameAs":["http:\/\/bikotech.pl"],"url":"https:\/\/www.bikotech.pl\/index.php\/author\/ola\/"}]}},"_links":{"self":[{"href":"https:\/\/www.bikotech.pl\/index.php\/wp-json\/wp\/v2\/posts\/19938","targetHints":{"allow":["GET"]}}],"collection":[{"href":"https:\/\/www.bikotech.pl\/index.php\/wp-json\/wp\/v2\/posts"}],"about":[{"href":"https:\/\/www.bikotech.pl\/index.php\/wp-json\/wp\/v2\/types\/post"}],"author":[{"embeddable":true,"href":"https:\/\/www.bikotech.pl\/index.php\/wp-json\/wp\/v2\/users\/2"}],"replies":[{"embeddable":true,"href":"https:\/\/www.bikotech.pl\/index.php\/wp-json\/wp\/v2\/comments?post=19938"}],"version-history":[{"count":3,"href":"https:\/\/www.bikotech.pl\/index.php\/wp-json\/wp\/v2\/posts\/19938\/revisions"}],"predecessor-version":[{"id":19947,"href":"https:\/\/www.bikotech.pl\/index.php\/wp-json\/wp\/v2\/posts\/19938\/revisions\/19947"}],"wp:attachment":[{"href":"https:\/\/www.bikotech.pl\/index.php\/wp-json\/wp\/v2\/media?parent=19938"}],"wp:term":[{"taxonomy":"category","embeddable":true,"href":"https:\/\/www.bikotech.pl\/index.php\/wp-json\/wp\/v2\/categories?post=19938"},{"taxonomy":"post_tag","embeddable":true,"href":"https:\/\/www.bikotech.pl\/index.php\/wp-json\/wp\/v2\/tags?post=19938"}],"curies":[{"name":"wp","href":"https:\/\/api.w.org\/{rel}","templated":true}]}}