{"id":19403,"date":"2023-03-16T10:05:54","date_gmt":"2023-03-16T09:05:54","guid":{"rendered":"https:\/\/www.agroindustry.pl\/?p=19403"},"modified":"2023-03-16T10:05:54","modified_gmt":"2023-03-16T09:05:54","slug":"ustawa-o-oznaczeniach-geograficznych-produktow-rolnych-wchodzi-w-zycie","status":"publish","type":"post","link":"https:\/\/www.bikotech.pl\/index.php\/2023\/03\/16\/ustawa-o-oznaczeniach-geograficznych-produktow-rolnych-wchodzi-w-zycie\/","title":{"rendered":"Ustawa o oznaczeniach geograficznych produkt\u00f3w rolnych wchodzi w \u017cycie"},"content":{"rendered":"<p>Prezydent Andrzej Duda podpisa\u0142 ustaw\u0119 z dnia 9 marca 2023 r. o rejestracji i ochronie nazw pochodzenia, oznacze\u0144 geograficznych oraz gwarantowanych tradycyjnych specjalno\u015bci produkt\u00f3w rolnych i \u015brodk\u00f3w spo\u017cywczych, win lub napoj\u00f3w spirytusowych oraz o produktach tradycyjnych.<\/p>\n<p>Sejm 13 stycznia br. uchwali\u0142 ustaw\u0119, a 9 marca br. popar\u0142 poprawki Senatu.<\/p>\n<p>Celem ustawy\u00a0 jest stworzenie jednolitej regulacji dotycz\u0105cej oznacze\u0144 geograficznych obejmuj\u0105cej trzy sektory: produkty rolne i \u015brodki spo\u017cywcze, napoje spirytusowe i wina. Wed\u0142ug projektodawcy stworzenie sp\u00f3jnych zasad w jednym akcie prawnym umo\u017cliwi efektywniejsz\u0105 kontrol\u0119 i egzekwowanie ochrony przys\u0142uguj\u0105cej zarejestrowanym w Unii Europejskiej (UE) nazwom produkt\u00f3w i napoj\u00f3w informuje Kancelaria.<\/p>\n<p>Dokument okre\u015bla warunki ochrony w Polsce nazw pochodzenia, oznacze\u0144 geograficznych i gwarantowanych tradycyjnych specjalno\u015bci produkt\u00f3w rolnych lub \u015brodk\u00f3w spo\u017cywczych. Dotyczy to tak\u017ce oznacze\u0144 geograficznych win i napoj\u00f3w spirytusowych oraz okre\u015ble\u0144 tradycyjnych produkt\u00f3w sektora wina.<\/p>\n<p>Ponadto, zgodnie z ustaw\u0105, powo\u0142ana zostanie Rada do Spraw Oznacze\u0144 Geograficznych i Gwarantowanych Tradycyjnych Specjalno\u015bci. B\u0119dzie ona opiniowa\u0107 wnioski o rejestracj\u0119 lub o cofni\u0119cie rejestracji, wnioski o zatwierdzenie zmiany w specyfikacji produktu, a tak\u017ce sprzeciwy krajowe do wniosk\u00f3w o rejestracj\u0119. Rada b\u0119dzie sk\u0142ada\u0107 si\u0119 z przewodnicz\u0105cego (przedstawiciel ministra) oraz 10 cz\u0142onk\u00f3w (powo\u0142anych spo\u015br\u00f3d os\u00f3b wyr\u00f3\u017cniaj\u0105cych si\u0119 wiedz\u0105 o produktach regionalnych i tradycyjnych, w szczeg\u00f3lno\u015bci w zakresie dotycz\u0105cym technologii produkcji \u017cywno\u015bci, enologii, etnografii, prawa w\u0142asno\u015bci przemys\u0142owej oraz tradycji i kultury polskiej).<\/p>\n<p>Ustawa wejdzie w \u017cycie po 30 dniach od og\u0142oszenia w Dzienniku Ustaw.<\/p>\n<p>Ustawa uchyla:<br \/>\n1) ustaw\u0119 z dnia 17 grudnia 2004 r. o rejestracji i ochronie nazw i oznacze\u0144 produkt\u00f3w rolnych i \u015brodk\u00f3w spo\u017cywczych oraz o produktach tradycyjnych oraz<br \/>\n2) ustaw\u0119 z dnia 12 maja 2011 r. o oznaczeniach geograficznych win oraz aromatyzowanych produkt\u00f3w sektora wina.<\/p>\n","protected":false},"excerpt":{"rendered":"<p>Prezydent Andrzej Duda podpisa\u0142 ustaw\u0119 z dnia 9 marca 2023 r. o rejestracji i ochronie nazw pochodzenia, oznacze\u0144 geograficznych oraz gwarantowanych tradycyjnych specjalno\u015bci produkt\u00f3w rolnych i \u015brodk\u00f3w spo\u017cywczych, win lub napoj\u00f3w spirytusowych oraz o produktach tradycyjnych. Sejm 13 stycznia br. uchwali\u0142 ustaw\u0119, a 9 marca br. popar\u0142 poprawki Senatu. Celem ustawy\u00a0 jest stworzenie jednolitej regulacji [&hellip;]<\/p>\n","protected":false},"author":2,"featured_media":19404,"comment_status":"open","ping_status":"open","sticky":false,"template":"","format":"standard","meta":{"footnotes":""},"categories":[22,912,2,5,1027,926,4,911,933],"tags":[],"class_list":["post-19403","post","type-post","status-publish","format-standard","has-post-thumbnail","hentry","category-przemysl-spirytusowy","category-conveniencertg","category-mleczarstwo","category-napoje-nektary-wody-oraz-soki","category-prawo","category-przemysl-miesny","category-przetworstwo-owocow","category-slodyczeprzekaski","category-wege-foods"],"yoast_head":"<!-- This site is optimized with the Yoast SEO plugin v20.2.1 - https:\/\/yoast.com\/wordpress\/plugins\/seo\/ -->\n<title>Ustawa o oznaczeniach geograficznych produkt\u00f3w rolnych wchodzi w \u017cycie | bikotech.pl<\/title>\n<meta name=\"robots\" content=\"index, follow, max-snippet:-1, max-image-preview:large, max-video-preview:-1\" \/>\n<link rel=\"canonical\" href=\"https:\/\/www.bikotech.pl\/index.php\/2023\/03\/16\/ustawa-o-oznaczeniach-geograficznych-produktow-rolnych-wchodzi-w-zycie\/\" \/>\n<meta property=\"og:locale\" content=\"pl_PL\" \/>\n<meta property=\"og:type\" content=\"article\" \/>\n<meta property=\"og:title\" content=\"Ustawa o oznaczeniach geograficznych produkt\u00f3w rolnych wchodzi w \u017cycie | bikotech.pl\" \/>\n<meta property=\"og:description\" content=\"Prezydent Andrzej Duda podpisa\u0142 ustaw\u0119 z dnia 9 marca 2023 r. o rejestracji i ochronie nazw pochodzenia, oznacze\u0144 geograficznych oraz gwarantowanych tradycyjnych specjalno\u015bci produkt\u00f3w rolnych i \u015brodk\u00f3w spo\u017cywczych, win lub napoj\u00f3w spirytusowych oraz o produktach tradycyjnych. Sejm 13 stycznia br. uchwali\u0142 ustaw\u0119, a 9 marca br. popar\u0142 poprawki Senatu. Celem ustawy\u00a0 jest stworzenie jednolitej regulacji [&hellip;]\" \/>\n<meta property=\"og:url\" content=\"https:\/\/www.bikotech.pl\/index.php\/2023\/03\/16\/ustawa-o-oznaczeniach-geograficznych-produktow-rolnych-wchodzi-w-zycie\/\" \/>\n<meta property=\"og:site_name\" content=\"bikotech.pl\" \/>\n<meta property=\"article:published_time\" content=\"2023-03-16T09:05:54+00:00\" \/>\n<meta property=\"og:image\" content=\"https:\/\/www.bikotech.pl\/wp-content\/uploads\/2023\/03\/grafiki-do-agro-2-1.jpg\" \/>\n\t<meta property=\"og:image:width\" content=\"1748\" \/>\n\t<meta property=\"og:image:height\" content=\"1240\" \/>\n\t<meta property=\"og:image:type\" content=\"image\/jpeg\" \/>\n<meta name=\"author\" content=\"Ola Wojnarowska\" \/>\n<meta name=\"twitter:card\" content=\"summary_large_image\" \/>\n<meta name=\"twitter:label1\" content=\"Napisane przez\" \/>\n\t<meta name=\"twitter:data1\" content=\"Ola Wojnarowska\" \/>\n\t<meta name=\"twitter:label2\" content=\"Szacowany czas czytania\" \/>\n\t<meta name=\"twitter:data2\" content=\"2 minuty\" \/>\n<script type=\"application\/ld+json\" class=\"yoast-schema-graph\">{\"@context\":\"https:\/\/schema.org\",\"@graph\":[{\"@type\":\"WebPage\",\"@id\":\"https:\/\/www.bikotech.pl\/index.php\/2023\/03\/16\/ustawa-o-oznaczeniach-geograficznych-produktow-rolnych-wchodzi-w-zycie\/\",\"url\":\"https:\/\/www.bikotech.pl\/index.php\/2023\/03\/16\/ustawa-o-oznaczeniach-geograficznych-produktow-rolnych-wchodzi-w-zycie\/\",\"name\":\"Ustawa o oznaczeniach geograficznych produkt\u00f3w rolnych wchodzi w \u017cycie | bikotech.pl\",\"isPartOf\":{\"@id\":\"https:\/\/www.bikotech.pl\/#website\"},\"datePublished\":\"2023-03-16T09:05:54+00:00\",\"dateModified\":\"2023-03-16T09:05:54+00:00\",\"author\":{\"@id\":\"https:\/\/www.bikotech.pl\/#\/schema\/person\/a7613f8d8180fa66033a28be3f87db21\"},\"breadcrumb\":{\"@id\":\"https:\/\/www.bikotech.pl\/index.php\/2023\/03\/16\/ustawa-o-oznaczeniach-geograficznych-produktow-rolnych-wchodzi-w-zycie\/#breadcrumb\"},\"inLanguage\":\"pl-PL\",\"potentialAction\":[{\"@type\":\"ReadAction\",\"target\":[\"https:\/\/www.bikotech.pl\/index.php\/2023\/03\/16\/ustawa-o-oznaczeniach-geograficznych-produktow-rolnych-wchodzi-w-zycie\/\"]}]},{\"@type\":\"BreadcrumbList\",\"@id\":\"https:\/\/www.bikotech.pl\/index.php\/2023\/03\/16\/ustawa-o-oznaczeniach-geograficznych-produktow-rolnych-wchodzi-w-zycie\/#breadcrumb\",\"itemListElement\":[{\"@type\":\"ListItem\",\"position\":1,\"name\":\"Strona g\u0142\u00f3wna\",\"item\":\"https:\/\/www.bikotech.pl\/\"},{\"@type\":\"ListItem\",\"position\":2,\"name\":\"Ustawa o oznaczeniach geograficznych produkt\u00f3w rolnych wchodzi w \u017cycie\"}]},{\"@type\":\"WebSite\",\"@id\":\"https:\/\/www.bikotech.pl\/#website\",\"url\":\"https:\/\/www.bikotech.pl\/\",\"name\":\"bikotech.pl\",\"description\":\"Innowacje, \u015brodowisko, technologie  - prosto i z sensem o przemy\u015ble spo\u017cywczym\",\"potentialAction\":[{\"@type\":\"SearchAction\",\"target\":{\"@type\":\"EntryPoint\",\"urlTemplate\":\"https:\/\/www.bikotech.pl\/?s={search_term_string}\"},\"query-input\":\"required name=search_term_string\"}],\"inLanguage\":\"pl-PL\"},{\"@type\":\"Person\",\"@id\":\"https:\/\/www.bikotech.pl\/#\/schema\/person\/a7613f8d8180fa66033a28be3f87db21\",\"name\":\"Ola Wojnarowska\",\"image\":{\"@type\":\"ImageObject\",\"inLanguage\":\"pl-PL\",\"@id\":\"https:\/\/www.bikotech.pl\/#\/schema\/person\/image\/\",\"url\":\"https:\/\/secure.gravatar.com\/avatar\/64d6402adc862d9de7f648ddc7bc25eaacda07271c0660d3fb3c5297d799c420?s=96&d=mm&r=g\",\"contentUrl\":\"https:\/\/secure.gravatar.com\/avatar\/64d6402adc862d9de7f648ddc7bc25eaacda07271c0660d3fb3c5297d799c420?s=96&d=mm&r=g\",\"caption\":\"Ola Wojnarowska\"},\"sameAs\":[\"http:\/\/bikotech.pl\"],\"url\":\"https:\/\/www.bikotech.pl\/index.php\/author\/ola\/\"}]}<\/script>\n<!-- \/ Yoast SEO plugin. -->","yoast_head_json":{"title":"Ustawa o oznaczeniach geograficznych produkt\u00f3w rolnych wchodzi w \u017cycie | bikotech.pl","robots":{"index":"index","follow":"follow","max-snippet":"max-snippet:-1","max-image-preview":"max-image-preview:large","max-video-preview":"max-video-preview:-1"},"canonical":"https:\/\/www.bikotech.pl\/index.php\/2023\/03\/16\/ustawa-o-oznaczeniach-geograficznych-produktow-rolnych-wchodzi-w-zycie\/","og_locale":"pl_PL","og_type":"article","og_title":"Ustawa o oznaczeniach geograficznych produkt\u00f3w rolnych wchodzi w \u017cycie | bikotech.pl","og_description":"Prezydent Andrzej Duda podpisa\u0142 ustaw\u0119 z dnia 9 marca 2023 r. o rejestracji i ochronie nazw pochodzenia, oznacze\u0144 geograficznych oraz gwarantowanych tradycyjnych specjalno\u015bci produkt\u00f3w rolnych i \u015brodk\u00f3w spo\u017cywczych, win lub napoj\u00f3w spirytusowych oraz o produktach tradycyjnych. Sejm 13 stycznia br. uchwali\u0142 ustaw\u0119, a 9 marca br. popar\u0142 poprawki Senatu. Celem ustawy\u00a0 jest stworzenie jednolitej regulacji [&hellip;]","og_url":"https:\/\/www.bikotech.pl\/index.php\/2023\/03\/16\/ustawa-o-oznaczeniach-geograficznych-produktow-rolnych-wchodzi-w-zycie\/","og_site_name":"bikotech.pl","article_published_time":"2023-03-16T09:05:54+00:00","og_image":[{"width":1748,"height":1240,"url":"https:\/\/www.bikotech.pl\/wp-content\/uploads\/2023\/03\/grafiki-do-agro-2-1.jpg","type":"image\/jpeg"}],"author":"Ola Wojnarowska","twitter_card":"summary_large_image","twitter_misc":{"Napisane przez":"Ola Wojnarowska","Szacowany czas czytania":"2 minuty"},"schema":{"@context":"https:\/\/schema.org","@graph":[{"@type":"WebPage","@id":"https:\/\/www.bikotech.pl\/index.php\/2023\/03\/16\/ustawa-o-oznaczeniach-geograficznych-produktow-rolnych-wchodzi-w-zycie\/","url":"https:\/\/www.bikotech.pl\/index.php\/2023\/03\/16\/ustawa-o-oznaczeniach-geograficznych-produktow-rolnych-wchodzi-w-zycie\/","name":"Ustawa o oznaczeniach geograficznych produkt\u00f3w rolnych wchodzi w \u017cycie | bikotech.pl","isPartOf":{"@id":"https:\/\/www.bikotech.pl\/#website"},"datePublished":"2023-03-16T09:05:54+00:00","dateModified":"2023-03-16T09:05:54+00:00","author":{"@id":"https:\/\/www.bikotech.pl\/#\/schema\/person\/a7613f8d8180fa66033a28be3f87db21"},"breadcrumb":{"@id":"https:\/\/www.bikotech.pl\/index.php\/2023\/03\/16\/ustawa-o-oznaczeniach-geograficznych-produktow-rolnych-wchodzi-w-zycie\/#breadcrumb"},"inLanguage":"pl-PL","potentialAction":[{"@type":"ReadAction","target":["https:\/\/www.bikotech.pl\/index.php\/2023\/03\/16\/ustawa-o-oznaczeniach-geograficznych-produktow-rolnych-wchodzi-w-zycie\/"]}]},{"@type":"BreadcrumbList","@id":"https:\/\/www.bikotech.pl\/index.php\/2023\/03\/16\/ustawa-o-oznaczeniach-geograficznych-produktow-rolnych-wchodzi-w-zycie\/#breadcrumb","itemListElement":[{"@type":"ListItem","position":1,"name":"Strona g\u0142\u00f3wna","item":"https:\/\/www.bikotech.pl\/"},{"@type":"ListItem","position":2,"name":"Ustawa o oznaczeniach geograficznych produkt\u00f3w rolnych wchodzi w \u017cycie"}]},{"@type":"WebSite","@id":"https:\/\/www.bikotech.pl\/#website","url":"https:\/\/www.bikotech.pl\/","name":"bikotech.pl","description":"Innowacje, \u015brodowisko, technologie  - prosto i z sensem o przemy\u015ble spo\u017cywczym","potentialAction":[{"@type":"SearchAction","target":{"@type":"EntryPoint","urlTemplate":"https:\/\/www.bikotech.pl\/?s={search_term_string}"},"query-input":"required name=search_term_string"}],"inLanguage":"pl-PL"},{"@type":"Person","@id":"https:\/\/www.bikotech.pl\/#\/schema\/person\/a7613f8d8180fa66033a28be3f87db21","name":"Ola Wojnarowska","image":{"@type":"ImageObject","inLanguage":"pl-PL","@id":"https:\/\/www.bikotech.pl\/#\/schema\/person\/image\/","url":"https:\/\/secure.gravatar.com\/avatar\/64d6402adc862d9de7f648ddc7bc25eaacda07271c0660d3fb3c5297d799c420?s=96&d=mm&r=g","contentUrl":"https:\/\/secure.gravatar.com\/avatar\/64d6402adc862d9de7f648ddc7bc25eaacda07271c0660d3fb3c5297d799c420?s=96&d=mm&r=g","caption":"Ola Wojnarowska"},"sameAs":["http:\/\/bikotech.pl"],"url":"https:\/\/www.bikotech.pl\/index.php\/author\/ola\/"}]}},"_links":{"self":[{"href":"https:\/\/www.bikotech.pl\/index.php\/wp-json\/wp\/v2\/posts\/19403","targetHints":{"allow":["GET"]}}],"collection":[{"href":"https:\/\/www.bikotech.pl\/index.php\/wp-json\/wp\/v2\/posts"}],"about":[{"href":"https:\/\/www.bikotech.pl\/index.php\/wp-json\/wp\/v2\/types\/post"}],"author":[{"embeddable":true,"href":"https:\/\/www.bikotech.pl\/index.php\/wp-json\/wp\/v2\/users\/2"}],"replies":[{"embeddable":true,"href":"https:\/\/www.bikotech.pl\/index.php\/wp-json\/wp\/v2\/comments?post=19403"}],"version-history":[{"count":1,"href":"https:\/\/www.bikotech.pl\/index.php\/wp-json\/wp\/v2\/posts\/19403\/revisions"}],"predecessor-version":[{"id":19405,"href":"https:\/\/www.bikotech.pl\/index.php\/wp-json\/wp\/v2\/posts\/19403\/revisions\/19405"}],"wp:featuredmedia":[{"embeddable":true,"href":"https:\/\/www.bikotech.pl\/index.php\/wp-json\/wp\/v2\/media\/19404"}],"wp:attachment":[{"href":"https:\/\/www.bikotech.pl\/index.php\/wp-json\/wp\/v2\/media?parent=19403"}],"wp:term":[{"taxonomy":"category","embeddable":true,"href":"https:\/\/www.bikotech.pl\/index.php\/wp-json\/wp\/v2\/categories?post=19403"},{"taxonomy":"post_tag","embeddable":true,"href":"https:\/\/www.bikotech.pl\/index.php\/wp-json\/wp\/v2\/tags?post=19403"}],"curies":[{"name":"wp","href":"https:\/\/api.w.org\/{rel}","templated":true}]}}