{"id":19399,"date":"2023-03-16T09:47:27","date_gmt":"2023-03-16T08:47:27","guid":{"rendered":"https:\/\/www.agroindustry.pl\/?p=19399"},"modified":"2023-03-16T09:47:44","modified_gmt":"2023-03-16T08:47:44","slug":"krajowa-grupa-spozywcza-wielkie-oczekiwania-wobec-panstwowego-podmiotu","status":"publish","type":"post","link":"https:\/\/www.bikotech.pl\/index.php\/2023\/03\/16\/krajowa-grupa-spozywcza-wielkie-oczekiwania-wobec-panstwowego-podmiotu\/","title":{"rendered":"Krajowa Grupa Spo\u017cywcza: wielkie oczekiwania wobec pa\u0144stwowego podmiotu"},"content":{"rendered":"<p>15 marca 2023 mia\u0142o miejsce posiedzenie Rady ds. Rolnictwa i Obszar\u00f3w Wiejskich przy Prezydencie RP.<\/p>\n<p>Jan Krzysztof Ardanowski relacjonuj\u0105c posiedzenie Rady, wskaza\u0142 \u017ce \u201eod KGS oczekuje si\u0119 r\u00f3wnie\u017c zapobiegania panice na rynku \u017cywno\u015bciowym, takiej jak niedawno obserwowali\u015bmy na rynku cukru, mas\u0142a czy paliwa\u201d. \u2013 S\u0105dzimy, \u017ce Grupa wymaga wsparcia, ale nawet w obecnym stanie mo\u017ce takim zjawiskom przeciwdzia\u0142a\u0107:.<\/p>\n<p>Jego zdaniem, KGS mo\u017ce mie\u0107 te\u017c istotn\u0105 rol\u0119 do odegrania w zagospodarowaniu przez gorzelnie nadmiaru zb\u00f3\u017c, kt\u00f3re przetwarzane by\u0142yby na bioetanol, a ten m\u00f3g\u0142by by\u0107 stosowany jako dodatek do benzyny. \u2013 Mo\u017cna to powi\u0105za\u0107 z sektorem biogazowni, zar\u00f3wno wywar gorzelniany, jak i ziarno przeznaczy\u0107 do produkcji metanu w biogazowniach. To jest kierunek, kt\u00f3ry pozwoli\u0142by pewn\u0105 nadwy\u017ck\u0119 zbo\u017ca zagospodarowa\u0107 \u2013 stwierdzi\u0142. Uwa\u017ca on, \u017ce KGS powinna te\u017c zaj\u0105\u0107 si\u0119 szukaniem nowych rynk\u00f3w zbytu na polskie produkty rolno \u2013 spo\u017cywcze.<\/p>\n<p>Jan K. Ardanowski zaznaczy\u0142 te\u017c, \u017ce KGS musia\u0142by uruchomi\u0107 w\u0142asne nabrze\u017ce portowe. \u2013 Nie mo\u017ce by\u0107 sytuacji, \u017ce pa\u0144stwo polskie nie dysponuje mo\u017cliwo\u015bciami eksportu, poniewa\u017c nabrze\u017ca s\u0105 w r\u0119kach firm zagranicznych handluj\u0105cych zbo\u017cem. Je\u017celi chcemy by\u0107 licz\u0105cym si\u0119 producentem zb\u00f3\u017c i partycypowa\u0107 w zaopatrzeniu \u015bwiata w zbo\u017ce, to musimy mie\u0107 mo\u017cliwo\u015bci techniczne \u2013 wskaza\u0142.<\/p>\n<p>\u017ar\u00f3d\u0142o: Kancelaria Prezydenta RP<\/p>\n","protected":false},"excerpt":{"rendered":"<p>15 marca 2023 mia\u0142o miejsce posiedzenie Rady ds. Rolnictwa i Obszar\u00f3w Wiejskich przy Prezydencie RP. Jan Krzysztof Ardanowski relacjonuj\u0105c posiedzenie Rady, wskaza\u0142 \u017ce \u201eod KGS oczekuje si\u0119 r\u00f3wnie\u017c zapobiegania panice na rynku \u017cywno\u015bciowym, takiej jak niedawno obserwowali\u015bmy na rynku cukru, mas\u0142a czy paliwa\u201d. \u2013 S\u0105dzimy, \u017ce Grupa wymaga wsparcia, ale nawet w obecnym stanie mo\u017ce [&hellip;]<\/p>\n","protected":false},"author":2,"featured_media":19400,"comment_status":"open","ping_status":"open","sticky":false,"template":"","format":"standard","meta":{"footnotes":""},"categories":[22,2,5,1003,4,994],"tags":[],"class_list":["post-19399","post","type-post","status-publish","format-standard","has-post-thumbnail","hentry","category-przemysl-spirytusowy","category-mleczarstwo","category-napoje-nektary-wody-oraz-soki","category-opinie","category-przetworstwo-owocow","category-sieci-handlowe"],"yoast_head":"<!-- This site is optimized with the Yoast SEO plugin v20.2.1 - https:\/\/yoast.com\/wordpress\/plugins\/seo\/ -->\n<title>Krajowa Grupa Spo\u017cywcza: wielkie oczekiwania wobec pa\u0144stwowego podmiotu | bikotech.pl<\/title>\n<meta name=\"robots\" content=\"index, follow, max-snippet:-1, max-image-preview:large, max-video-preview:-1\" \/>\n<link rel=\"canonical\" href=\"https:\/\/www.bikotech.pl\/index.php\/2023\/03\/16\/krajowa-grupa-spozywcza-wielkie-oczekiwania-wobec-panstwowego-podmiotu\/\" \/>\n<meta property=\"og:locale\" content=\"pl_PL\" \/>\n<meta property=\"og:type\" content=\"article\" \/>\n<meta property=\"og:title\" content=\"Krajowa Grupa Spo\u017cywcza: wielkie oczekiwania wobec pa\u0144stwowego podmiotu | bikotech.pl\" \/>\n<meta property=\"og:description\" content=\"15 marca 2023 mia\u0142o miejsce posiedzenie Rady ds. Rolnictwa i Obszar\u00f3w Wiejskich przy Prezydencie RP. Jan Krzysztof Ardanowski relacjonuj\u0105c posiedzenie Rady, wskaza\u0142 \u017ce \u201eod KGS oczekuje si\u0119 r\u00f3wnie\u017c zapobiegania panice na rynku \u017cywno\u015bciowym, takiej jak niedawno obserwowali\u015bmy na rynku cukru, mas\u0142a czy paliwa\u201d. \u2013 S\u0105dzimy, \u017ce Grupa wymaga wsparcia, ale nawet w obecnym stanie mo\u017ce [&hellip;]\" \/>\n<meta property=\"og:url\" content=\"https:\/\/www.bikotech.pl\/index.php\/2023\/03\/16\/krajowa-grupa-spozywcza-wielkie-oczekiwania-wobec-panstwowego-podmiotu\/\" \/>\n<meta property=\"og:site_name\" content=\"bikotech.pl\" \/>\n<meta property=\"article:published_time\" content=\"2023-03-16T08:47:27+00:00\" \/>\n<meta property=\"article:modified_time\" content=\"2023-03-16T08:47:44+00:00\" \/>\n<meta property=\"og:image\" content=\"https:\/\/www.bikotech.pl\/wp-content\/uploads\/2023\/03\/grafiki-do-agro-1-1.jpg\" \/>\n\t<meta property=\"og:image:width\" content=\"1748\" \/>\n\t<meta property=\"og:image:height\" content=\"1240\" \/>\n\t<meta property=\"og:image:type\" content=\"image\/jpeg\" \/>\n<meta name=\"author\" content=\"Ola Wojnarowska\" \/>\n<meta name=\"twitter:card\" content=\"summary_large_image\" \/>\n<meta name=\"twitter:label1\" content=\"Napisane przez\" \/>\n\t<meta name=\"twitter:data1\" content=\"Ola Wojnarowska\" \/>\n\t<meta name=\"twitter:label2\" content=\"Szacowany czas czytania\" \/>\n\t<meta name=\"twitter:data2\" content=\"2 minuty\" \/>\n<script type=\"application\/ld+json\" class=\"yoast-schema-graph\">{\"@context\":\"https:\/\/schema.org\",\"@graph\":[{\"@type\":\"WebPage\",\"@id\":\"https:\/\/www.bikotech.pl\/index.php\/2023\/03\/16\/krajowa-grupa-spozywcza-wielkie-oczekiwania-wobec-panstwowego-podmiotu\/\",\"url\":\"https:\/\/www.bikotech.pl\/index.php\/2023\/03\/16\/krajowa-grupa-spozywcza-wielkie-oczekiwania-wobec-panstwowego-podmiotu\/\",\"name\":\"Krajowa Grupa Spo\u017cywcza: wielkie oczekiwania wobec pa\u0144stwowego podmiotu | bikotech.pl\",\"isPartOf\":{\"@id\":\"https:\/\/www.bikotech.pl\/#website\"},\"datePublished\":\"2023-03-16T08:47:27+00:00\",\"dateModified\":\"2023-03-16T08:47:44+00:00\",\"author\":{\"@id\":\"https:\/\/www.bikotech.pl\/#\/schema\/person\/a7613f8d8180fa66033a28be3f87db21\"},\"breadcrumb\":{\"@id\":\"https:\/\/www.bikotech.pl\/index.php\/2023\/03\/16\/krajowa-grupa-spozywcza-wielkie-oczekiwania-wobec-panstwowego-podmiotu\/#breadcrumb\"},\"inLanguage\":\"pl-PL\",\"potentialAction\":[{\"@type\":\"ReadAction\",\"target\":[\"https:\/\/www.bikotech.pl\/index.php\/2023\/03\/16\/krajowa-grupa-spozywcza-wielkie-oczekiwania-wobec-panstwowego-podmiotu\/\"]}]},{\"@type\":\"BreadcrumbList\",\"@id\":\"https:\/\/www.bikotech.pl\/index.php\/2023\/03\/16\/krajowa-grupa-spozywcza-wielkie-oczekiwania-wobec-panstwowego-podmiotu\/#breadcrumb\",\"itemListElement\":[{\"@type\":\"ListItem\",\"position\":1,\"name\":\"Strona g\u0142\u00f3wna\",\"item\":\"https:\/\/www.bikotech.pl\/\"},{\"@type\":\"ListItem\",\"position\":2,\"name\":\"Krajowa Grupa Spo\u017cywcza: wielkie oczekiwania wobec pa\u0144stwowego podmiotu\"}]},{\"@type\":\"WebSite\",\"@id\":\"https:\/\/www.bikotech.pl\/#website\",\"url\":\"https:\/\/www.bikotech.pl\/\",\"name\":\"bikotech.pl\",\"description\":\"Innowacje, \u015brodowisko, technologie  - prosto i z sensem o przemy\u015ble spo\u017cywczym\",\"potentialAction\":[{\"@type\":\"SearchAction\",\"target\":{\"@type\":\"EntryPoint\",\"urlTemplate\":\"https:\/\/www.bikotech.pl\/?s={search_term_string}\"},\"query-input\":\"required name=search_term_string\"}],\"inLanguage\":\"pl-PL\"},{\"@type\":\"Person\",\"@id\":\"https:\/\/www.bikotech.pl\/#\/schema\/person\/a7613f8d8180fa66033a28be3f87db21\",\"name\":\"Ola Wojnarowska\",\"image\":{\"@type\":\"ImageObject\",\"inLanguage\":\"pl-PL\",\"@id\":\"https:\/\/www.bikotech.pl\/#\/schema\/person\/image\/\",\"url\":\"https:\/\/secure.gravatar.com\/avatar\/64d6402adc862d9de7f648ddc7bc25eaacda07271c0660d3fb3c5297d799c420?s=96&d=mm&r=g\",\"contentUrl\":\"https:\/\/secure.gravatar.com\/avatar\/64d6402adc862d9de7f648ddc7bc25eaacda07271c0660d3fb3c5297d799c420?s=96&d=mm&r=g\",\"caption\":\"Ola Wojnarowska\"},\"sameAs\":[\"http:\/\/bikotech.pl\"],\"url\":\"https:\/\/www.bikotech.pl\/index.php\/author\/ola\/\"}]}<\/script>\n<!-- \/ Yoast SEO plugin. -->","yoast_head_json":{"title":"Krajowa Grupa Spo\u017cywcza: wielkie oczekiwania wobec pa\u0144stwowego podmiotu | bikotech.pl","robots":{"index":"index","follow":"follow","max-snippet":"max-snippet:-1","max-image-preview":"max-image-preview:large","max-video-preview":"max-video-preview:-1"},"canonical":"https:\/\/www.bikotech.pl\/index.php\/2023\/03\/16\/krajowa-grupa-spozywcza-wielkie-oczekiwania-wobec-panstwowego-podmiotu\/","og_locale":"pl_PL","og_type":"article","og_title":"Krajowa Grupa Spo\u017cywcza: wielkie oczekiwania wobec pa\u0144stwowego podmiotu | bikotech.pl","og_description":"15 marca 2023 mia\u0142o miejsce posiedzenie Rady ds. Rolnictwa i Obszar\u00f3w Wiejskich przy Prezydencie RP. Jan Krzysztof Ardanowski relacjonuj\u0105c posiedzenie Rady, wskaza\u0142 \u017ce \u201eod KGS oczekuje si\u0119 r\u00f3wnie\u017c zapobiegania panice na rynku \u017cywno\u015bciowym, takiej jak niedawno obserwowali\u015bmy na rynku cukru, mas\u0142a czy paliwa\u201d. \u2013 S\u0105dzimy, \u017ce Grupa wymaga wsparcia, ale nawet w obecnym stanie mo\u017ce [&hellip;]","og_url":"https:\/\/www.bikotech.pl\/index.php\/2023\/03\/16\/krajowa-grupa-spozywcza-wielkie-oczekiwania-wobec-panstwowego-podmiotu\/","og_site_name":"bikotech.pl","article_published_time":"2023-03-16T08:47:27+00:00","article_modified_time":"2023-03-16T08:47:44+00:00","og_image":[{"width":1748,"height":1240,"url":"https:\/\/www.bikotech.pl\/wp-content\/uploads\/2023\/03\/grafiki-do-agro-1-1.jpg","type":"image\/jpeg"}],"author":"Ola Wojnarowska","twitter_card":"summary_large_image","twitter_misc":{"Napisane przez":"Ola Wojnarowska","Szacowany czas czytania":"2 minuty"},"schema":{"@context":"https:\/\/schema.org","@graph":[{"@type":"WebPage","@id":"https:\/\/www.bikotech.pl\/index.php\/2023\/03\/16\/krajowa-grupa-spozywcza-wielkie-oczekiwania-wobec-panstwowego-podmiotu\/","url":"https:\/\/www.bikotech.pl\/index.php\/2023\/03\/16\/krajowa-grupa-spozywcza-wielkie-oczekiwania-wobec-panstwowego-podmiotu\/","name":"Krajowa Grupa Spo\u017cywcza: wielkie oczekiwania wobec pa\u0144stwowego podmiotu | bikotech.pl","isPartOf":{"@id":"https:\/\/www.bikotech.pl\/#website"},"datePublished":"2023-03-16T08:47:27+00:00","dateModified":"2023-03-16T08:47:44+00:00","author":{"@id":"https:\/\/www.bikotech.pl\/#\/schema\/person\/a7613f8d8180fa66033a28be3f87db21"},"breadcrumb":{"@id":"https:\/\/www.bikotech.pl\/index.php\/2023\/03\/16\/krajowa-grupa-spozywcza-wielkie-oczekiwania-wobec-panstwowego-podmiotu\/#breadcrumb"},"inLanguage":"pl-PL","potentialAction":[{"@type":"ReadAction","target":["https:\/\/www.bikotech.pl\/index.php\/2023\/03\/16\/krajowa-grupa-spozywcza-wielkie-oczekiwania-wobec-panstwowego-podmiotu\/"]}]},{"@type":"BreadcrumbList","@id":"https:\/\/www.bikotech.pl\/index.php\/2023\/03\/16\/krajowa-grupa-spozywcza-wielkie-oczekiwania-wobec-panstwowego-podmiotu\/#breadcrumb","itemListElement":[{"@type":"ListItem","position":1,"name":"Strona g\u0142\u00f3wna","item":"https:\/\/www.bikotech.pl\/"},{"@type":"ListItem","position":2,"name":"Krajowa Grupa Spo\u017cywcza: wielkie oczekiwania wobec pa\u0144stwowego podmiotu"}]},{"@type":"WebSite","@id":"https:\/\/www.bikotech.pl\/#website","url":"https:\/\/www.bikotech.pl\/","name":"bikotech.pl","description":"Innowacje, \u015brodowisko, technologie  - prosto i z sensem o przemy\u015ble spo\u017cywczym","potentialAction":[{"@type":"SearchAction","target":{"@type":"EntryPoint","urlTemplate":"https:\/\/www.bikotech.pl\/?s={search_term_string}"},"query-input":"required name=search_term_string"}],"inLanguage":"pl-PL"},{"@type":"Person","@id":"https:\/\/www.bikotech.pl\/#\/schema\/person\/a7613f8d8180fa66033a28be3f87db21","name":"Ola Wojnarowska","image":{"@type":"ImageObject","inLanguage":"pl-PL","@id":"https:\/\/www.bikotech.pl\/#\/schema\/person\/image\/","url":"https:\/\/secure.gravatar.com\/avatar\/64d6402adc862d9de7f648ddc7bc25eaacda07271c0660d3fb3c5297d799c420?s=96&d=mm&r=g","contentUrl":"https:\/\/secure.gravatar.com\/avatar\/64d6402adc862d9de7f648ddc7bc25eaacda07271c0660d3fb3c5297d799c420?s=96&d=mm&r=g","caption":"Ola Wojnarowska"},"sameAs":["http:\/\/bikotech.pl"],"url":"https:\/\/www.bikotech.pl\/index.php\/author\/ola\/"}]}},"_links":{"self":[{"href":"https:\/\/www.bikotech.pl\/index.php\/wp-json\/wp\/v2\/posts\/19399","targetHints":{"allow":["GET"]}}],"collection":[{"href":"https:\/\/www.bikotech.pl\/index.php\/wp-json\/wp\/v2\/posts"}],"about":[{"href":"https:\/\/www.bikotech.pl\/index.php\/wp-json\/wp\/v2\/types\/post"}],"author":[{"embeddable":true,"href":"https:\/\/www.bikotech.pl\/index.php\/wp-json\/wp\/v2\/users\/2"}],"replies":[{"embeddable":true,"href":"https:\/\/www.bikotech.pl\/index.php\/wp-json\/wp\/v2\/comments?post=19399"}],"version-history":[{"count":2,"href":"https:\/\/www.bikotech.pl\/index.php\/wp-json\/wp\/v2\/posts\/19399\/revisions"}],"predecessor-version":[{"id":19402,"href":"https:\/\/www.bikotech.pl\/index.php\/wp-json\/wp\/v2\/posts\/19399\/revisions\/19402"}],"wp:featuredmedia":[{"embeddable":true,"href":"https:\/\/www.bikotech.pl\/index.php\/wp-json\/wp\/v2\/media\/19400"}],"wp:attachment":[{"href":"https:\/\/www.bikotech.pl\/index.php\/wp-json\/wp\/v2\/media?parent=19399"}],"wp:term":[{"taxonomy":"category","embeddable":true,"href":"https:\/\/www.bikotech.pl\/index.php\/wp-json\/wp\/v2\/categories?post=19399"},{"taxonomy":"post_tag","embeddable":true,"href":"https:\/\/www.bikotech.pl\/index.php\/wp-json\/wp\/v2\/tags?post=19399"}],"curies":[{"name":"wp","href":"https:\/\/api.w.org\/{rel}","templated":true}]}}