{"id":19193,"date":"2023-02-28T10:26:59","date_gmt":"2023-02-28T09:26:59","guid":{"rendered":"https:\/\/www.agroindustry.pl\/?p=19193"},"modified":"2023-02-28T10:32:13","modified_gmt":"2023-02-28T09:32:13","slug":"nowe-regulacje-dot-energetykow-eksperci-nie-idzmy-ta-droga","status":"publish","type":"post","link":"https:\/\/www.bikotech.pl\/index.php\/2023\/02\/28\/nowe-regulacje-dot-energetykow-eksperci-nie-idzmy-ta-droga\/","title":{"rendered":"Nowe regulacje dot. energetyk\u00f3w. Eksperci: nie id\u017amy t\u0105 drog\u0105"},"content":{"rendered":"\n<p>9 lutego 2023r. w Sejmie z\u0142o\u017cono projekt nowelizacji ustawy o zdrowiu publicznym, zakazuj\u0105cy sprzeda\u017cy osobom niepe\u0142noletnim napoj\u00f3w energetyzuj\u0105cych. Tego rodzaju napoj\u00f3w nie b\u0119dzie mo\u017cna sprzedawa\u0107 r\u00f3wnie\u017c na terenie szk\u00f3\u0142 i plac\u00f3wek o\u015bwiatowych. Kolejny zakaz dotyczy reklam telewizyjnych, kt\u00f3re nie b\u0119d\u0105 mog\u0142y by\u0107 emitowane mi\u0119dzy godzinami 6 a 22. O ile problem nadu\u017cywania przez dzieci i m\u0142odzie\u017c  napoj\u00f3w, zawieraj\u0105cych substancje pobudzaj\u0105ce jak tauryna i kofeina, nie mo\u017ce by\u0107 bagatelizowany, o tyle pr\u00f3ba zast\u0105pienia edukacji restrykcyjn\u0105 regulacj\u0105 w ocenie ekspert\u00f3w Instytutu Staszica jest niecelowa i nie przyniesie po\u017c\u0105danych skutk\u00f3w.<\/p>\n\n\n\n<h2 class=\"wp-block-heading\">Nadregulacje i wybi\u00f3rcze traktowanie przedsi\u0119biorc\u00f3w<\/h2>\n\n\n\n<p><br> Na cenzurowanym znale\u017ali si\u0119 producenci jednego rodzaju napoj\u00f3w, kt\u00f3re zawieraj\u0105 kofein\u0119 \/ tauryn\u0119. Trudno powiedzie\u0107, dlaczego projektodawcy nie widz\u0105 zagro\u017cenia w sprzeda\u017cy m\u0142odzie\u017cy np. napoj\u00f3w gazowanych z dodatkiem kofeiny czy po prostu kawy. Uchwalenie wnioskowanych przepis\u00f3w doprowadzi\u0142oby do kuriozalnej sytuacji, w kt\u00f3rej szesnastolatek nie m\u00f3g\u0142by kupi\u0107 napoju energetyzuj\u0105cego, ale bez przeszk\u00f3d zam\u00f3wi mocn\u0105 kaw\u0119 i nab\u0119dzie suplement diety, zawieraj\u0105cy pobudzaj\u0105ce substancje. W puszce napoju energetyzuj\u0105cego znajduje si\u0119 mniejsza zawarto\u015b\u0107 kofeiny, ni\u017c w fili\u017cance espresso.<\/p>\n\n\n\n<h2 class=\"wp-block-heading\"><br><br>Zakaz reklamy \u2013 martwy przepis?<\/h2>\n\n\n\n<p><\/p>\n\n\n\n<p><br>Reklama telewizyjna nie jest w obecnej dobie najwa\u017cniejszym kana\u0142em dotarcia w szczeg\u00f3lno\u015bci do m\u0142odych odbiorc\u00f3w. Projektodawcy skupili si\u0119 na wybranych, w\u0105skich kana\u0142ach, nie dostrzegaj\u0105c, \u017ce w ten spos\u00f3b podejmuj\u0105 dzia\u0142ania pozorne.<br>Bran\u017ca producencka deklaruje, \u017ce niezale\u017cnie od obecnych obowi\u0105zk\u00f3w ustawowych, stosuje Kodeks Znakowania i Marketingu Napoj\u00f3w Energetycznych, kt\u00f3ry wyra\u017anie zabrania kierowania do dzieci wszelkiego rodzaju marketingu, reklamy i promocji napoj\u00f3w energetyzuj\u0105cych. Jednocze\u015bnie zapisy o nieprowadzeniu dzia\u0142a\u0144 reklamowych skierowanych do dzieci zawarte s\u0105 w samoregulacji reklamy \u017cywno\u015bci wpisanej do Kodeksu Etyki Reklamy. W ocenie ekspert\u00f3w Instytutu Staszica s\u0105 to dzia\u0142ania niewystarczaj\u0105ce \u2013 bran\u017ca powinna wsp\u00f3lnie podj\u0105\u0107 szerok\u0105 akcj\u0119 edukacyjn\u0105, ostrzegaj\u0105c\u0105 wszystkich konsument\u00f3w, nie tylko m\u0142odych, przed skutkami nadu\u017cywania napoj\u00f3w zawieraj\u0105cych tauryn\u0119 i kofein\u0119. Nie tylko napoj\u00f3w energetyzuj\u0105cych, nies\u0142usznie wskazywanych jako jedyne \u017ar\u00f3d\u0142o zagro\u017ce\u0144 zwi\u0105zanych z przekraczaniem dobowych dawek tego rodzaju substancji. Pa\u0144stwo za\u015b, zamiast szykowa\u0107 bezskuteczne zakazy, powinno w takich dzia\u0142aniach dopom\u00f3c.<\/p>\n\n\n\n<h2 class=\"wp-block-heading\"><br>Najbardziej restrykcyjne przepisy w Europie<\/h2>\n\n\n\n<p><br>Z raportu Indicator  opracowanego w lutym br. wynika, \u017ce w Unii Europejskiej nie ma odr\u0119bnych regulacji dotycz\u0105cych rynku sprzeda\u017cy napoj\u00f3w energetyzuj\u0105cych. Niekt\u00f3re pa\u0144stwa cz\u0142onkowskie wprowadzi\u0142y w\u0142asne szczeg\u00f3\u0142owe przepisy dotycz\u0105ce definicji i regulacji sprzeda\u017cy oraz promocji tych\u017ce produkt\u00f3w lub ustanowi\u0142y zasady dotycz\u0105ce sk\u0142adu takich napoj\u00f3w poprzez odpowiednie wytyczne. Jeszcze inne kraje europejskie stosuj\u0105 og\u00f3lne przepisy prawne dotycz\u0105ce dodawania witamin i innych substancji do \u017cywno\u015bci, kt\u00f3re maj\u0105 zastosowanie r\u00f3wnie\u017c do napoj\u00f3w energetyzuj\u0105cych.<br>Spo\u015br\u00f3d europejskich kraj\u00f3w, ograniczenia stosuj\u0105 jedynie Finlandia, w kt\u00f3rej napoj\u00f3w energetyzuj\u0105cych nie kupi legalnie osoba poni\u017cej szesnastego roku \u017cycia i \u0141otwa \u2013 z zakazem sprzeda\u017cy osobom niepe\u0142noletnim. Co ciekawe, w Norwegii prowadzono konsultacje dotycz\u0105ce wprowadzenia ustawowej granicy wieku, reguluj\u0105cej mo\u017cliwo\u015b\u0107 zakupu napoj\u00f3w energetyzuj\u0105cych, ale uznano, \u017ce taki \u015brodek zapobiegawczy nie jest proporcjonalny i zasadny.<\/p>\n\n\n\n<p><br>Polska wprowadzi\u0142aby zatem najbardziej restrykcyjne prawo w Europie. Ograniczenia, kt\u00f3re stosuj\u0105 poszczeg\u00f3lne pa\u0144stwa cz\u0142onkowskie, dotycz\u0105 maksymalnej zawarto\u015bci kofeiny \/ tauryny w napoju oraz mo\u017cliwo\u015bci reklamowania napoj\u00f3w energetyzuj\u0105cych. <br><\/p>\n\n\n\n<p>Wprowadzenie odg\u00f3rnego zakazu sprzeda\u017cy napoj\u00f3w energetyzuj\u0105cych osobom niepe\u0142noletnim b\u0119dzie mie\u0107 jeszcze jeden aspekt, zdecydowanie sprzeczny z intencjami projektodawc\u00f3w: uczyni z nich \u201ezakazany owoc\u201d i zach\u0119ci m\u0142odych ludzi do obchodzenia przepis\u00f3w narzuconych przez pa\u0144stwo. W takiej sytuacji efekt wszelkich odg\u00f3rnych dzia\u0142a\u0144, u\u015bwiadamiaj\u0105cych szkodliwo\u015b\u0107 nadu\u017cywania kofeiny, b\u0119dzie znacznie os\u0142abiony.<\/p>\n\n\n\n<p>Autor:<\/p>\n\n\n\n<p>Eksperci Instytutu Staszica<\/p>\n","protected":false},"excerpt":{"rendered":"<p>9 lutego 2023r. w Sejmie z\u0142o\u017cono projekt nowelizacji ustawy o zdrowiu publicznym, zakazuj\u0105cy sprzeda\u017cy osobom niepe\u0142noletnim napoj\u00f3w energetyzuj\u0105cych. Tego rodzaju napoj\u00f3w nie b\u0119dzie mo\u017cna sprzedawa\u0107 r\u00f3wnie\u017c na terenie szk\u00f3\u0142 i plac\u00f3wek o\u015bwiatowych. Kolejny zakaz dotyczy reklam telewizyjnych, kt\u00f3re nie b\u0119d\u0105 mog\u0142y by\u0107 emitowane mi\u0119dzy godzinami 6 a 22. O ile problem nadu\u017cywania przez dzieci i [&hellip;]<\/p>\n","protected":false},"author":2,"featured_media":19194,"comment_status":"open","ping_status":"open","sticky":false,"template":"","format":"standard","meta":{"footnotes":""},"categories":[5,1025,1003,1027,1016,992],"tags":[],"class_list":["post-19193","post","type-post","status-publish","format-standard","has-post-thumbnail","hentry","category-napoje-nektary-wody-oraz-soki","category-odpowiedzialnosc-biznesu","category-opinie","category-prawo","category-suplementy-nutri","category-zdrowie"],"yoast_head":"<!-- This site is optimized with the Yoast SEO plugin v20.2.1 - https:\/\/yoast.com\/wordpress\/plugins\/seo\/ -->\n<title>Nowe regulacje dot. energetyk\u00f3w. Eksperci: nie id\u017amy t\u0105 drog\u0105 | bikotech.pl<\/title>\n<meta name=\"robots\" content=\"index, follow, max-snippet:-1, max-image-preview:large, max-video-preview:-1\" \/>\n<link rel=\"canonical\" href=\"https:\/\/www.bikotech.pl\/index.php\/2023\/02\/28\/nowe-regulacje-dot-energetykow-eksperci-nie-idzmy-ta-droga\/\" \/>\n<meta property=\"og:locale\" content=\"pl_PL\" \/>\n<meta property=\"og:type\" content=\"article\" \/>\n<meta property=\"og:title\" content=\"Nowe regulacje dot. energetyk\u00f3w. Eksperci: nie id\u017amy t\u0105 drog\u0105 | bikotech.pl\" \/>\n<meta property=\"og:description\" content=\"9 lutego 2023r. w Sejmie z\u0142o\u017cono projekt nowelizacji ustawy o zdrowiu publicznym, zakazuj\u0105cy sprzeda\u017cy osobom niepe\u0142noletnim napoj\u00f3w energetyzuj\u0105cych. Tego rodzaju napoj\u00f3w nie b\u0119dzie mo\u017cna sprzedawa\u0107 r\u00f3wnie\u017c na terenie szk\u00f3\u0142 i plac\u00f3wek o\u015bwiatowych. Kolejny zakaz dotyczy reklam telewizyjnych, kt\u00f3re nie b\u0119d\u0105 mog\u0142y by\u0107 emitowane mi\u0119dzy godzinami 6 a 22. O ile problem nadu\u017cywania przez dzieci i [&hellip;]\" \/>\n<meta property=\"og:url\" content=\"https:\/\/www.bikotech.pl\/index.php\/2023\/02\/28\/nowe-regulacje-dot-energetykow-eksperci-nie-idzmy-ta-droga\/\" \/>\n<meta property=\"og:site_name\" content=\"bikotech.pl\" \/>\n<meta property=\"article:published_time\" content=\"2023-02-28T09:26:59+00:00\" \/>\n<meta property=\"article:modified_time\" content=\"2023-02-28T09:32:13+00:00\" \/>\n<meta property=\"og:image\" content=\"https:\/\/www.bikotech.pl\/wp-content\/uploads\/2023\/02\/grafiki-do-agro-1-2.jpg\" \/>\n\t<meta property=\"og:image:width\" content=\"1748\" \/>\n\t<meta property=\"og:image:height\" content=\"1240\" \/>\n\t<meta property=\"og:image:type\" content=\"image\/jpeg\" \/>\n<meta name=\"author\" content=\"Ola Wojnarowska\" \/>\n<meta name=\"twitter:card\" content=\"summary_large_image\" \/>\n<meta name=\"twitter:label1\" content=\"Napisane przez\" \/>\n\t<meta name=\"twitter:data1\" content=\"Ola Wojnarowska\" \/>\n\t<meta name=\"twitter:label2\" content=\"Szacowany czas czytania\" \/>\n\t<meta name=\"twitter:data2\" content=\"3 minuty\" \/>\n<script type=\"application\/ld+json\" class=\"yoast-schema-graph\">{\"@context\":\"https:\/\/schema.org\",\"@graph\":[{\"@type\":\"WebPage\",\"@id\":\"https:\/\/www.bikotech.pl\/index.php\/2023\/02\/28\/nowe-regulacje-dot-energetykow-eksperci-nie-idzmy-ta-droga\/\",\"url\":\"https:\/\/www.bikotech.pl\/index.php\/2023\/02\/28\/nowe-regulacje-dot-energetykow-eksperci-nie-idzmy-ta-droga\/\",\"name\":\"Nowe regulacje dot. energetyk\u00f3w. Eksperci: nie id\u017amy t\u0105 drog\u0105 | bikotech.pl\",\"isPartOf\":{\"@id\":\"https:\/\/www.bikotech.pl\/#website\"},\"datePublished\":\"2023-02-28T09:26:59+00:00\",\"dateModified\":\"2023-02-28T09:32:13+00:00\",\"author\":{\"@id\":\"https:\/\/www.bikotech.pl\/#\/schema\/person\/a7613f8d8180fa66033a28be3f87db21\"},\"breadcrumb\":{\"@id\":\"https:\/\/www.bikotech.pl\/index.php\/2023\/02\/28\/nowe-regulacje-dot-energetykow-eksperci-nie-idzmy-ta-droga\/#breadcrumb\"},\"inLanguage\":\"pl-PL\",\"potentialAction\":[{\"@type\":\"ReadAction\",\"target\":[\"https:\/\/www.bikotech.pl\/index.php\/2023\/02\/28\/nowe-regulacje-dot-energetykow-eksperci-nie-idzmy-ta-droga\/\"]}]},{\"@type\":\"BreadcrumbList\",\"@id\":\"https:\/\/www.bikotech.pl\/index.php\/2023\/02\/28\/nowe-regulacje-dot-energetykow-eksperci-nie-idzmy-ta-droga\/#breadcrumb\",\"itemListElement\":[{\"@type\":\"ListItem\",\"position\":1,\"name\":\"Strona g\u0142\u00f3wna\",\"item\":\"https:\/\/www.bikotech.pl\/\"},{\"@type\":\"ListItem\",\"position\":2,\"name\":\"Nowe regulacje dot. energetyk\u00f3w. Eksperci: nie id\u017amy t\u0105 drog\u0105\"}]},{\"@type\":\"WebSite\",\"@id\":\"https:\/\/www.bikotech.pl\/#website\",\"url\":\"https:\/\/www.bikotech.pl\/\",\"name\":\"bikotech.pl\",\"description\":\"Innowacje, \u015brodowisko, technologie  - prosto i z sensem o przemy\u015ble spo\u017cywczym\",\"potentialAction\":[{\"@type\":\"SearchAction\",\"target\":{\"@type\":\"EntryPoint\",\"urlTemplate\":\"https:\/\/www.bikotech.pl\/?s={search_term_string}\"},\"query-input\":\"required name=search_term_string\"}],\"inLanguage\":\"pl-PL\"},{\"@type\":\"Person\",\"@id\":\"https:\/\/www.bikotech.pl\/#\/schema\/person\/a7613f8d8180fa66033a28be3f87db21\",\"name\":\"Ola Wojnarowska\",\"image\":{\"@type\":\"ImageObject\",\"inLanguage\":\"pl-PL\",\"@id\":\"https:\/\/www.bikotech.pl\/#\/schema\/person\/image\/\",\"url\":\"https:\/\/secure.gravatar.com\/avatar\/64d6402adc862d9de7f648ddc7bc25eaacda07271c0660d3fb3c5297d799c420?s=96&d=mm&r=g\",\"contentUrl\":\"https:\/\/secure.gravatar.com\/avatar\/64d6402adc862d9de7f648ddc7bc25eaacda07271c0660d3fb3c5297d799c420?s=96&d=mm&r=g\",\"caption\":\"Ola Wojnarowska\"},\"sameAs\":[\"http:\/\/bikotech.pl\"],\"url\":\"https:\/\/www.bikotech.pl\/index.php\/author\/ola\/\"}]}<\/script>\n<!-- \/ Yoast SEO plugin. -->","yoast_head_json":{"title":"Nowe regulacje dot. energetyk\u00f3w. Eksperci: nie id\u017amy t\u0105 drog\u0105 | bikotech.pl","robots":{"index":"index","follow":"follow","max-snippet":"max-snippet:-1","max-image-preview":"max-image-preview:large","max-video-preview":"max-video-preview:-1"},"canonical":"https:\/\/www.bikotech.pl\/index.php\/2023\/02\/28\/nowe-regulacje-dot-energetykow-eksperci-nie-idzmy-ta-droga\/","og_locale":"pl_PL","og_type":"article","og_title":"Nowe regulacje dot. energetyk\u00f3w. Eksperci: nie id\u017amy t\u0105 drog\u0105 | bikotech.pl","og_description":"9 lutego 2023r. w Sejmie z\u0142o\u017cono projekt nowelizacji ustawy o zdrowiu publicznym, zakazuj\u0105cy sprzeda\u017cy osobom niepe\u0142noletnim napoj\u00f3w energetyzuj\u0105cych. Tego rodzaju napoj\u00f3w nie b\u0119dzie mo\u017cna sprzedawa\u0107 r\u00f3wnie\u017c na terenie szk\u00f3\u0142 i plac\u00f3wek o\u015bwiatowych. Kolejny zakaz dotyczy reklam telewizyjnych, kt\u00f3re nie b\u0119d\u0105 mog\u0142y by\u0107 emitowane mi\u0119dzy godzinami 6 a 22. O ile problem nadu\u017cywania przez dzieci i [&hellip;]","og_url":"https:\/\/www.bikotech.pl\/index.php\/2023\/02\/28\/nowe-regulacje-dot-energetykow-eksperci-nie-idzmy-ta-droga\/","og_site_name":"bikotech.pl","article_published_time":"2023-02-28T09:26:59+00:00","article_modified_time":"2023-02-28T09:32:13+00:00","og_image":[{"width":1748,"height":1240,"url":"https:\/\/www.bikotech.pl\/wp-content\/uploads\/2023\/02\/grafiki-do-agro-1-2.jpg","type":"image\/jpeg"}],"author":"Ola Wojnarowska","twitter_card":"summary_large_image","twitter_misc":{"Napisane przez":"Ola Wojnarowska","Szacowany czas czytania":"3 minuty"},"schema":{"@context":"https:\/\/schema.org","@graph":[{"@type":"WebPage","@id":"https:\/\/www.bikotech.pl\/index.php\/2023\/02\/28\/nowe-regulacje-dot-energetykow-eksperci-nie-idzmy-ta-droga\/","url":"https:\/\/www.bikotech.pl\/index.php\/2023\/02\/28\/nowe-regulacje-dot-energetykow-eksperci-nie-idzmy-ta-droga\/","name":"Nowe regulacje dot. energetyk\u00f3w. Eksperci: nie id\u017amy t\u0105 drog\u0105 | bikotech.pl","isPartOf":{"@id":"https:\/\/www.bikotech.pl\/#website"},"datePublished":"2023-02-28T09:26:59+00:00","dateModified":"2023-02-28T09:32:13+00:00","author":{"@id":"https:\/\/www.bikotech.pl\/#\/schema\/person\/a7613f8d8180fa66033a28be3f87db21"},"breadcrumb":{"@id":"https:\/\/www.bikotech.pl\/index.php\/2023\/02\/28\/nowe-regulacje-dot-energetykow-eksperci-nie-idzmy-ta-droga\/#breadcrumb"},"inLanguage":"pl-PL","potentialAction":[{"@type":"ReadAction","target":["https:\/\/www.bikotech.pl\/index.php\/2023\/02\/28\/nowe-regulacje-dot-energetykow-eksperci-nie-idzmy-ta-droga\/"]}]},{"@type":"BreadcrumbList","@id":"https:\/\/www.bikotech.pl\/index.php\/2023\/02\/28\/nowe-regulacje-dot-energetykow-eksperci-nie-idzmy-ta-droga\/#breadcrumb","itemListElement":[{"@type":"ListItem","position":1,"name":"Strona g\u0142\u00f3wna","item":"https:\/\/www.bikotech.pl\/"},{"@type":"ListItem","position":2,"name":"Nowe regulacje dot. energetyk\u00f3w. Eksperci: nie id\u017amy t\u0105 drog\u0105"}]},{"@type":"WebSite","@id":"https:\/\/www.bikotech.pl\/#website","url":"https:\/\/www.bikotech.pl\/","name":"bikotech.pl","description":"Innowacje, \u015brodowisko, technologie  - prosto i z sensem o przemy\u015ble spo\u017cywczym","potentialAction":[{"@type":"SearchAction","target":{"@type":"EntryPoint","urlTemplate":"https:\/\/www.bikotech.pl\/?s={search_term_string}"},"query-input":"required name=search_term_string"}],"inLanguage":"pl-PL"},{"@type":"Person","@id":"https:\/\/www.bikotech.pl\/#\/schema\/person\/a7613f8d8180fa66033a28be3f87db21","name":"Ola Wojnarowska","image":{"@type":"ImageObject","inLanguage":"pl-PL","@id":"https:\/\/www.bikotech.pl\/#\/schema\/person\/image\/","url":"https:\/\/secure.gravatar.com\/avatar\/64d6402adc862d9de7f648ddc7bc25eaacda07271c0660d3fb3c5297d799c420?s=96&d=mm&r=g","contentUrl":"https:\/\/secure.gravatar.com\/avatar\/64d6402adc862d9de7f648ddc7bc25eaacda07271c0660d3fb3c5297d799c420?s=96&d=mm&r=g","caption":"Ola Wojnarowska"},"sameAs":["http:\/\/bikotech.pl"],"url":"https:\/\/www.bikotech.pl\/index.php\/author\/ola\/"}]}},"_links":{"self":[{"href":"https:\/\/www.bikotech.pl\/index.php\/wp-json\/wp\/v2\/posts\/19193","targetHints":{"allow":["GET"]}}],"collection":[{"href":"https:\/\/www.bikotech.pl\/index.php\/wp-json\/wp\/v2\/posts"}],"about":[{"href":"https:\/\/www.bikotech.pl\/index.php\/wp-json\/wp\/v2\/types\/post"}],"author":[{"embeddable":true,"href":"https:\/\/www.bikotech.pl\/index.php\/wp-json\/wp\/v2\/users\/2"}],"replies":[{"embeddable":true,"href":"https:\/\/www.bikotech.pl\/index.php\/wp-json\/wp\/v2\/comments?post=19193"}],"version-history":[{"count":2,"href":"https:\/\/www.bikotech.pl\/index.php\/wp-json\/wp\/v2\/posts\/19193\/revisions"}],"predecessor-version":[{"id":19196,"href":"https:\/\/www.bikotech.pl\/index.php\/wp-json\/wp\/v2\/posts\/19193\/revisions\/19196"}],"wp:featuredmedia":[{"embeddable":true,"href":"https:\/\/www.bikotech.pl\/index.php\/wp-json\/wp\/v2\/media\/19194"}],"wp:attachment":[{"href":"https:\/\/www.bikotech.pl\/index.php\/wp-json\/wp\/v2\/media?parent=19193"}],"wp:term":[{"taxonomy":"category","embeddable":true,"href":"https:\/\/www.bikotech.pl\/index.php\/wp-json\/wp\/v2\/categories?post=19193"},{"taxonomy":"post_tag","embeddable":true,"href":"https:\/\/www.bikotech.pl\/index.php\/wp-json\/wp\/v2\/tags?post=19193"}],"curies":[{"name":"wp","href":"https:\/\/api.w.org\/{rel}","templated":true}]}}