{"id":16116,"date":"2022-05-16T08:35:00","date_gmt":"2022-05-16T06:35:00","guid":{"rendered":"https:\/\/www.agroindustry.pl\/?p=16116"},"modified":"2022-05-18T10:55:16","modified_gmt":"2022-05-18T08:55:16","slug":"euroforum-mleczarstwa","status":"publish","type":"post","link":"https:\/\/www.bikotech.pl\/index.php\/2022\/05\/16\/euroforum-mleczarstwa\/","title":{"rendered":"Euroforum Mleczarstwa &#8211; nasza relacja"},"content":{"rendered":"\n<p>16 maja 2022 roku w hotelu Windsor w Jachrance rozpocz\u0119\u0142o si\u0119 XV Euroforum Polskiego Mleczarstwa. To wyj\u0105tkowe, cykliczne wydarzenie na mleczarskiej mapie Polski, w kt\u00f3rym bior\u0105 udzia\u0142 przetw\u00f3rcy mleka, liczne grono pracownik\u00f3w nauki zwi\u0105zanych z przemys\u0142em mleczarskim oraz&nbsp; przedstawiciele organizacji i medi\u00f3w bran\u017cowych. <\/p>\n\n\n\n<figure class=\"wp-block-image size-large\"><img loading=\"lazy\" decoding=\"async\" width=\"1024\" height=\"683\" src=\"https:\/\/www.bikotech.pl\/wp-content\/uploads\/2022\/05\/agroindustry_jachranka_22_mleko-1.jpg\" alt=\"\" class=\"wp-image-16645\" srcset=\"https:\/\/www.bikotech.pl\/wp-content\/uploads\/2022\/05\/agroindustry_jachranka_22_mleko-1.jpg 1024w, https:\/\/www.bikotech.pl\/wp-content\/uploads\/2022\/05\/agroindustry_jachranka_22_mleko-1-300x200.jpg 300w, https:\/\/www.bikotech.pl\/wp-content\/uploads\/2022\/05\/agroindustry_jachranka_22_mleko-1-768x512.jpg 768w, https:\/\/www.bikotech.pl\/wp-content\/uploads\/2022\/05\/agroindustry_jachranka_22_mleko-1-150x100.jpg 150w\" sizes=\"auto, (max-width: 1024px) 100vw, 1024px\" \/><figcaption>W trakcie panelu go odby\u0142a si\u0119 gor\u0105ca debata z udzia\u0142em Paw\u0142a Ku\u017amy, dyrektora Departamentu Przewagi Kontraktowej UoKiK (po prawej). Mleczarze kwestionowali zasadno\u015b\u0107 w\u0142\u0105czenia sp\u00f3\u0142dzielczo\u015bci do przepis\u00f3w dotycz\u0105cych przeciwdzia\u0142aniu nieuczciwemu wykorzystywaniu przewagi kontraktowej. Dyrektor Ku\u017ama odpiera\u0142 zarzuty twierdz\u0105c, \u017ce definicja dostawcy i nabywcy nie przewiduje \u017cadnych wy\u0142\u0105cze\u0144.<\/figcaption><\/figure>\n\n\n\n<div class=\"wp-block-image\"><figure class=\"aligncenter size-large is-resized\"><img loading=\"lazy\" decoding=\"async\" src=\"https:\/\/www.bikotech.pl\/wp-content\/uploads\/2022\/05\/agroindustry_jachranka_22_mleko-9.jpg\" alt=\"\" class=\"wp-image-16653\" width=\"314\" height=\"471\" srcset=\"https:\/\/www.bikotech.pl\/wp-content\/uploads\/2022\/05\/agroindustry_jachranka_22_mleko-9.jpg 512w, https:\/\/www.bikotech.pl\/wp-content\/uploads\/2022\/05\/agroindustry_jachranka_22_mleko-9-200x300.jpg 200w, https:\/\/www.bikotech.pl\/wp-content\/uploads\/2022\/05\/agroindustry_jachranka_22_mleko-9-100x150.jpg 100w\" sizes=\"auto, (max-width: 314px) 100vw, 314px\" \/><figcaption>Niezmiernie ciekaw\u0105 prelekcj\u0119, dotycz\u0105c\u0105 inflacji i gospodarczych skutk\u00f3w covid i wojny zaprezentowa\u0142a Marta Petka- Zagajewska z PKO BP.<\/figcaption><\/figure><\/div>\n\n\n\n<div class=\"wp-block-image\"><figure class=\"aligncenter size-large is-resized\"><img loading=\"lazy\" decoding=\"async\" src=\"https:\/\/www.bikotech.pl\/wp-content\/uploads\/2022\/05\/agro_jachranka_22-5.jpg\" alt=\"\" class=\"wp-image-16677\" width=\"360\" height=\"540\" srcset=\"https:\/\/www.bikotech.pl\/wp-content\/uploads\/2022\/05\/agro_jachranka_22-5.jpg 512w, https:\/\/www.bikotech.pl\/wp-content\/uploads\/2022\/05\/agro_jachranka_22-5-200x300.jpg 200w, https:\/\/www.bikotech.pl\/wp-content\/uploads\/2022\/05\/agro_jachranka_22-5-100x150.jpg 100w\" sizes=\"auto, (max-width: 360px) 100vw, 360px\" \/><figcaption>Jubileusz 25 lat dzia\u0142alno\u015bci polskiego komitetu FIL\/IDF by\u0142 okazj\u0105 do podsumowa\u0144 oraz do wyr\u00f3\u017cnienia \u00f3wczesnej wiceminister rolnictwa p. Marii Zwoli\u0144skiej. Bez wk\u0142adu pani minister &#8211; przekonywa\u0142 profesor Babuchowski  &#8211; nie osi\u0105gn\u0119liby\u015bmy wiele.<\/figcaption><\/figure><\/div>\n\n\n\n<figure class=\"wp-block-image size-large\"><img loading=\"lazy\" decoding=\"async\" width=\"1024\" height=\"683\" src=\"https:\/\/www.bikotech.pl\/wp-content\/uploads\/2022\/05\/agroindustry_jachranka_22_mleko-8.jpg\" alt=\"\" class=\"wp-image-16652\" srcset=\"https:\/\/www.bikotech.pl\/wp-content\/uploads\/2022\/05\/agroindustry_jachranka_22_mleko-8.jpg 1024w, https:\/\/www.bikotech.pl\/wp-content\/uploads\/2022\/05\/agroindustry_jachranka_22_mleko-8-300x200.jpg 300w, https:\/\/www.bikotech.pl\/wp-content\/uploads\/2022\/05\/agroindustry_jachranka_22_mleko-8-768x512.jpg 768w, https:\/\/www.bikotech.pl\/wp-content\/uploads\/2022\/05\/agroindustry_jachranka_22_mleko-8-150x100.jpg 150w\" sizes=\"auto, (max-width: 1024px) 100vw, 1024px\" \/><figcaption>Rafa\u0142 Andrzejewski (Tewes-bis) oraz Jacek Chudzi\u0144ski (OSM Jana) podczas rozmowy o trendach na rynku mleka<\/figcaption><\/figure>\n\n\n\n<figure class=\"wp-block-image size-large\"><img loading=\"lazy\" decoding=\"async\" width=\"1024\" height=\"683\" src=\"https:\/\/www.bikotech.pl\/wp-content\/uploads\/2022\/05\/agroindustry_jachranka_22_mleko-2.jpg\" alt=\"\" class=\"wp-image-16646\" srcset=\"https:\/\/www.bikotech.pl\/wp-content\/uploads\/2022\/05\/agroindustry_jachranka_22_mleko-2.jpg 1024w, https:\/\/www.bikotech.pl\/wp-content\/uploads\/2022\/05\/agroindustry_jachranka_22_mleko-2-300x200.jpg 300w, https:\/\/www.bikotech.pl\/wp-content\/uploads\/2022\/05\/agroindustry_jachranka_22_mleko-2-768x512.jpg 768w, https:\/\/www.bikotech.pl\/wp-content\/uploads\/2022\/05\/agroindustry_jachranka_22_mleko-2-150x100.jpg 150w\" sizes=\"auto, (max-width: 1024px) 100vw, 1024px\" \/><figcaption>Iwona Grochowska (OSM Grodzisk Mazowiecki), Ryszard Pizior (OSM W\u0142oszczowa) oraz Irena Miedzi\u0144ska (OSM Wart-Milk) wymieniaj\u0105 uwagi na temat jako\u015bci surowca do przetw\u00f3rstwa.<\/figcaption><\/figure>\n\n\n\n<figure class=\"wp-block-image size-large\"><img loading=\"lazy\" decoding=\"async\" width=\"1024\" height=\"683\" src=\"https:\/\/www.bikotech.pl\/wp-content\/uploads\/2022\/05\/agroindustry_jachranka_22_mleko-3.jpg\" alt=\"\" class=\"wp-image-16647\" srcset=\"https:\/\/www.bikotech.pl\/wp-content\/uploads\/2022\/05\/agroindustry_jachranka_22_mleko-3.jpg 1024w, https:\/\/www.bikotech.pl\/wp-content\/uploads\/2022\/05\/agroindustry_jachranka_22_mleko-3-300x200.jpg 300w, https:\/\/www.bikotech.pl\/wp-content\/uploads\/2022\/05\/agroindustry_jachranka_22_mleko-3-768x512.jpg 768w, https:\/\/www.bikotech.pl\/wp-content\/uploads\/2022\/05\/agroindustry_jachranka_22_mleko-3-150x100.jpg 150w\" sizes=\"auto, (max-width: 1024px) 100vw, 1024px\" \/><figcaption>Silna reprezentacja OSM \u0141owicz z prezes Iwon\u0105 Grochowsk\u0105 na czele <\/figcaption><\/figure>\n\n\n\n<figure class=\"wp-block-image size-large\"><img loading=\"lazy\" decoding=\"async\" width=\"1024\" height=\"683\" src=\"https:\/\/www.bikotech.pl\/wp-content\/uploads\/2022\/05\/agroindustry_jachranka_22_mleko-7.jpg\" alt=\"\" class=\"wp-image-16651\" srcset=\"https:\/\/www.bikotech.pl\/wp-content\/uploads\/2022\/05\/agroindustry_jachranka_22_mleko-7.jpg 1024w, https:\/\/www.bikotech.pl\/wp-content\/uploads\/2022\/05\/agroindustry_jachranka_22_mleko-7-300x200.jpg 300w, https:\/\/www.bikotech.pl\/wp-content\/uploads\/2022\/05\/agroindustry_jachranka_22_mleko-7-768x512.jpg 768w, https:\/\/www.bikotech.pl\/wp-content\/uploads\/2022\/05\/agroindustry_jachranka_22_mleko-7-150x100.jpg 150w\" sizes=\"auto, (max-width: 1024px) 100vw, 1024px\" \/><figcaption>Reprezentacja \u015bwiata nauki i bran\u017cowych medi\u00f3w<\/figcaption><\/figure>\n\n\n\n<figure class=\"wp-block-image size-large\"><img loading=\"lazy\" decoding=\"async\" width=\"1024\" height=\"683\" src=\"https:\/\/www.bikotech.pl\/wp-content\/uploads\/2022\/05\/agroindustry_jachranka_22_mleko-6.jpg\" alt=\"\" class=\"wp-image-16650\" srcset=\"https:\/\/www.bikotech.pl\/wp-content\/uploads\/2022\/05\/agroindustry_jachranka_22_mleko-6.jpg 1024w, https:\/\/www.bikotech.pl\/wp-content\/uploads\/2022\/05\/agroindustry_jachranka_22_mleko-6-300x200.jpg 300w, https:\/\/www.bikotech.pl\/wp-content\/uploads\/2022\/05\/agroindustry_jachranka_22_mleko-6-768x512.jpg 768w, https:\/\/www.bikotech.pl\/wp-content\/uploads\/2022\/05\/agroindustry_jachranka_22_mleko-6-150x100.jpg 150w\" sizes=\"auto, (max-width: 1024px) 100vw, 1024px\" \/><figcaption>Edward Bajko (SM Spomlek) i Arnold Reps (UWM) w trakcie wymiany uwag.<\/figcaption><\/figure>\n\n\n\n<figure class=\"wp-block-image size-large\"><img loading=\"lazy\" decoding=\"async\" width=\"1024\" height=\"683\" src=\"https:\/\/www.bikotech.pl\/wp-content\/uploads\/2022\/05\/agroindustry_jachranka_22_mleko-4.jpg\" alt=\"\" class=\"wp-image-16648\" srcset=\"https:\/\/www.bikotech.pl\/wp-content\/uploads\/2022\/05\/agroindustry_jachranka_22_mleko-4.jpg 1024w, https:\/\/www.bikotech.pl\/wp-content\/uploads\/2022\/05\/agroindustry_jachranka_22_mleko-4-300x200.jpg 300w, https:\/\/www.bikotech.pl\/wp-content\/uploads\/2022\/05\/agroindustry_jachranka_22_mleko-4-768x512.jpg 768w, https:\/\/www.bikotech.pl\/wp-content\/uploads\/2022\/05\/agroindustry_jachranka_22_mleko-4-150x100.jpg 150w\" sizes=\"auto, (max-width: 1024px) 100vw, 1024px\" \/><figcaption>Jan Rybka, Grzegorz \u0141okucjewski oraz Micha\u0142 Ho\u0142dy\u0144ski &#8222;przy\u0142apani&#8221; na pogaw\u0119dce.<\/figcaption><\/figure>\n\n\n\n<div class=\"wp-block-image\"><figure class=\"aligncenter size-large is-resized\"><img loading=\"lazy\" decoding=\"async\" src=\"https:\/\/www.bikotech.pl\/wp-content\/uploads\/2022\/05\/agroindustry_jachranka_22_mleko-10.jpg\" alt=\"\" class=\"wp-image-16654\" width=\"342\" height=\"513\" srcset=\"https:\/\/www.bikotech.pl\/wp-content\/uploads\/2022\/05\/agroindustry_jachranka_22_mleko-10.jpg 512w, https:\/\/www.bikotech.pl\/wp-content\/uploads\/2022\/05\/agroindustry_jachranka_22_mleko-10-200x300.jpg 200w, https:\/\/www.bikotech.pl\/wp-content\/uploads\/2022\/05\/agroindustry_jachranka_22_mleko-10-100x150.jpg 100w\" sizes=\"auto, (max-width: 342px) 100vw, 342px\" \/><figcaption>Jaros\u0142aw Kowalik w trakcie prelekcji o zagadnieniach europejskiego mleczarstwa, omawianych na ostatnim posiedzeniu EDA<\/figcaption><\/figure><\/div>\n\n\n\n<figure class=\"wp-block-image size-large\"><img loading=\"lazy\" decoding=\"async\" width=\"1024\" height=\"911\" src=\"https:\/\/www.bikotech.pl\/wp-content\/uploads\/2022\/05\/grafiki_do_agroindustry-1-1024x911.jpg\" alt=\"\" class=\"wp-image-16663\" srcset=\"https:\/\/www.bikotech.pl\/wp-content\/uploads\/2022\/05\/grafiki_do_agroindustry-1-1024x911.jpg 1024w, https:\/\/www.bikotech.pl\/wp-content\/uploads\/2022\/05\/grafiki_do_agroindustry-1-300x267.jpg 300w, https:\/\/www.bikotech.pl\/wp-content\/uploads\/2022\/05\/grafiki_do_agroindustry-1-768x683.jpg 768w, https:\/\/www.bikotech.pl\/wp-content\/uploads\/2022\/05\/grafiki_do_agroindustry-1-150x133.jpg 150w, https:\/\/www.bikotech.pl\/wp-content\/uploads\/2022\/05\/grafiki_do_agroindustry-1.jpg 1158w\" sizes=\"auto, (max-width: 1024px) 100vw, 1024px\" \/><figcaption>Ciekaw\u0105 prezentacj\u0119 wyg\u0142osi\u0142 Piotr Szajner z IERiG\u017b. Tutaj podsumowanie jego wyk\u0142adu<\/figcaption><\/figure>\n\n\n\n<figure class=\"wp-block-image size-large\"><img loading=\"lazy\" decoding=\"async\" width=\"1024\" height=\"683\" src=\"https:\/\/www.bikotech.pl\/wp-content\/uploads\/2022\/05\/agro_jachranka_22-1.jpg\" alt=\"\" class=\"wp-image-16673\" srcset=\"https:\/\/www.bikotech.pl\/wp-content\/uploads\/2022\/05\/agro_jachranka_22-1.jpg 1024w, https:\/\/www.bikotech.pl\/wp-content\/uploads\/2022\/05\/agro_jachranka_22-1-300x200.jpg 300w, https:\/\/www.bikotech.pl\/wp-content\/uploads\/2022\/05\/agro_jachranka_22-1-768x512.jpg 768w, https:\/\/www.bikotech.pl\/wp-content\/uploads\/2022\/05\/agro_jachranka_22-1-150x100.jpg 150w\" sizes=\"auto, (max-width: 1024px) 100vw, 1024px\" \/><figcaption>W spotkaniu uczestnicz\u0105 przedstawiciele sp\u00f3\u0142dzielczo\u015bci mleczarskiej z ca\u0142ej Polski<\/figcaption><\/figure>\n\n\n\n<h2 class=\"wp-block-heading\">Krajowa Ocena Przetwor\u00f3w Mlecznych i Konkurs \u201eProdukt Mleczny Roku 2022\u201d<\/h2>\n\n\n\n<p>Ocena zg\u0142oszonych produkt\u00f3w mleczarskich odbywa\u0142a si\u0119 r\u00f3wnolegle do obrad. <\/p>\n\n\n\n<figure class=\"wp-block-image size-large\"><img loading=\"lazy\" decoding=\"async\" width=\"1024\" height=\"683\" src=\"https:\/\/www.bikotech.pl\/wp-content\/uploads\/2022\/05\/agro_jachranka_22-4.jpg\" alt=\"\" class=\"wp-image-16676\" srcset=\"https:\/\/www.bikotech.pl\/wp-content\/uploads\/2022\/05\/agro_jachranka_22-4.jpg 1024w, https:\/\/www.bikotech.pl\/wp-content\/uploads\/2022\/05\/agro_jachranka_22-4-300x200.jpg 300w, https:\/\/www.bikotech.pl\/wp-content\/uploads\/2022\/05\/agro_jachranka_22-4-768x512.jpg 768w, https:\/\/www.bikotech.pl\/wp-content\/uploads\/2022\/05\/agro_jachranka_22-4-150x100.jpg 150w\" sizes=\"auto, (max-width: 1024px) 100vw, 1024px\" \/><figcaption>Eksperci mleczarstwa wytkn\u0105 wszelkie niedoskona\u0142o\u015bci<\/figcaption><\/figure>\n\n\n\n<figure class=\"wp-block-image size-large\"><img loading=\"lazy\" decoding=\"async\" width=\"1024\" height=\"683\" src=\"https:\/\/www.bikotech.pl\/wp-content\/uploads\/2022\/05\/agro_jachranka_22-3.jpg\" alt=\"\" class=\"wp-image-16675\" srcset=\"https:\/\/www.bikotech.pl\/wp-content\/uploads\/2022\/05\/agro_jachranka_22-3.jpg 1024w, https:\/\/www.bikotech.pl\/wp-content\/uploads\/2022\/05\/agro_jachranka_22-3-300x200.jpg 300w, https:\/\/www.bikotech.pl\/wp-content\/uploads\/2022\/05\/agro_jachranka_22-3-768x512.jpg 768w, https:\/\/www.bikotech.pl\/wp-content\/uploads\/2022\/05\/agro_jachranka_22-3-150x100.jpg 150w\" sizes=\"auto, (max-width: 1024px) 100vw, 1024px\" \/><figcaption>Cz\u0142onkowie komisji to do\u015bwiadczeni eksperci<\/figcaption><\/figure>\n\n\n\n<figure class=\"wp-block-image size-large\"><img loading=\"lazy\" decoding=\"async\" width=\"1024\" height=\"683\" src=\"https:\/\/www.bikotech.pl\/wp-content\/uploads\/2022\/05\/agro_jachranka_22-2.jpg\" alt=\"\" class=\"wp-image-16674\" srcset=\"https:\/\/www.bikotech.pl\/wp-content\/uploads\/2022\/05\/agro_jachranka_22-2.jpg 1024w, https:\/\/www.bikotech.pl\/wp-content\/uploads\/2022\/05\/agro_jachranka_22-2-300x200.jpg 300w, https:\/\/www.bikotech.pl\/wp-content\/uploads\/2022\/05\/agro_jachranka_22-2-768x512.jpg 768w, https:\/\/www.bikotech.pl\/wp-content\/uploads\/2022\/05\/agro_jachranka_22-2-150x100.jpg 150w\" sizes=\"auto, (max-width: 1024px) 100vw, 1024px\" \/><figcaption>Pami\u0105tkowe zdj\u0119cie arbitr\u00f3w oceny A.D. 2022<\/figcaption><\/figure>\n\n\n\n<p>Tutaj wyniki oceny 2022:<\/p>\n\n\n\n<figure class=\"wp-block-embed-wordpress wp-block-embed is-type-wp-embed is-provider-agroindustry-pl\"><div class=\"wp-block-embed__wrapper\">\n<blockquote class=\"wp-embedded-content\" data-secret=\"rBotrSYzB6\"><a href=\"https:\/\/www.bikotech.pl\/index.php\/2022\/05\/18\/laureaci-krajowej-oceny-przetworow-mlecznych\/\">Laureaci Krajowej Oceny Przetwor\u00f3w Mlecznych<\/a><\/blockquote><iframe loading=\"lazy\" class=\"wp-embedded-content\" sandbox=\"allow-scripts\" security=\"restricted\" style=\"position: absolute; visibility: hidden;\" title=\"&#8222;Laureaci Krajowej Oceny Przetwor\u00f3w Mlecznych&#8221; &#8212; bikotech.pl\" src=\"https:\/\/www.bikotech.pl\/index.php\/2022\/05\/18\/laureaci-krajowej-oceny-przetworow-mlecznych\/embed\/#?secret=HVTQcZSTJq#?secret=rBotrSYzB6\" data-secret=\"rBotrSYzB6\" width=\"600\" height=\"338\" frameborder=\"0\" marginwidth=\"0\" marginheight=\"0\" scrolling=\"no\"><\/iframe>\n<\/div><\/figure>\n\n\n\n<h2 class=\"wp-block-heading\">Konkurs \u201eInnowacje Techniczne i Technologiczne w Mleczarstwie\u201d<\/h2>\n\n\n\n<p>Wyr\u00f3\u017cniono sze\u015b\u0107 podmiot\u00f3w, kt\u00f3re zg\u0142osi\u0142y sw\u00f3j udzia\u0142 w konkursie:<\/p>\n\n\n\n<ol class=\"wp-block-list\"><li>\u201eZa kogeneracj\u0119 1,2 MW z biogazowni\u0105 w ZPM w Grajewie\u201d\u2013 Sp\u00f3\u0142dzielnia Mleczarska w Grajewie<\/li><li>\u201eZa innowacyjn\u0105 lini\u0119 procesow\u0105 produkcji sera z masy parzonej\u201d \u2013 Okr\u0119gowa Sp\u00f3\u0142dzielnia Mleczarska w Krasnymstawie<\/li><li>\u201eZa wst\u0119pne i docelowe sch\u0142adzanie mleka z wykorzystaniem wymiennik\u00f3w ciep\u0142a\u201d \u2013 Gospodarstwo Rolne Krzysztof W\u00f3jcik<\/li><li>\u201eZa zrobotyzowan\u0105 obor\u0119 wolnostanowiskow\u0105 zapewniaj\u0105c\u0105 maksymalny dobrostan byd\u0142u mlecznemu\u201d &#8211; Gospodarstwo Rolne Przemys\u0142aw i Iwona Kawula<\/li><li>\u201eZa energooszcz\u0119dne rozwi\u0105zanie produkcji wody lodowej w Zak\u0142adzie Mleczarskim w Piotrkowie Kujawskim\u201d \u2013 Przedsi\u0119biorstwu Handlu Zagranicznego Sp\u00f3\u0142dzielni Mleczarskich \u201eLACPOL\u201d Sp\u00f3\u0142ka z o.o.<\/li><li>\u201eZa nowoczesn\u0105 obor\u0119 z zapleczem technologicznym\u201d \u2013 Gospodarstwo Tomasz i Dorota Koci\u0119ba<\/li><\/ol>\n\n\n\n<p>Sk\u0142ad Kapitu\u0142y A.D. 2022:<br>Prof. em dr hab. Zygmunt Zander, Prof. dr hab. Andrzej Babuchowski,<br>Mg in\u017c. Dorota \u015amigielska, Prof. dr hab. Andrzej Lenart, Dr hab. in\u017c. Fabian Dajnowiec<\/p>\n\n\n\n<p>Tutaj galeria zdj\u0119\u0107 z uroczystej kolacji<\/p>\n\n\n\n<figure class=\"wp-block-gallery columns-3 is-cropped wp-block-gallery-1 is-layout-flex wp-block-gallery-is-layout-flex\"><ul class=\"blocks-gallery-grid\"><li class=\"blocks-gallery-item\"><figure><img loading=\"lazy\" decoding=\"async\" width=\"1024\" height=\"683\" src=\"https:\/\/www.bikotech.pl\/wp-content\/uploads\/2022\/05\/kolacja-1.jpg\" alt=\"\" data-id=\"16701\" data-full-url=\"https:\/\/www.bikotech.pl\/wp-content\/uploads\/2022\/05\/kolacja-1.jpg\" data-link=\"https:\/\/www.bikotech.pl\/index.php\/2022\/05\/16\/euroforum-mleczarstwa\/kolacja-1\/\" class=\"wp-image-16701\" srcset=\"https:\/\/www.bikotech.pl\/wp-content\/uploads\/2022\/05\/kolacja-1.jpg 1024w, https:\/\/www.bikotech.pl\/wp-content\/uploads\/2022\/05\/kolacja-1-300x200.jpg 300w, https:\/\/www.bikotech.pl\/wp-content\/uploads\/2022\/05\/kolacja-1-768x512.jpg 768w, https:\/\/www.bikotech.pl\/wp-content\/uploads\/2022\/05\/kolacja-1-150x100.jpg 150w\" sizes=\"auto, (max-width: 1024px) 100vw, 1024px\" \/><\/figure><\/li><li class=\"blocks-gallery-item\"><figure><img loading=\"lazy\" decoding=\"async\" width=\"512\" height=\"768\" src=\"https:\/\/www.bikotech.pl\/wp-content\/uploads\/2022\/05\/kolacja-2.jpg\" alt=\"\" data-id=\"16702\" data-full-url=\"https:\/\/www.bikotech.pl\/wp-content\/uploads\/2022\/05\/kolacja-2.jpg\" data-link=\"https:\/\/www.bikotech.pl\/index.php\/2022\/05\/16\/euroforum-mleczarstwa\/kolacja-2\/\" class=\"wp-image-16702\" srcset=\"https:\/\/www.bikotech.pl\/wp-content\/uploads\/2022\/05\/kolacja-2.jpg 512w, https:\/\/www.bikotech.pl\/wp-content\/uploads\/2022\/05\/kolacja-2-200x300.jpg 200w, https:\/\/www.bikotech.pl\/wp-content\/uploads\/2022\/05\/kolacja-2-100x150.jpg 100w\" sizes=\"auto, (max-width: 512px) 100vw, 512px\" \/><\/figure><\/li><li class=\"blocks-gallery-item\"><figure><img loading=\"lazy\" decoding=\"async\" width=\"1024\" height=\"683\" src=\"https:\/\/www.bikotech.pl\/wp-content\/uploads\/2022\/05\/kolacja-3.jpg\" alt=\"\" data-id=\"16703\" data-full-url=\"https:\/\/www.bikotech.pl\/wp-content\/uploads\/2022\/05\/kolacja-3.jpg\" data-link=\"https:\/\/www.bikotech.pl\/index.php\/2022\/05\/16\/euroforum-mleczarstwa\/kolacja-3\/\" class=\"wp-image-16703\" srcset=\"https:\/\/www.bikotech.pl\/wp-content\/uploads\/2022\/05\/kolacja-3.jpg 1024w, https:\/\/www.bikotech.pl\/wp-content\/uploads\/2022\/05\/kolacja-3-300x200.jpg 300w, https:\/\/www.bikotech.pl\/wp-content\/uploads\/2022\/05\/kolacja-3-768x512.jpg 768w, https:\/\/www.bikotech.pl\/wp-content\/uploads\/2022\/05\/kolacja-3-150x100.jpg 150w\" sizes=\"auto, (max-width: 1024px) 100vw, 1024px\" \/><\/figure><\/li><li class=\"blocks-gallery-item\"><figure><img loading=\"lazy\" decoding=\"async\" width=\"1024\" height=\"683\" src=\"https:\/\/www.bikotech.pl\/wp-content\/uploads\/2022\/05\/kolacja-4.jpg\" alt=\"\" data-id=\"16704\" data-full-url=\"https:\/\/www.bikotech.pl\/wp-content\/uploads\/2022\/05\/kolacja-4.jpg\" data-link=\"https:\/\/www.bikotech.pl\/index.php\/2022\/05\/16\/euroforum-mleczarstwa\/kolacja-4\/\" class=\"wp-image-16704\" srcset=\"https:\/\/www.bikotech.pl\/wp-content\/uploads\/2022\/05\/kolacja-4.jpg 1024w, https:\/\/www.bikotech.pl\/wp-content\/uploads\/2022\/05\/kolacja-4-300x200.jpg 300w, https:\/\/www.bikotech.pl\/wp-content\/uploads\/2022\/05\/kolacja-4-768x512.jpg 768w, https:\/\/www.bikotech.pl\/wp-content\/uploads\/2022\/05\/kolacja-4-150x100.jpg 150w\" sizes=\"auto, (max-width: 1024px) 100vw, 1024px\" \/><\/figure><\/li><li class=\"blocks-gallery-item\"><figure><img loading=\"lazy\" decoding=\"async\" width=\"1024\" height=\"683\" src=\"https:\/\/www.bikotech.pl\/wp-content\/uploads\/2022\/05\/kolacja-5.jpg\" alt=\"\" data-id=\"16705\" data-full-url=\"https:\/\/www.bikotech.pl\/wp-content\/uploads\/2022\/05\/kolacja-5.jpg\" data-link=\"https:\/\/www.bikotech.pl\/index.php\/2022\/05\/16\/euroforum-mleczarstwa\/kolacja-5\/\" class=\"wp-image-16705\" srcset=\"https:\/\/www.bikotech.pl\/wp-content\/uploads\/2022\/05\/kolacja-5.jpg 1024w, https:\/\/www.bikotech.pl\/wp-content\/uploads\/2022\/05\/kolacja-5-300x200.jpg 300w, https:\/\/www.bikotech.pl\/wp-content\/uploads\/2022\/05\/kolacja-5-768x512.jpg 768w, https:\/\/www.bikotech.pl\/wp-content\/uploads\/2022\/05\/kolacja-5-150x100.jpg 150w\" sizes=\"auto, (max-width: 1024px) 100vw, 1024px\" \/><\/figure><\/li><li class=\"blocks-gallery-item\"><figure><img loading=\"lazy\" decoding=\"async\" width=\"1024\" height=\"683\" src=\"https:\/\/www.bikotech.pl\/wp-content\/uploads\/2022\/05\/kolacja-6.jpg\" alt=\"\" data-id=\"16706\" data-full-url=\"https:\/\/www.bikotech.pl\/wp-content\/uploads\/2022\/05\/kolacja-6.jpg\" data-link=\"https:\/\/www.bikotech.pl\/index.php\/2022\/05\/16\/euroforum-mleczarstwa\/kolacja-6\/\" class=\"wp-image-16706\" srcset=\"https:\/\/www.bikotech.pl\/wp-content\/uploads\/2022\/05\/kolacja-6.jpg 1024w, https:\/\/www.bikotech.pl\/wp-content\/uploads\/2022\/05\/kolacja-6-300x200.jpg 300w, https:\/\/www.bikotech.pl\/wp-content\/uploads\/2022\/05\/kolacja-6-768x512.jpg 768w, https:\/\/www.bikotech.pl\/wp-content\/uploads\/2022\/05\/kolacja-6-150x100.jpg 150w\" sizes=\"auto, (max-width: 1024px) 100vw, 1024px\" \/><\/figure><\/li><li class=\"blocks-gallery-item\"><figure><img loading=\"lazy\" decoding=\"async\" width=\"1024\" height=\"683\" src=\"https:\/\/www.bikotech.pl\/wp-content\/uploads\/2022\/05\/kolacja-7.jpg\" alt=\"\" data-id=\"16707\" data-full-url=\"https:\/\/www.bikotech.pl\/wp-content\/uploads\/2022\/05\/kolacja-7.jpg\" data-link=\"https:\/\/www.bikotech.pl\/index.php\/2022\/05\/16\/euroforum-mleczarstwa\/kolacja-7\/\" class=\"wp-image-16707\" srcset=\"https:\/\/www.bikotech.pl\/wp-content\/uploads\/2022\/05\/kolacja-7.jpg 1024w, https:\/\/www.bikotech.pl\/wp-content\/uploads\/2022\/05\/kolacja-7-300x200.jpg 300w, https:\/\/www.bikotech.pl\/wp-content\/uploads\/2022\/05\/kolacja-7-768x512.jpg 768w, https:\/\/www.bikotech.pl\/wp-content\/uploads\/2022\/05\/kolacja-7-150x100.jpg 150w\" sizes=\"auto, (max-width: 1024px) 100vw, 1024px\" \/><\/figure><\/li><li class=\"blocks-gallery-item\"><figure><img loading=\"lazy\" decoding=\"async\" width=\"1024\" height=\"683\" src=\"https:\/\/www.bikotech.pl\/wp-content\/uploads\/2022\/05\/kolacja-8.jpg\" alt=\"\" data-id=\"16708\" data-full-url=\"https:\/\/www.bikotech.pl\/wp-content\/uploads\/2022\/05\/kolacja-8.jpg\" data-link=\"https:\/\/www.bikotech.pl\/index.php\/2022\/05\/16\/euroforum-mleczarstwa\/kolacja-8\/\" class=\"wp-image-16708\" srcset=\"https:\/\/www.bikotech.pl\/wp-content\/uploads\/2022\/05\/kolacja-8.jpg 1024w, https:\/\/www.bikotech.pl\/wp-content\/uploads\/2022\/05\/kolacja-8-300x200.jpg 300w, https:\/\/www.bikotech.pl\/wp-content\/uploads\/2022\/05\/kolacja-8-768x512.jpg 768w, https:\/\/www.bikotech.pl\/wp-content\/uploads\/2022\/05\/kolacja-8-150x100.jpg 150w\" sizes=\"auto, (max-width: 1024px) 100vw, 1024px\" \/><\/figure><\/li><\/ul><\/figure>\n\n\n\n<p><\/p>\n\n\n\n<p>Organizatorami XV Euroforum Polskiego Mleczarstwa s\u0105 Krajowe Stowarzyszenie Mleczarzy, Krajowy Zwi\u0105zek Sp\u00f3\u0142dzielni Mleczarskich oraz Polski Komitet Mi\u0119dzynarodowej Federacji Mleczarskiej FIL\/IDF.<\/p>\n\n\n\n<p>Redakcja AGROindustry jest patronem medialnym wydarzenia.<\/p>\n","protected":false},"excerpt":{"rendered":"<p>16 maja 2022 roku w hotelu Windsor w Jachrance rozpocz\u0119\u0142o si\u0119 XV Euroforum Polskiego Mleczarstwa. To wyj\u0105tkowe, cykliczne wydarzenie na mleczarskiej mapie Polski, w kt\u00f3rym bior\u0105 udzia\u0142 przetw\u00f3rcy mleka, liczne grono pracownik\u00f3w nauki zwi\u0105zanych z przemys\u0142em mleczarskim oraz&nbsp; przedstawiciele organizacji i medi\u00f3w bran\u017cowych. Krajowa Ocena Przetwor\u00f3w Mlecznych i Konkurs \u201eProdukt Mleczny Roku 2022\u201d Ocena zg\u0142oszonych [&hellip;]<\/p>\n","protected":false},"author":2,"featured_media":16649,"comment_status":"open","ping_status":"open","sticky":false,"template":"","format":"standard","meta":{"footnotes":""},"categories":[2,14],"tags":[],"class_list":["post-16116","post","type-post","status-publish","format-standard","has-post-thumbnail","hentry","category-mleczarstwo","category-wydarzenia"],"yoast_head":"<!-- This site is optimized with the Yoast SEO plugin v20.2.1 - https:\/\/yoast.com\/wordpress\/plugins\/seo\/ -->\n<title>Euroforum Mleczarstwa - nasza relacja | bikotech.pl<\/title>\n<meta name=\"robots\" content=\"index, follow, max-snippet:-1, max-image-preview:large, max-video-preview:-1\" \/>\n<link rel=\"canonical\" href=\"https:\/\/www.bikotech.pl\/index.php\/2022\/05\/16\/euroforum-mleczarstwa\/\" \/>\n<meta property=\"og:locale\" content=\"pl_PL\" \/>\n<meta property=\"og:type\" content=\"article\" \/>\n<meta property=\"og:title\" content=\"Euroforum Mleczarstwa - nasza relacja | bikotech.pl\" \/>\n<meta property=\"og:description\" content=\"16 maja 2022 roku w hotelu Windsor w Jachrance rozpocz\u0119\u0142o si\u0119 XV Euroforum Polskiego Mleczarstwa. To wyj\u0105tkowe, cykliczne wydarzenie na mleczarskiej mapie Polski, w kt\u00f3rym bior\u0105 udzia\u0142 przetw\u00f3rcy mleka, liczne grono pracownik\u00f3w nauki zwi\u0105zanych z przemys\u0142em mleczarskim oraz&nbsp; przedstawiciele organizacji i medi\u00f3w bran\u017cowych. Krajowa Ocena Przetwor\u00f3w Mlecznych i Konkurs \u201eProdukt Mleczny Roku 2022\u201d Ocena zg\u0142oszonych [&hellip;]\" \/>\n<meta property=\"og:url\" content=\"https:\/\/www.bikotech.pl\/index.php\/2022\/05\/16\/euroforum-mleczarstwa\/\" \/>\n<meta property=\"og:site_name\" content=\"bikotech.pl\" \/>\n<meta property=\"article:published_time\" content=\"2022-05-16T06:35:00+00:00\" \/>\n<meta property=\"article:modified_time\" content=\"2022-05-18T08:55:16+00:00\" \/>\n<meta property=\"og:image\" content=\"https:\/\/www.bikotech.pl\/wp-content\/uploads\/2022\/05\/agroindustry_jachranka_22_mleko-5.jpg\" \/>\n\t<meta property=\"og:image:width\" content=\"1024\" \/>\n\t<meta property=\"og:image:height\" content=\"683\" \/>\n\t<meta property=\"og:image:type\" content=\"image\/jpeg\" \/>\n<meta name=\"author\" content=\"Ola Wojnarowska\" \/>\n<meta name=\"twitter:card\" content=\"summary_large_image\" \/>\n<meta name=\"twitter:label1\" content=\"Napisane przez\" \/>\n\t<meta name=\"twitter:data1\" content=\"Ola Wojnarowska\" \/>\n\t<meta name=\"twitter:label2\" content=\"Szacowany czas czytania\" \/>\n\t<meta name=\"twitter:data2\" content=\"3 minuty\" \/>\n<script type=\"application\/ld+json\" class=\"yoast-schema-graph\">{\"@context\":\"https:\/\/schema.org\",\"@graph\":[{\"@type\":\"WebPage\",\"@id\":\"https:\/\/www.bikotech.pl\/index.php\/2022\/05\/16\/euroforum-mleczarstwa\/\",\"url\":\"https:\/\/www.bikotech.pl\/index.php\/2022\/05\/16\/euroforum-mleczarstwa\/\",\"name\":\"Euroforum Mleczarstwa - nasza relacja | bikotech.pl\",\"isPartOf\":{\"@id\":\"https:\/\/www.bikotech.pl\/#website\"},\"datePublished\":\"2022-05-16T06:35:00+00:00\",\"dateModified\":\"2022-05-18T08:55:16+00:00\",\"author\":{\"@id\":\"https:\/\/www.bikotech.pl\/#\/schema\/person\/a7613f8d8180fa66033a28be3f87db21\"},\"breadcrumb\":{\"@id\":\"https:\/\/www.bikotech.pl\/index.php\/2022\/05\/16\/euroforum-mleczarstwa\/#breadcrumb\"},\"inLanguage\":\"pl-PL\",\"potentialAction\":[{\"@type\":\"ReadAction\",\"target\":[\"https:\/\/www.bikotech.pl\/index.php\/2022\/05\/16\/euroforum-mleczarstwa\/\"]}]},{\"@type\":\"BreadcrumbList\",\"@id\":\"https:\/\/www.bikotech.pl\/index.php\/2022\/05\/16\/euroforum-mleczarstwa\/#breadcrumb\",\"itemListElement\":[{\"@type\":\"ListItem\",\"position\":1,\"name\":\"Strona g\u0142\u00f3wna\",\"item\":\"https:\/\/www.bikotech.pl\/\"},{\"@type\":\"ListItem\",\"position\":2,\"name\":\"Euroforum Mleczarstwa &#8211; nasza relacja\"}]},{\"@type\":\"WebSite\",\"@id\":\"https:\/\/www.bikotech.pl\/#website\",\"url\":\"https:\/\/www.bikotech.pl\/\",\"name\":\"bikotech.pl\",\"description\":\"Innowacje, \u015brodowisko, technologie  - prosto i z sensem o przemy\u015ble spo\u017cywczym\",\"potentialAction\":[{\"@type\":\"SearchAction\",\"target\":{\"@type\":\"EntryPoint\",\"urlTemplate\":\"https:\/\/www.bikotech.pl\/?s={search_term_string}\"},\"query-input\":\"required name=search_term_string\"}],\"inLanguage\":\"pl-PL\"},{\"@type\":\"Person\",\"@id\":\"https:\/\/www.bikotech.pl\/#\/schema\/person\/a7613f8d8180fa66033a28be3f87db21\",\"name\":\"Ola Wojnarowska\",\"image\":{\"@type\":\"ImageObject\",\"inLanguage\":\"pl-PL\",\"@id\":\"https:\/\/www.bikotech.pl\/#\/schema\/person\/image\/\",\"url\":\"https:\/\/secure.gravatar.com\/avatar\/64d6402adc862d9de7f648ddc7bc25eaacda07271c0660d3fb3c5297d799c420?s=96&d=mm&r=g\",\"contentUrl\":\"https:\/\/secure.gravatar.com\/avatar\/64d6402adc862d9de7f648ddc7bc25eaacda07271c0660d3fb3c5297d799c420?s=96&d=mm&r=g\",\"caption\":\"Ola Wojnarowska\"},\"sameAs\":[\"http:\/\/bikotech.pl\"],\"url\":\"https:\/\/www.bikotech.pl\/index.php\/author\/ola\/\"}]}<\/script>\n<!-- \/ Yoast SEO plugin. -->","yoast_head_json":{"title":"Euroforum Mleczarstwa - nasza relacja | bikotech.pl","robots":{"index":"index","follow":"follow","max-snippet":"max-snippet:-1","max-image-preview":"max-image-preview:large","max-video-preview":"max-video-preview:-1"},"canonical":"https:\/\/www.bikotech.pl\/index.php\/2022\/05\/16\/euroforum-mleczarstwa\/","og_locale":"pl_PL","og_type":"article","og_title":"Euroforum Mleczarstwa - nasza relacja | bikotech.pl","og_description":"16 maja 2022 roku w hotelu Windsor w Jachrance rozpocz\u0119\u0142o si\u0119 XV Euroforum Polskiego Mleczarstwa. To wyj\u0105tkowe, cykliczne wydarzenie na mleczarskiej mapie Polski, w kt\u00f3rym bior\u0105 udzia\u0142 przetw\u00f3rcy mleka, liczne grono pracownik\u00f3w nauki zwi\u0105zanych z przemys\u0142em mleczarskim oraz&nbsp; przedstawiciele organizacji i medi\u00f3w bran\u017cowych. Krajowa Ocena Przetwor\u00f3w Mlecznych i Konkurs \u201eProdukt Mleczny Roku 2022\u201d Ocena zg\u0142oszonych [&hellip;]","og_url":"https:\/\/www.bikotech.pl\/index.php\/2022\/05\/16\/euroforum-mleczarstwa\/","og_site_name":"bikotech.pl","article_published_time":"2022-05-16T06:35:00+00:00","article_modified_time":"2022-05-18T08:55:16+00:00","og_image":[{"width":1024,"height":683,"url":"https:\/\/www.bikotech.pl\/wp-content\/uploads\/2022\/05\/agroindustry_jachranka_22_mleko-5.jpg","type":"image\/jpeg"}],"author":"Ola Wojnarowska","twitter_card":"summary_large_image","twitter_misc":{"Napisane przez":"Ola Wojnarowska","Szacowany czas czytania":"3 minuty"},"schema":{"@context":"https:\/\/schema.org","@graph":[{"@type":"WebPage","@id":"https:\/\/www.bikotech.pl\/index.php\/2022\/05\/16\/euroforum-mleczarstwa\/","url":"https:\/\/www.bikotech.pl\/index.php\/2022\/05\/16\/euroforum-mleczarstwa\/","name":"Euroforum Mleczarstwa - nasza relacja | bikotech.pl","isPartOf":{"@id":"https:\/\/www.bikotech.pl\/#website"},"datePublished":"2022-05-16T06:35:00+00:00","dateModified":"2022-05-18T08:55:16+00:00","author":{"@id":"https:\/\/www.bikotech.pl\/#\/schema\/person\/a7613f8d8180fa66033a28be3f87db21"},"breadcrumb":{"@id":"https:\/\/www.bikotech.pl\/index.php\/2022\/05\/16\/euroforum-mleczarstwa\/#breadcrumb"},"inLanguage":"pl-PL","potentialAction":[{"@type":"ReadAction","target":["https:\/\/www.bikotech.pl\/index.php\/2022\/05\/16\/euroforum-mleczarstwa\/"]}]},{"@type":"BreadcrumbList","@id":"https:\/\/www.bikotech.pl\/index.php\/2022\/05\/16\/euroforum-mleczarstwa\/#breadcrumb","itemListElement":[{"@type":"ListItem","position":1,"name":"Strona g\u0142\u00f3wna","item":"https:\/\/www.bikotech.pl\/"},{"@type":"ListItem","position":2,"name":"Euroforum Mleczarstwa &#8211; nasza relacja"}]},{"@type":"WebSite","@id":"https:\/\/www.bikotech.pl\/#website","url":"https:\/\/www.bikotech.pl\/","name":"bikotech.pl","description":"Innowacje, \u015brodowisko, technologie  - prosto i z sensem o przemy\u015ble spo\u017cywczym","potentialAction":[{"@type":"SearchAction","target":{"@type":"EntryPoint","urlTemplate":"https:\/\/www.bikotech.pl\/?s={search_term_string}"},"query-input":"required name=search_term_string"}],"inLanguage":"pl-PL"},{"@type":"Person","@id":"https:\/\/www.bikotech.pl\/#\/schema\/person\/a7613f8d8180fa66033a28be3f87db21","name":"Ola Wojnarowska","image":{"@type":"ImageObject","inLanguage":"pl-PL","@id":"https:\/\/www.bikotech.pl\/#\/schema\/person\/image\/","url":"https:\/\/secure.gravatar.com\/avatar\/64d6402adc862d9de7f648ddc7bc25eaacda07271c0660d3fb3c5297d799c420?s=96&d=mm&r=g","contentUrl":"https:\/\/secure.gravatar.com\/avatar\/64d6402adc862d9de7f648ddc7bc25eaacda07271c0660d3fb3c5297d799c420?s=96&d=mm&r=g","caption":"Ola Wojnarowska"},"sameAs":["http:\/\/bikotech.pl"],"url":"https:\/\/www.bikotech.pl\/index.php\/author\/ola\/"}]}},"_links":{"self":[{"href":"https:\/\/www.bikotech.pl\/index.php\/wp-json\/wp\/v2\/posts\/16116","targetHints":{"allow":["GET"]}}],"collection":[{"href":"https:\/\/www.bikotech.pl\/index.php\/wp-json\/wp\/v2\/posts"}],"about":[{"href":"https:\/\/www.bikotech.pl\/index.php\/wp-json\/wp\/v2\/types\/post"}],"author":[{"embeddable":true,"href":"https:\/\/www.bikotech.pl\/index.php\/wp-json\/wp\/v2\/users\/2"}],"replies":[{"embeddable":true,"href":"https:\/\/www.bikotech.pl\/index.php\/wp-json\/wp\/v2\/comments?post=16116"}],"version-history":[{"count":17,"href":"https:\/\/www.bikotech.pl\/index.php\/wp-json\/wp\/v2\/posts\/16116\/revisions"}],"predecessor-version":[{"id":16712,"href":"https:\/\/www.bikotech.pl\/index.php\/wp-json\/wp\/v2\/posts\/16116\/revisions\/16712"}],"wp:featuredmedia":[{"embeddable":true,"href":"https:\/\/www.bikotech.pl\/index.php\/wp-json\/wp\/v2\/media\/16649"}],"wp:attachment":[{"href":"https:\/\/www.bikotech.pl\/index.php\/wp-json\/wp\/v2\/media?parent=16116"}],"wp:term":[{"taxonomy":"category","embeddable":true,"href":"https:\/\/www.bikotech.pl\/index.php\/wp-json\/wp\/v2\/categories?post=16116"},{"taxonomy":"post_tag","embeddable":true,"href":"https:\/\/www.bikotech.pl\/index.php\/wp-json\/wp\/v2\/tags?post=16116"}],"curies":[{"name":"wp","href":"https:\/\/api.w.org\/{rel}","templated":true}]}}