{"id":12255,"date":"2021-06-22T12:48:37","date_gmt":"2021-06-22T10:48:37","guid":{"rendered":"https:\/\/www.agroindustry.pl\/?p=12255"},"modified":"2021-06-22T13:10:52","modified_gmt":"2021-06-22T11:10:52","slug":"nowe-banderole-juz-od-1-lipca","status":"publish","type":"post","link":"https:\/\/www.bikotech.pl\/index.php\/2021\/06\/22\/nowe-banderole-juz-od-1-lipca\/","title":{"rendered":"Nowe banderole ju\u017c od 1 lipca"},"content":{"rendered":"\n<p><strong>Papierowe znaki akcyzy naklejane na opakowania przejd\u0105 powa\u017cn\u0105 metamorfoz\u0119. Ju\u017c 1 lipca br. na sklepowych p\u00f3\u0142kach zaczn\u0105 pojawia\u0107 si\u0119 zupe\u0142nie inaczej wygl\u0105daj\u0105ce butelki z wyrobami winiarskimi. Banderole b\u0119d\u0105 mniejsze, ta\u0144sze, o innych kszta\u0142tach oraz naklejane w r\u00f3\u017cnych miejscach.<\/strong><\/p>\n\n\n\n<p><strong>Idzie nowe<\/strong><\/p>\n\n\n\n<p>Decyzj\u0119 o lifitngu banderol w styczniu br. podj\u0119\u0142o Ministerstwo Finans\u00f3w. Od d\u0142ugiego czasu zabiega\u0142 o ni\u0105 Zwi\u0105zek Pracodawc\u00f3w Polska Rada Winiarstwa. Pow\u00f3d? U\u0142atwienie funkcjonowania przedsi\u0119biorstwom \u2013 tym bardzo ma\u0142ym, kt\u00f3re nakleja\u0142y banderole r\u0119cznie, jak i wi\u0119kszym, borykaj\u0105cym si\u0119 z innymi generowanymi przez nie problemami.<\/p>\n\n\n\n<p>W efekcie, zmian\u0119 przejdzie wz\u00f3r znaku, b\u0119d\u0105 te\u017c dopuszczalne inne miejsca jego aplikacji. Dodatkowo, banderole b\u0119d\u0105 dost\u0119pne r\u00f3wnie\u017c w wersji samoprzylepnej, co zdecydowanie u\u0142atwi \u017cycie ma\u0142ym przedsi\u0119biorstwom.<\/p>\n\n\n\n<blockquote class=\"wp-block-quote is-layout-flow wp-block-quote-is-layout-flow\"><p>Nowe banderole, kt\u00f3re pojawi\u0105 si\u0119 od 1 lipca br., b\u0119d\u0105 znacznie mniejsze \u2013 ich wymiary to jedynie 50 mm \u00d716 mm, a producenci i importerzy wybior\u0105 jedno z kilku przedstawionych w rozporz\u0105dzeniu miejsc aplikacji. B\u0119d\u0105 mog\u0142y by\u0107 naklejone na szyjcie w kszta\u0142t litery \u201eI\u201dlub odwr\u00f3conej litery \u201eL\u201d, b\u0105d\u017a na korpusie butelki w pobli\u017cu kontretykiety (tylnej etykiety). Producenci sami zdecyduj\u0105, kt\u00f3ry ze sposob\u00f3w jest dla nich najbardziej odpowiedni \u2013 ze wzgl\u0119du na kwestie techniczne zwi\u0105zane z samym naklejaniem, b\u0105d\u017a wizualne, takie jak kszta\u0142t butelki czy jej design.<\/p><\/blockquote>\n\n\n\n<p>Banderole aktualnie umieszczane na winach, to bardzo du\u017ce paski papieru (wymiary 160 mm x 16 mm dla butelek powy\u017cej 0,5l i wymiary 110mm x 14 mm dla butelek ma\u0142ych tj. do 0,5l w\u0142\u0105cznie), naklejane na szyjce butelki z obu stron i od g\u00f3ry (w kszta\u0142t odwr\u00f3conej litery U).<\/p>\n\n\n\n<figure class=\"wp-block-image size-large\"><img loading=\"lazy\" decoding=\"async\" width=\"1024\" height=\"793\" src=\"https:\/\/www.bikotech.pl\/wp-content\/uploads\/2021\/06\/aplikacja-1024x793-1.jpg\" alt=\"\" class=\"wp-image-12256\" srcset=\"https:\/\/www.bikotech.pl\/wp-content\/uploads\/2021\/06\/aplikacja-1024x793-1.jpg 1024w, https:\/\/www.bikotech.pl\/wp-content\/uploads\/2021\/06\/aplikacja-1024x793-1-300x232.jpg 300w, https:\/\/www.bikotech.pl\/wp-content\/uploads\/2021\/06\/aplikacja-1024x793-1-768x595.jpg 768w, https:\/\/www.bikotech.pl\/wp-content\/uploads\/2021\/06\/aplikacja-1024x793-1-150x116.jpg 150w\" sizes=\"auto, (max-width: 1024px) 100vw, 1024px\" \/><\/figure>\n\n\n\n<p><strong>Reakcje bran\u017cy winiarskiej<\/strong><\/p>\n\n\n\n<p>Do tej pory ci, kt\u00f3rzy banderole nak\u0142adali r\u0119cznie, trudzili si\u0119 przy tym bardzo. Sporo na ten temat wie chocia\u017cby firma Mazurskie Miody, w kt\u00f3rej cz\u0119sto pracuje si\u0119 nad ma\u0142ymi, kr\u00f3tkimi seriami produkcyjnymi alkoholi kraftowych.<\/p>\n\n\n\n<blockquote class=\"wp-block-quote is-layout-flow wp-block-quote-is-layout-flow\"><p><em>&#8211; Do tej pory by\u0142a to wielka komplikacja z racji r\u0119cznej pracy, wr\u0119cz manufakturowej \u2013 <\/em>t\u0142umaczy Bartosz Piasecki z Mazurskich Miod\u00f3w. <em>&#8211; Z uwagi na charakter, jest ona \u017cmuda i czasoch\u0142onna. Niestety nie ka\u017cda para r\u0105k jest na tyle wprawiona i finalny efekt cz\u0119sto odbiega od idea\u0142u. Zdarzaj\u0105 si\u0119 butelki, na kt\u00f3rych banderola nie do ko\u0144ca si\u0119 trzyma z powodu za ma\u0142ej ilo\u015bci kleju. Znaki akcyzy na pod\u0142o\u017cu samoprzylepnym nie do\u015b\u0107, \u017ce przyspiesz\u0105 proces klejenia, to r\u00f3wnie\u017c pozwol\u0105 zapewni\u0107 zadowalaj\u0105cy efekt ko\u0144cowy. Mam nadziej\u0119, \u017ce to pozwoli wyeliminowa\u0107 butelki zabrudzone klejem lub takie z krzywo naklejonymi znakami akcyzy, co cz\u0119sto niszczy efekt misternie zaprojektowanych opakowa\u0144 <\/em>\u2013 przyznaje Bartosz Piasecki.<\/p><\/blockquote>\n\n\n\n<p>Dlatego te\u017c firma Mazurskie Miody z rado\u015bci\u0105 przyj\u0119\u0142a informacj\u0119 o wprowadzeniu samoprzylepnych znak\u00f3w. Dla takich przedsi\u0119biorstw b\u0119dzie to ogromne u\u0142atwienie.<\/p>\n\n\n\n<p>Naklejanie maszynowe te\u017c zostanie uproszczone<em> \u2013<\/em> nowe banderole b\u0119d\u0105 zdecydowanie \u0142atwiejsze i ta\u0144sze w aplikacji.<\/p>\n\n\n\n<blockquote class=\"wp-block-quote is-layout-flow wp-block-quote-is-layout-flow\"><p>&#8211; <em>Stary system aplikacji banderol wymaga\u0142 specjalistycznego sprz\u0119tu<\/em> &#8211; m\u00f3wi Jakub Nowak, Prezes firmy JNT Group. &#8211; <em>Nak\u0142adanie banderol wymaga\u0142o osprz\u0119tu dla ka\u017cdego typu butelki, co generowa\u0142o dodatkowo du\u017ce koszty. Co wi\u0119cej, skomplikowana aplikacja banderoli w kszta\u0142cie odwr\u00f3conej litery \u201eU\u201d, spowalnia\u0142a linie produkcyjne. Teraz naklejanie przebiega\u0107 b\u0119dzie sprawniej i unikniemy przy tym wielu problem\u00f3w technicznych.<\/em><\/p><\/blockquote>\n\n\n\n<p>Grzegorz Bartol, Wiceprezes firmy Bartex, dodaje natomiast: &#8211; <em>Urz\u0105dzenia etykietuj\u0105ce musz\u0105 wykorzystywa\u0107 dodatkowe stacje gor\u0105cego kleju. Otwieranie butelki korkoci\u0105giem wymaga usuni\u0119cia banderoli oraz warstwy kleju &#8211; nie jest to operacja u\u0142atwiaj\u0105c\u0105 \u017cycie chocia\u017cby restauratorom.<\/em><\/p>\n\n\n\n<p>Wprowadzane zmiany oznaczaj\u0105 koniec tych problem\u00f3w \u2013 znak b\u0119dzie mo\u017cna naklei\u0107 z dala od szyjki \u2013 na korpusie butelki \u2013 albo zrezygnowa\u0107 z u\u017cycia kleju stosuj\u0105c banderole samoprzylepne.<\/p>\n\n\n\n<p><em>&#8211; Nowe banderole b\u0119d\u0105 wygl\u0105da\u0142y zdecydowanie bardziej subtelnie, co znacznie podniesie estetyk\u0119 opakowa\u0144 produkt\u00f3w. Butelki zaprezentuj\u0105 si\u0119 zdecydowanie lepiej na p\u00f3\u0142kach sklepowych, a potem na stole czy podarowane w formie prezentu<\/em> <em>\u2013<\/em> m\u00f3wi Magdalena Zieli\u0144ska, Prezes Zwi\u0105zku Pracodawc\u00f3w Polska Rada Winiarstwa.<\/p>\n\n\n\n<figure class=\"wp-block-image size-large\"><img loading=\"lazy\" decoding=\"async\" width=\"1024\" height=\"595\" src=\"https:\/\/www.bikotech.pl\/wp-content\/uploads\/2021\/06\/jak_bedzie-1024x595-1.jpg\" alt=\"\" class=\"wp-image-12257\" srcset=\"https:\/\/www.bikotech.pl\/wp-content\/uploads\/2021\/06\/jak_bedzie-1024x595-1.jpg 1024w, https:\/\/www.bikotech.pl\/wp-content\/uploads\/2021\/06\/jak_bedzie-1024x595-1-300x174.jpg 300w, https:\/\/www.bikotech.pl\/wp-content\/uploads\/2021\/06\/jak_bedzie-1024x595-1-768x446.jpg 768w, https:\/\/www.bikotech.pl\/wp-content\/uploads\/2021\/06\/jak_bedzie-1024x595-1-150x87.jpg 150w\" sizes=\"auto, (max-width: 1024px) 100vw, 1024px\" \/><\/figure>\n\n\n\n<p><strong>Stare wci\u0105\u017c wa\u017cne<\/strong><\/p>\n\n\n\n<p>Zmiany dotycz\u0105 wszystkich wyrob\u00f3w winiarskich \u2013 win, cydr\u00f3w czy miod\u00f3w pitnych.<\/p>\n\n\n\n<p>Wyroby opatrzone nowymi znakami akcyzy pojawi\u0105 si\u0119 na sklepowych p\u00f3\u0142kach ju\u017c 1 lipca br. Ale \u2013 i tu informacja wa\u017cna zw\u0142aszcza dla sprzedawc\u00f3w &#8211; stare banderole zachowaj\u0105 swoj\u0105 wa\u017cno\u015b\u0107 co najmniej do ko\u0144ca czerwca 2022 r. Co najmniej, bo to standardowy okres wskazany wyj\u015bciowo w przepisach, ale prawo zak\u0142ada opcj\u0119 przed\u0142u\u017cenia go.<\/p>\n\n\n\n<blockquote class=\"wp-block-quote is-layout-flow wp-block-quote-is-layout-flow\"><p><em>&#8211; Minister Finans\u00f3w ma mo\u017cliwo\u015b\u0107 wydania rozporz\u0105dze\u0144 wyd\u0142u\u017caj\u0105cych ten czas o rok, a w razie potrzeby, p\u00f3\u017aniej, o kolejne lata. Absolutnie nie ma zatem potrzeby, \u017ceby si\u0119 niepokoi\u0107 utrat\u0105 wa\u017cno\u015bci znak\u00f3w na butelkach stoj\u0105cych na p\u00f3\u0142kach sklepowych. ZP PRW ju\u017c z\u0142o\u017cy\u0142 odpowiedni wniosek i spodziewamy si\u0119, \u017ce w odpowiednim czasie zostan\u0105 wydane przepisy wyd\u0142u\u017caj\u0105ce ten okres. Nasza organizacja b\u0119dzie monitorowa\u0142a sytuacj\u0119 na rynku i informowa\u0142a o niej Ministerstwo Finans\u00f3w<\/em> \u2013 m\u00f3wi Magdalena Zieli\u0144ska, Prezes Zwi\u0105zku Pracodawc\u00f3w Polska Rada Winiarstwa.<\/p><\/blockquote>\n\n\n\n<p><strong><br>Legalno\u015b\u0107 do sprawdzenia<\/strong><\/p>\n\n\n\n<p>Co ciekawe i wa\u017cne r\u00f3wnie\u017c dla konsument\u00f3w, nowe banderole b\u0119d\u0105 zaopatrzone w kod 2D, b\u0119d\u0105cy linkiem do strony www.banderolaakcyzowa.pl, umo\u017cliwiaj\u0105cy \u0142atwe sprawdzenie autentyczno\u015bci znaku, a zatem legalno\u015bci produktu.<\/p>\n\n\n\n<p><em>\u0179r\u00f3d\u0142o: Polska Rada Winiarstwa<\/em><\/p>\n","protected":false},"excerpt":{"rendered":"<p>Papierowe znaki akcyzy naklejane na opakowania przejd\u0105 powa\u017cn\u0105 metamorfoz\u0119. Ju\u017c 1 lipca br. na sklepowych p\u00f3\u0142kach zaczn\u0105 pojawia\u0107 si\u0119 zupe\u0142nie inaczej wygl\u0105daj\u0105ce butelki z wyrobami winiarskimi. Banderole b\u0119d\u0105 mniejsze, ta\u0144sze, o innych kszta\u0142tach oraz naklejane w r\u00f3\u017cnych miejscach.<\/p>\n","protected":false},"author":11,"featured_media":12256,"comment_status":"open","ping_status":"open","sticky":false,"template":"","format":"standard","meta":{"footnotes":""},"categories":[22,912,48,33,994],"tags":[1010],"class_list":["post-12255","post","type-post","status-publish","format-standard","has-post-thumbnail","hentry","category-przemysl-spirytusowy","category-conveniencertg","category-polecamy","category-rynek","category-sieci-handlowe","tag-akcyza-wino-cydr-banderola-handel"],"yoast_head":"<!-- This site is optimized with the Yoast SEO plugin v20.2.1 - https:\/\/yoast.com\/wordpress\/plugins\/seo\/ -->\n<title>Nowe banderole ju\u017c od 1 lipca | bikotech.pl<\/title>\n<meta name=\"robots\" content=\"index, follow, max-snippet:-1, max-image-preview:large, max-video-preview:-1\" \/>\n<link rel=\"canonical\" href=\"https:\/\/www.bikotech.pl\/index.php\/2021\/06\/22\/nowe-banderole-juz-od-1-lipca\/\" \/>\n<meta property=\"og:locale\" content=\"pl_PL\" \/>\n<meta property=\"og:type\" content=\"article\" \/>\n<meta property=\"og:title\" content=\"Nowe banderole ju\u017c od 1 lipca | bikotech.pl\" \/>\n<meta property=\"og:description\" content=\"Papierowe znaki akcyzy naklejane na opakowania przejd\u0105 powa\u017cn\u0105 metamorfoz\u0119. Ju\u017c 1 lipca br. na sklepowych p\u00f3\u0142kach zaczn\u0105 pojawia\u0107 si\u0119 zupe\u0142nie inaczej wygl\u0105daj\u0105ce butelki z wyrobami winiarskimi. Banderole b\u0119d\u0105 mniejsze, ta\u0144sze, o innych kszta\u0142tach oraz naklejane w r\u00f3\u017cnych miejscach.\" \/>\n<meta property=\"og:url\" content=\"https:\/\/www.bikotech.pl\/index.php\/2021\/06\/22\/nowe-banderole-juz-od-1-lipca\/\" \/>\n<meta property=\"og:site_name\" content=\"bikotech.pl\" \/>\n<meta property=\"article:published_time\" content=\"2021-06-22T10:48:37+00:00\" \/>\n<meta property=\"article:modified_time\" content=\"2021-06-22T11:10:52+00:00\" \/>\n<meta property=\"og:image\" content=\"https:\/\/www.bikotech.pl\/wp-content\/uploads\/2021\/06\/aplikacja-1024x793-1.jpg\" \/>\n\t<meta property=\"og:image:width\" content=\"1024\" \/>\n\t<meta property=\"og:image:height\" content=\"793\" \/>\n\t<meta property=\"og:image:type\" content=\"image\/jpeg\" \/>\n<meta name=\"author\" content=\"natalia\" \/>\n<meta name=\"twitter:card\" content=\"summary_large_image\" \/>\n<meta name=\"twitter:label1\" content=\"Napisane przez\" \/>\n\t<meta name=\"twitter:data1\" content=\"natalia\" \/>\n\t<meta name=\"twitter:label2\" content=\"Szacowany czas czytania\" \/>\n\t<meta name=\"twitter:data2\" content=\"5 minut\" \/>\n<script type=\"application\/ld+json\" class=\"yoast-schema-graph\">{\"@context\":\"https:\/\/schema.org\",\"@graph\":[{\"@type\":\"WebPage\",\"@id\":\"https:\/\/www.bikotech.pl\/index.php\/2021\/06\/22\/nowe-banderole-juz-od-1-lipca\/\",\"url\":\"https:\/\/www.bikotech.pl\/index.php\/2021\/06\/22\/nowe-banderole-juz-od-1-lipca\/\",\"name\":\"Nowe banderole ju\u017c od 1 lipca | bikotech.pl\",\"isPartOf\":{\"@id\":\"https:\/\/www.bikotech.pl\/#website\"},\"datePublished\":\"2021-06-22T10:48:37+00:00\",\"dateModified\":\"2021-06-22T11:10:52+00:00\",\"author\":{\"@id\":\"https:\/\/www.bikotech.pl\/#\/schema\/person\/124b5638088dc1c6cea6a124c315652f\"},\"breadcrumb\":{\"@id\":\"https:\/\/www.bikotech.pl\/index.php\/2021\/06\/22\/nowe-banderole-juz-od-1-lipca\/#breadcrumb\"},\"inLanguage\":\"pl-PL\",\"potentialAction\":[{\"@type\":\"ReadAction\",\"target\":[\"https:\/\/www.bikotech.pl\/index.php\/2021\/06\/22\/nowe-banderole-juz-od-1-lipca\/\"]}]},{\"@type\":\"BreadcrumbList\",\"@id\":\"https:\/\/www.bikotech.pl\/index.php\/2021\/06\/22\/nowe-banderole-juz-od-1-lipca\/#breadcrumb\",\"itemListElement\":[{\"@type\":\"ListItem\",\"position\":1,\"name\":\"Strona g\u0142\u00f3wna\",\"item\":\"https:\/\/www.bikotech.pl\/\"},{\"@type\":\"ListItem\",\"position\":2,\"name\":\"Nowe banderole ju\u017c od 1 lipca\"}]},{\"@type\":\"WebSite\",\"@id\":\"https:\/\/www.bikotech.pl\/#website\",\"url\":\"https:\/\/www.bikotech.pl\/\",\"name\":\"bikotech.pl\",\"description\":\"Innowacje, \u015brodowisko, technologie  - prosto i z sensem o przemy\u015ble spo\u017cywczym\",\"potentialAction\":[{\"@type\":\"SearchAction\",\"target\":{\"@type\":\"EntryPoint\",\"urlTemplate\":\"https:\/\/www.bikotech.pl\/?s={search_term_string}\"},\"query-input\":\"required name=search_term_string\"}],\"inLanguage\":\"pl-PL\"},{\"@type\":\"Person\",\"@id\":\"https:\/\/www.bikotech.pl\/#\/schema\/person\/124b5638088dc1c6cea6a124c315652f\",\"name\":\"natalia\",\"image\":{\"@type\":\"ImageObject\",\"inLanguage\":\"pl-PL\",\"@id\":\"https:\/\/www.bikotech.pl\/#\/schema\/person\/image\/\",\"url\":\"https:\/\/secure.gravatar.com\/avatar\/3bcf5457ae7578bc3030504001458ed6f84a959faa4b8579d74aa81e4fc16a71?s=96&d=mm&r=g\",\"contentUrl\":\"https:\/\/secure.gravatar.com\/avatar\/3bcf5457ae7578bc3030504001458ed6f84a959faa4b8579d74aa81e4fc16a71?s=96&d=mm&r=g\",\"caption\":\"natalia\"},\"url\":\"https:\/\/www.bikotech.pl\/index.php\/author\/natalia\/\"}]}<\/script>\n<!-- \/ Yoast SEO plugin. -->","yoast_head_json":{"title":"Nowe banderole ju\u017c od 1 lipca | bikotech.pl","robots":{"index":"index","follow":"follow","max-snippet":"max-snippet:-1","max-image-preview":"max-image-preview:large","max-video-preview":"max-video-preview:-1"},"canonical":"https:\/\/www.bikotech.pl\/index.php\/2021\/06\/22\/nowe-banderole-juz-od-1-lipca\/","og_locale":"pl_PL","og_type":"article","og_title":"Nowe banderole ju\u017c od 1 lipca | bikotech.pl","og_description":"Papierowe znaki akcyzy naklejane na opakowania przejd\u0105 powa\u017cn\u0105 metamorfoz\u0119. Ju\u017c 1 lipca br. na sklepowych p\u00f3\u0142kach zaczn\u0105 pojawia\u0107 si\u0119 zupe\u0142nie inaczej wygl\u0105daj\u0105ce butelki z wyrobami winiarskimi. Banderole b\u0119d\u0105 mniejsze, ta\u0144sze, o innych kszta\u0142tach oraz naklejane w r\u00f3\u017cnych miejscach.","og_url":"https:\/\/www.bikotech.pl\/index.php\/2021\/06\/22\/nowe-banderole-juz-od-1-lipca\/","og_site_name":"bikotech.pl","article_published_time":"2021-06-22T10:48:37+00:00","article_modified_time":"2021-06-22T11:10:52+00:00","og_image":[{"width":1024,"height":793,"url":"https:\/\/www.bikotech.pl\/wp-content\/uploads\/2021\/06\/aplikacja-1024x793-1.jpg","type":"image\/jpeg"}],"author":"natalia","twitter_card":"summary_large_image","twitter_misc":{"Napisane przez":"natalia","Szacowany czas czytania":"5 minut"},"schema":{"@context":"https:\/\/schema.org","@graph":[{"@type":"WebPage","@id":"https:\/\/www.bikotech.pl\/index.php\/2021\/06\/22\/nowe-banderole-juz-od-1-lipca\/","url":"https:\/\/www.bikotech.pl\/index.php\/2021\/06\/22\/nowe-banderole-juz-od-1-lipca\/","name":"Nowe banderole ju\u017c od 1 lipca | bikotech.pl","isPartOf":{"@id":"https:\/\/www.bikotech.pl\/#website"},"datePublished":"2021-06-22T10:48:37+00:00","dateModified":"2021-06-22T11:10:52+00:00","author":{"@id":"https:\/\/www.bikotech.pl\/#\/schema\/person\/124b5638088dc1c6cea6a124c315652f"},"breadcrumb":{"@id":"https:\/\/www.bikotech.pl\/index.php\/2021\/06\/22\/nowe-banderole-juz-od-1-lipca\/#breadcrumb"},"inLanguage":"pl-PL","potentialAction":[{"@type":"ReadAction","target":["https:\/\/www.bikotech.pl\/index.php\/2021\/06\/22\/nowe-banderole-juz-od-1-lipca\/"]}]},{"@type":"BreadcrumbList","@id":"https:\/\/www.bikotech.pl\/index.php\/2021\/06\/22\/nowe-banderole-juz-od-1-lipca\/#breadcrumb","itemListElement":[{"@type":"ListItem","position":1,"name":"Strona g\u0142\u00f3wna","item":"https:\/\/www.bikotech.pl\/"},{"@type":"ListItem","position":2,"name":"Nowe banderole ju\u017c od 1 lipca"}]},{"@type":"WebSite","@id":"https:\/\/www.bikotech.pl\/#website","url":"https:\/\/www.bikotech.pl\/","name":"bikotech.pl","description":"Innowacje, \u015brodowisko, technologie  - prosto i z sensem o przemy\u015ble spo\u017cywczym","potentialAction":[{"@type":"SearchAction","target":{"@type":"EntryPoint","urlTemplate":"https:\/\/www.bikotech.pl\/?s={search_term_string}"},"query-input":"required name=search_term_string"}],"inLanguage":"pl-PL"},{"@type":"Person","@id":"https:\/\/www.bikotech.pl\/#\/schema\/person\/124b5638088dc1c6cea6a124c315652f","name":"natalia","image":{"@type":"ImageObject","inLanguage":"pl-PL","@id":"https:\/\/www.bikotech.pl\/#\/schema\/person\/image\/","url":"https:\/\/secure.gravatar.com\/avatar\/3bcf5457ae7578bc3030504001458ed6f84a959faa4b8579d74aa81e4fc16a71?s=96&d=mm&r=g","contentUrl":"https:\/\/secure.gravatar.com\/avatar\/3bcf5457ae7578bc3030504001458ed6f84a959faa4b8579d74aa81e4fc16a71?s=96&d=mm&r=g","caption":"natalia"},"url":"https:\/\/www.bikotech.pl\/index.php\/author\/natalia\/"}]}},"_links":{"self":[{"href":"https:\/\/www.bikotech.pl\/index.php\/wp-json\/wp\/v2\/posts\/12255","targetHints":{"allow":["GET"]}}],"collection":[{"href":"https:\/\/www.bikotech.pl\/index.php\/wp-json\/wp\/v2\/posts"}],"about":[{"href":"https:\/\/www.bikotech.pl\/index.php\/wp-json\/wp\/v2\/types\/post"}],"author":[{"embeddable":true,"href":"https:\/\/www.bikotech.pl\/index.php\/wp-json\/wp\/v2\/users\/11"}],"replies":[{"embeddable":true,"href":"https:\/\/www.bikotech.pl\/index.php\/wp-json\/wp\/v2\/comments?post=12255"}],"version-history":[{"count":2,"href":"https:\/\/www.bikotech.pl\/index.php\/wp-json\/wp\/v2\/posts\/12255\/revisions"}],"predecessor-version":[{"id":12259,"href":"https:\/\/www.bikotech.pl\/index.php\/wp-json\/wp\/v2\/posts\/12255\/revisions\/12259"}],"wp:featuredmedia":[{"embeddable":true,"href":"https:\/\/www.bikotech.pl\/index.php\/wp-json\/wp\/v2\/media\/12256"}],"wp:attachment":[{"href":"https:\/\/www.bikotech.pl\/index.php\/wp-json\/wp\/v2\/media?parent=12255"}],"wp:term":[{"taxonomy":"category","embeddable":true,"href":"https:\/\/www.bikotech.pl\/index.php\/wp-json\/wp\/v2\/categories?post=12255"},{"taxonomy":"post_tag","embeddable":true,"href":"https:\/\/www.bikotech.pl\/index.php\/wp-json\/wp\/v2\/tags?post=12255"}],"curies":[{"name":"wp","href":"https:\/\/api.w.org\/{rel}","templated":true}]}}